{"id":47600,"date":"2025-01-07T15:00:21","date_gmt":"2025-01-07T21:00:21","guid":{"rendered":"https:\/\/cuernavaca.gob.mx\/?p=47600"},"modified":"2025-01-07T16:00:42","modified_gmt":"2025-01-07T22:00:42","slug":"b10-07-02-25-jose-luis-uriostegui-se-suma-a-la-preservacion-y-conservacion-del-bosque-de-agua","status":"publish","type":"post","link":"https:\/\/cuernavaca.gob.mx\/?p=47600","title":{"rendered":"B10 07\/02\/25 JOS\u00c9 LUIS URI\u00d3STEGUI SE SUMA A LA PRESERVACI\u00d3N Y CONSERVACI\u00d3N DEL BOSQUE DE AGUA"},"content":{"rendered":"<p><strong>\u2022 El Municipio de Cuernavaca participar\u00e1 en estrategia interinstitucional que incluye operativos para inspeccionar, vigilar y combatir la extracci\u00f3n ilegal de recursos forestales<\/strong><\/p>\n<p>En seguimiento a las pol\u00edticas ambientales que se han impulsado desde el Ayuntamiento de Cuernavaca, Jos\u00e9 Luis Uri\u00f3stegui Salgado, presidente municipal, se sum\u00f3 este martes, a la estrategia interinstitucional entre los gobiernos de Morelos, Ciudad de M\u00e9xico y el Estado de M\u00e9xico para proteger el Bosque de Agua, corredor forestal fundamental para la recarga acu\u00edfera de la ciudad capital, y que est\u00e1 siendo gravemente afectado por la tala ilegal, la extracci\u00f3n de tierras de monte y cambios no autorizados en el uso del suelo.<\/p>\n<p>Teniendo como escenario el Bosque de Chapultepec, en la Ciudad de M\u00e9xico, el alcalde capitalino celebr\u00f3 el arranque de esta primera acci\u00f3n coordinada metropolitana que, si bien se impulsa desde el \u00e1mbito gubernamental, tambi\u00e9n involucra a las comunidades asentadas en las 800 mil hect\u00e1reas de bosque y a las zonas conurbadas como Cuernavaca, Toluca y la propia Ciudad de M\u00e9xico, lo cual es determinante para garantizar la preservaci\u00f3n de esta principal fuente de abastecimiento de agua en toda la regi\u00f3n.<\/p>\n<p>El convenio signado por las gobernadoras de Morelos, Estado de M\u00e9xico y Ciudad de M\u00e9xico, Margarita Gonz\u00e1lez Saravia, Delfina G\u00f3mez \u00c1lvarez y Clara Brugada Molina, respectivamente, establece entre otros puntos, acciones colaborativas en operativos para inspeccionar, vigilar y combatir la extracci\u00f3n ilegal de recursos forestales; adem\u00e1s de desincentivar la tala y frenar los cambios de uso de suelo ilegales, pero de igual forma compromete a cada una de las partes a proporcionar los recursos naturales y log\u00edsticos incluyendo espacios f\u00edsicos para el aseguramiento, traslado, conservaci\u00f3n y resguardo temporal de bienes asegurados y decomisados.<\/p>\n<p>Este acuerdo, tambi\u00e9n impulsa la necesidad de presentar denuncias penales por delitos forestales que coadyuven en la integraci\u00f3n de carpetas de investigaci\u00f3n, lo cual permitir\u00e1 compartir informaci\u00f3n sobre los il\u00edcitos a fin de frenarlos, y sienta las bases para hacer la donaci\u00f3n y utilizaci\u00f3n de esta madera que se asegura y decomisa para fines p\u00fablicos.<\/p>\n<p>En su intervenci\u00f3n, la gobernadora de Morelos, Margarita Gonz\u00e1lez Saravia, destac\u00f3 la presencia de Jos\u00e9 Luis Uri\u00f3stegui Salgado, edil de Cuernavaca y de C\u00e9sar D\u00e1vila D\u00edaz, alcalde de Huitzilac, en este hist\u00f3rico convenio que refleja la voluntad y responsabilidad compartida para proteger a este coraz\u00f3n h\u00eddrico y ambiental, como es el Bosque de Agua que representa una de las mayores riquezas naturales en el estado de Morelos, al garantizar el suministro de agua potable para el valle de Cuernavaca, Cuautla y Yautepec, logrando mantener el equilibrio clim\u00e1tico en la regi\u00f3n.<\/p>\n<p>Cabe mencionar que, el convenio fue firmado tambi\u00e9n por la secretaria de Medio Ambiente y Recursos Naturales de M\u00e9xico, Alicia B\u00e1rcena Ibarra; la procuradora federal de Protecci\u00f3n al Ambiente, Mariana Boy Tamborrel, y la coordinadora de Uni\u00f3n de Brigadas de la Cuenca Alta del R\u00edo Amacuzac, Lucero Gonz\u00e1lez; asimismo se cont\u00f3 con la presencia del General de Divisi\u00f3n Diplomado Estado Mayor, Francisco Jes\u00fas Leana Ojeda, comandante de la Primera Regi\u00f3n Militar, en representaci\u00f3n del Secretario de la Defensa.<\/p>\n\n\t\t<style type=\"text\/css\">\n\t\t\t#gallery-1 {\n\t\t\t\tmargin: auto;\n\t\t\t}\n\t\t\t#gallery-1 .gallery-item {\n\t\t\t\tfloat: left;\n\t\t\t\tmargin-top: 10px;\n\t\t\t\ttext-align: center;\n\t\t\t\twidth: 33%;\n\t\t\t}\n\t\t\t#gallery-1 img {\n\t\t\t\tborder: 2px solid #cfcfcf;\n\t\t\t}\n\t\t\t#gallery-1 .gallery-caption {\n\t\t\t\tmargin-left: 0;\n\t\t\t}\n\t\t\t\/* see gallery_shortcode() in wp-includes\/media.php *\/\n\t\t<\/style>\n\t\t<div id='gallery-1' class='gallery galleryid-47600 gallery-columns-3 gallery-size-thumbnail'><dl class='gallery-item'>\n\t\t\t<dt class='gallery-icon landscape'>\n\t\t\t\t<a href='https:\/\/cuernavaca.gob.mx\/?attachment_id=47601'><img width=\"150\" height=\"150\" src=\"https:\/\/cuernavaca.gob.mx\/wp-content\/uploads\/2025\/01\/JOSE\u0301-LUIS-URIO\u0301STEGUI-SE-SUMA-A-LA-PRESERVACIO\u0301N-Y-CONSERVACIO\u0301N-DEL-BOSQUE-DE-AGUA-1-150x150.jpg\" class=\"attachment-thumbnail size-thumbnail\" alt=\"\" loading=\"lazy\" \/><\/a>\n\t\t\t<\/dt><\/dl><dl class='gallery-item'>\n\t\t\t<dt class='gallery-icon landscape'>\n\t\t\t\t<a href='https:\/\/cuernavaca.gob.mx\/?attachment_id=47602'><img width=\"150\" height=\"150\" src=\"https:\/\/cuernavaca.gob.mx\/wp-content\/uploads\/2025\/01\/JOSE\u0301-LUIS-URIO\u0301STEGUI-SE-SUMA-A-LA-PRESERVACIO\u0301N-Y-CONSERVACIO\u0301N-DEL-BOSQUE-DE-AGUA-2-150x150.jpg\" class=\"attachment-thumbnail size-thumbnail\" alt=\"\" loading=\"lazy\" \/><\/a>\n\t\t\t<\/dt><\/dl><dl class='gallery-item'>\n\t\t\t<dt class='gallery-icon landscape'>\n\t\t\t\t<a href='https:\/\/cuernavaca.gob.mx\/?attachment_id=47603'><img width=\"150\" height=\"150\" src=\"https:\/\/cuernavaca.gob.mx\/wp-content\/uploads\/2025\/01\/JOSE\u0301-LUIS-URIO\u0301STEGUI-SE-SUMA-A-LA-PRESERVACIO\u0301N-Y-CONSERVACIO\u0301N-DEL-BOSQUE-DE-AGUA-3-150x150.jpg\" class=\"attachment-thumbnail size-thumbnail\" alt=\"\" loading=\"lazy\" \/><\/a>\n\t\t\t<\/dt><\/dl><br style=\"clear: both\" \/><dl class='gallery-item'>\n\t\t\t<dt class='gallery-icon landscape'>\n\t\t\t\t<a href='https:\/\/cuernavaca.gob.mx\/?attachment_id=47604'><img width=\"150\" height=\"150\" src=\"https:\/\/cuernavaca.gob.mx\/wp-content\/uploads\/2025\/01\/JOSE\u0301-LUIS-URIO\u0301STEGUI-SE-SUMA-A-LA-PRESERVACIO\u0301N-Y-CONSERVACIO\u0301N-DEL-BOSQUE-DE-AGUA-4-150x150.jpg\" class=\"attachment-thumbnail size-thumbnail\" alt=\"\" loading=\"lazy\" \/><\/a>\n\t\t\t<\/dt><\/dl><dl class='gallery-item'>\n\t\t\t<dt class='gallery-icon landscape'>\n\t\t\t\t<a href='https:\/\/cuernavaca.gob.mx\/?attachment_id=47605'><img width=\"150\" height=\"150\" src=\"https:\/\/cuernavaca.gob.mx\/wp-content\/uploads\/2025\/01\/JOSE\u0301-LUIS-URIO\u0301STEGUI-SE-SUMA-A-LA-PRESERVACIO\u0301N-Y-CONSERVACIO\u0301N-DEL-BOSQUE-DE-AGUA-5-150x150.jpg\" class=\"attachment-thumbnail size-thumbnail\" alt=\"\" loading=\"lazy\" \/><\/a>\n\t\t\t<\/dt><\/dl><dl class='gallery-item'>\n\t\t\t<dt class='gallery-icon landscape'>\n\t\t\t\t<a href='https:\/\/cuernavaca.gob.mx\/?attachment_id=47606'><img width=\"150\" height=\"150\" src=\"https:\/\/cuernavaca.gob.mx\/wp-content\/uploads\/2025\/01\/JOSE\u0301-LUIS-URIO\u0301STEGUI-SE-SUMA-A-LA-PRESERVACIO\u0301N-Y-CONSERVACIO\u0301N-DEL-BOSQUE-DE-AGUA-6-150x150.jpg\" class=\"attachment-thumbnail size-thumbnail\" alt=\"\" loading=\"lazy\" \/><\/a>\n\t\t\t<\/dt><\/dl><br style=\"clear: both\" \/><dl class='gallery-item'>\n\t\t\t<dt class='gallery-icon landscape'>\n\t\t\t\t<a href='https:\/\/cuernavaca.gob.mx\/?attachment_id=47607'><img width=\"150\" height=\"150\" src=\"https:\/\/cuernavaca.gob.mx\/wp-content\/uploads\/2025\/01\/JOSE\u0301-LUIS-URIO\u0301STEGUI-SE-SUMA-A-LA-PRESERVACIO\u0301N-Y-CONSERVACIO\u0301N-DEL-BOSQUE-DE-AGUA-7-150x150.jpg\" class=\"attachment-thumbnail size-thumbnail\" alt=\"\" loading=\"lazy\" \/><\/a>\n\t\t\t<\/dt><\/dl><dl class='gallery-item'>\n\t\t\t<dt class='gallery-icon landscape'>\n\t\t\t\t<a href='https:\/\/cuernavaca.gob.mx\/?attachment_id=47608'><img width=\"150\" height=\"150\" src=\"https:\/\/cuernavaca.gob.mx\/wp-content\/uploads\/2025\/01\/JOSE\u0301-LUIS-URIO\u0301STEGUI-SE-SUMA-A-LA-PRESERVACIO\u0301N-Y-CONSERVACIO\u0301N-DEL-BOSQUE-DE-AGUA-8-150x150.jpg\" class=\"attachment-thumbnail size-thumbnail\" alt=\"\" loading=\"lazy\" \/><\/a>\n\t\t\t<\/dt><\/dl><dl class='gallery-item'>\n\t\t\t<dt class='gallery-icon landscape'>\n\t\t\t\t<a href='https:\/\/cuernavaca.gob.mx\/?attachment_id=47609'><img width=\"150\" height=\"150\" src=\"https:\/\/cuernavaca.gob.mx\/wp-content\/uploads\/2025\/01\/JOSE\u0301-LUIS-URIO\u0301STEGUI-SE-SUMA-A-LA-PRESERVACIO\u0301N-Y-CONSERVACIO\u0301N-DEL-BOSQUE-DE-AGUA-9-150x150.jpg\" class=\"attachment-thumbnail size-thumbnail\" alt=\"\" loading=\"lazy\" \/><\/a>\n\t\t\t<\/dt><\/dl><br style=\"clear: both\" \/><dl class='gallery-item'>\n\t\t\t<dt class='gallery-icon landscape'>\n\t\t\t\t<a href='https:\/\/cuernavaca.gob.mx\/?attachment_id=47610'><img width=\"150\" height=\"150\" src=\"https:\/\/cuernavaca.gob.mx\/wp-content\/uploads\/2025\/01\/JOSE\u0301-LUIS-URIO\u0301STEGUI-SE-SUMA-A-LA-PRESERVACIO\u0301N-Y-CONSERVACIO\u0301N-DEL-BOSQUE-DE-AGUA-10-150x150.jpg\" class=\"attachment-thumbnail size-thumbnail\" alt=\"\" loading=\"lazy\" \/><\/a>\n\t\t\t<\/dt><\/dl><dl class='gallery-item'>\n\t\t\t<dt class='gallery-icon landscape'>\n\t\t\t\t<a href='https:\/\/cuernavaca.gob.mx\/?attachment_id=47611'><img width=\"150\" height=\"150\" src=\"https:\/\/cuernavaca.gob.mx\/wp-content\/uploads\/2025\/01\/JOSE\u0301-LUIS-URIO\u0301STEGUI-SE-SUMA-A-LA-PRESERVACIO\u0301N-Y-CONSERVACIO\u0301N-DEL-BOSQUE-DE-AGUA-11-150x150.jpg\" class=\"attachment-thumbnail size-thumbnail\" alt=\"\" loading=\"lazy\" \/><\/a>\n\t\t\t<\/dt><\/dl>\n\t\t\t<br style='clear: both' \/>\n\t\t<\/div>\n\n","protected":false},"excerpt":{"rendered":"<p>\u2022 El Municipio de Cuernavaca participar\u00e1 en estrategia interinstitucional que incluye operativos para inspeccionar, vigilar y combatir la extracci\u00f3n ilegal de recursos forestales En seguimiento a las pol\u00edticas ambientales que se han impulsado desde el Ayuntamiento de Cuernavaca, Jos\u00e9 Luis Uri\u00f3stegui Salgado, presidente municipal, se sum\u00f3 este martes, a la estrategia interinstitucional entre los gobiernos [&hellip;]<\/p>\n","protected":false},"author":1,"featured_media":47610,"comment_status":"closed","ping_status":"open","sticky":false,"template":"","format":"standard","meta":[],"categories":[20],"tags":[395,121,120,206,2275,3974,3365,127,1616,2396],"aioseo_notices":[],"_links":{"self":[{"href":"https:\/\/cuernavaca.gob.mx\/index.php?rest_route=\/wp\/v2\/posts\/47600"}],"collection":[{"href":"https:\/\/cuernavaca.gob.mx\/index.php?rest_route=\/wp\/v2\/posts"}],"about":[{"href":"https:\/\/cuernavaca.gob.mx\/index.php?rest_route=\/wp\/v2\/types\/post"}],"author":[{"embeddable":true,"href":"https:\/\/cuernavaca.gob.mx\/index.php?rest_route=\/wp\/v2\/users\/1"}],"replies":[{"embeddable":true,"href":"https:\/\/cuernavaca.gob.mx\/index.php?rest_route=%2Fwp%2Fv2%2Fcomments&post=47600"}],"version-history":[{"count":1,"href":"https:\/\/cuernavaca.gob.mx\/index.php?rest_route=\/wp\/v2\/posts\/47600\/revisions"}],"predecessor-version":[{"id":47612,"href":"https:\/\/cuernavaca.gob.mx\/index.php?rest_route=\/wp\/v2\/posts\/47600\/revisions\/47612"}],"wp:featuredmedia":[{"embeddable":true,"href":"https:\/\/cuernavaca.gob.mx\/index.php?rest_route=\/wp\/v2\/media\/47610"}],"wp:attachment":[{"href":"https:\/\/cuernavaca.gob.mx\/index.php?rest_route=%2Fwp%2Fv2%2Fmedia&parent=47600"}],"wp:term":[{"taxonomy":"category","embeddable":true,"href":"https:\/\/cuernavaca.gob.mx\/index.php?rest_route=%2Fwp%2Fv2%2Fcategories&post=47600"},{"taxonomy":"post_tag","embeddable":true,"href":"https:\/\/cuernavaca.gob.mx\/index.php?rest_route=%2Fwp%2Fv2%2Ftags&post=47600"}],"curies":[{"name":"wp","href":"https:\/\/api.w.org\/{rel}","templated":true}]}}