{"id":47613,"date":"2025-01-07T19:00:17","date_gmt":"2025-01-08T01:00:17","guid":{"rendered":"https:\/\/cuernavaca.gob.mx\/?p=47613"},"modified":"2025-01-07T19:58:12","modified_gmt":"2025-01-08T01:58:12","slug":"b11-07-01-25-se-suma-jose-luis-uriostegui-al-programa-nacional-de-vivienda-para-el-bienestar","status":"publish","type":"post","link":"https:\/\/cuernavaca.gob.mx\/?p=47613","title":{"rendered":"B11 07\/01\/25 SE SUMA JOS\u00c9 LUIS URI\u00d3STEGUI AL PROGRAMA NACIONAL DE VIVIENDA PARA EL BIENESTAR\u00a0"},"content":{"rendered":"<div><strong>\u2022 A trav\u00e9s de un esfuerzo com\u00fan entre los distintos \u00f3rdenes de gobierno, se construir\u00e1n en Morelos 14 mil 400 viviendas que mejorar\u00e1n la calidad de vida de las familias morelenses\u00a0<\/strong><\/div>\n<div><\/div>\n<div>Con el objetivo de transformar la calidad de vida de miles de familias cuernavaquenses, Jos\u00e9 Luis Uri\u00f3stegui Salgado, presidente municipal de Cuernavaca, manifest\u00f3 su respaldo al programa H\u00e1bitat Morelos que a trav\u00e9s de un esfuerzo com\u00fan entre Gobierno Federal, Gobierno del Estado y los Ayuntamientos garantizar\u00e1 que cada morelense cuente con una vivienda digna y un entorno adecuado para su desarrollo, lo que significar\u00e1 un cambio para todas las personas beneficiadas.<\/div>\n<div><\/div>\n<div><\/div>\n<div>Al atestiguar la firma del convenio de colaboraci\u00f3n para el Programa Nacional de Vivienda para el Bienestar en Morelos, el alcalde capitalino se dirigi\u00f3 a las y los ediles presentes, a quienes afirm\u00f3 que, como responsables del bienestar de la poblaci\u00f3n, saben que el acceso a una vivienda digna es un derecho fundamental y una de las principales claves para el desarrollo integral de sus regiones. Por ello, subray\u00f3 que la creaci\u00f3n de este organismo descentralizado, impulsado por la gobernadora Margarita Gonz\u00e1lez Saravia, representa una acci\u00f3n visionaria que promover\u00e1 una coordinaci\u00f3n m\u00e1s eficiente entre los distintos niveles de gobierno y asegurar\u00e1 una rector\u00eda m\u00e1s eficaz de las pol\u00edticas habitacionales.<\/div>\n<div><\/div>\n<div><\/div>\n<div>Acompa\u00f1ado de la mandataria estatal y autoridades federales, Uri\u00f3stegui Salgado se\u00f1al\u00f3 que conforme al convenio celebrado, los municipios tienen la responsabilidad de dotar de reservas territoriales para que se construyan estas 14 mil 400 viviendas, as\u00ed como de dotar de servicios a pie de calle como agua potable, alumbrado p\u00fablico y urbanizaci\u00f3n m\u00ednima para que las viviendas no se encarezcan. Asimismo, destac\u00f3 la necesidad de otorgar est\u00edmulos fiscales, tanto en las licencias de construcci\u00f3n como de uso de suelo, con lo cual podr\u00e1n aportar a este gran beneficio.<\/div>\n<div><\/div>\n<div><\/div>\n<div>En la firma de convenio participaron Jes\u00fas Rosales Puebla, coordinador t\u00e9cnico del programa H\u00e1bitat Morelos; Edna Elena Vega Rangel, secretaria de Desarrollo Agrario Territorial y Urbano; Jos\u00e9 Alfonso Iracheta Carroll, director general del Instituto Nacional del Suelo Sustentable y Rodrigo Ch\u00e1vez Contreras, director general de la Comisi\u00f3n Nacional Vivienda.<\/div>\n<div>\n\n\t\t<style type=\"text\/css\">\n\t\t\t#gallery-1 {\n\t\t\t\tmargin: auto;\n\t\t\t}\n\t\t\t#gallery-1 .gallery-item {\n\t\t\t\tfloat: left;\n\t\t\t\tmargin-top: 10px;\n\t\t\t\ttext-align: center;\n\t\t\t\twidth: 33%;\n\t\t\t}\n\t\t\t#gallery-1 img {\n\t\t\t\tborder: 2px solid #cfcfcf;\n\t\t\t}\n\t\t\t#gallery-1 .gallery-caption {\n\t\t\t\tmargin-left: 0;\n\t\t\t}\n\t\t\t\/* see gallery_shortcode() in wp-includes\/media.php *\/\n\t\t<\/style>\n\t\t<div id='gallery-1' class='gallery galleryid-47613 gallery-columns-3 gallery-size-thumbnail'><dl class='gallery-item'>\n\t\t\t<dt class='gallery-icon landscape'>\n\t\t\t\t<a href='https:\/\/cuernavaca.gob.mx\/?attachment_id=47614'><img width=\"150\" height=\"150\" src=\"https:\/\/cuernavaca.gob.mx\/wp-content\/uploads\/2025\/01\/SE-SUMA-JOSE-LUIS-URIOSTEGUI-AL-PROGRAMA-NACIONAL-DE-VIVIENDA-PARA-EL-BIENESTAR-1-150x150.jpeg\" class=\"attachment-thumbnail size-thumbnail\" alt=\"\" loading=\"lazy\" \/><\/a>\n\t\t\t<\/dt><\/dl><dl class='gallery-item'>\n\t\t\t<dt class='gallery-icon landscape'>\n\t\t\t\t<a href='https:\/\/cuernavaca.gob.mx\/?attachment_id=47615'><img width=\"150\" height=\"150\" src=\"https:\/\/cuernavaca.gob.mx\/wp-content\/uploads\/2025\/01\/SE-SUMA-JOSE-LUIS-URIOSTEGUI-AL-PROGRAMA-NACIONAL-DE-VIVIENDA-PARA-EL-BIENESTAR-2-150x150.jpeg\" class=\"attachment-thumbnail size-thumbnail\" alt=\"\" loading=\"lazy\" \/><\/a>\n\t\t\t<\/dt><\/dl><dl class='gallery-item'>\n\t\t\t<dt class='gallery-icon landscape'>\n\t\t\t\t<a href='https:\/\/cuernavaca.gob.mx\/?attachment_id=47616'><img width=\"150\" height=\"150\" src=\"https:\/\/cuernavaca.gob.mx\/wp-content\/uploads\/2025\/01\/SE-SUMA-JOSE-LUIS-URIOSTEGUI-AL-PROGRAMA-NACIONAL-DE-VIVIENDA-PARA-EL-BIENESTAR-3-150x150.jpeg\" class=\"attachment-thumbnail size-thumbnail\" alt=\"\" loading=\"lazy\" \/><\/a>\n\t\t\t<\/dt><\/dl><br style=\"clear: both\" \/><dl class='gallery-item'>\n\t\t\t<dt class='gallery-icon landscape'>\n\t\t\t\t<a href='https:\/\/cuernavaca.gob.mx\/?attachment_id=47617'><img width=\"150\" height=\"150\" src=\"https:\/\/cuernavaca.gob.mx\/wp-content\/uploads\/2025\/01\/SE-SUMA-JOSE-LUIS-URIOSTEGUI-AL-PROGRAMA-NACIONAL-DE-VIVIENDA-PARA-EL-BIENESTAR-4-150x150.jpeg\" class=\"attachment-thumbnail size-thumbnail\" alt=\"\" loading=\"lazy\" \/><\/a>\n\t\t\t<\/dt><\/dl><dl class='gallery-item'>\n\t\t\t<dt class='gallery-icon landscape'>\n\t\t\t\t<a href='https:\/\/cuernavaca.gob.mx\/?attachment_id=47618'><img width=\"150\" height=\"150\" src=\"https:\/\/cuernavaca.gob.mx\/wp-content\/uploads\/2025\/01\/SE-SUMA-JOSE-LUIS-URIOSTEGUI-AL-PROGRAMA-NACIONAL-DE-VIVIENDA-PARA-EL-BIENESTAR-5-150x150.jpeg\" class=\"attachment-thumbnail size-thumbnail\" alt=\"\" loading=\"lazy\" \/><\/a>\n\t\t\t<\/dt><\/dl><dl class='gallery-item'>\n\t\t\t<dt class='gallery-icon landscape'>\n\t\t\t\t<a href='https:\/\/cuernavaca.gob.mx\/?attachment_id=47619'><img width=\"150\" height=\"150\" src=\"https:\/\/cuernavaca.gob.mx\/wp-content\/uploads\/2025\/01\/SE-SUMA-JOSE-LUIS-URIOSTEGUI-AL-PROGRAMA-NACIONAL-DE-VIVIENDA-PARA-EL-BIENESTAR-6-150x150.jpeg\" class=\"attachment-thumbnail size-thumbnail\" alt=\"\" loading=\"lazy\" \/><\/a>\n\t\t\t<\/dt><\/dl><br style=\"clear: both\" \/><dl class='gallery-item'>\n\t\t\t<dt class='gallery-icon landscape'>\n\t\t\t\t<a href='https:\/\/cuernavaca.gob.mx\/?attachment_id=47620'><img width=\"150\" height=\"150\" src=\"https:\/\/cuernavaca.gob.mx\/wp-content\/uploads\/2025\/01\/SE-SUMA-JOSE-LUIS-URIOSTEGUI-AL-PROGRAMA-NACIONAL-DE-VIVIENDA-PARA-EL-BIENESTAR-7-150x150.jpeg\" class=\"attachment-thumbnail size-thumbnail\" alt=\"\" loading=\"lazy\" \/><\/a>\n\t\t\t<\/dt><\/dl><dl class='gallery-item'>\n\t\t\t<dt class='gallery-icon landscape'>\n\t\t\t\t<a href='https:\/\/cuernavaca.gob.mx\/?attachment_id=47621'><img width=\"150\" height=\"150\" src=\"https:\/\/cuernavaca.gob.mx\/wp-content\/uploads\/2025\/01\/SE-SUMA-JOSE-LUIS-URIOSTEGUI-AL-PROGRAMA-NACIONAL-DE-VIVIENDA-PARA-EL-BIENESTAR-8-150x150.jpeg\" class=\"attachment-thumbnail size-thumbnail\" alt=\"\" loading=\"lazy\" \/><\/a>\n\t\t\t<\/dt><\/dl>\n\t\t\t<br style='clear: both' \/>\n\t\t<\/div>\n\n<\/div>\n","protected":false},"excerpt":{"rendered":"<p>\u2022 A trav\u00e9s de un esfuerzo com\u00fan entre los distintos \u00f3rdenes de gobierno, se construir\u00e1n en Morelos 14 mil 400 viviendas que mejorar\u00e1n la calidad de vida de las familias morelenses\u00a0 Con el objetivo de transformar la calidad de vida de miles de familias cuernavaquenses, Jos\u00e9 Luis Uri\u00f3stegui Salgado, presidente municipal de Cuernavaca, manifest\u00f3 su [&hellip;]<\/p>\n","protected":false},"author":1,"featured_media":47621,"comment_status":"closed","ping_status":"open","sticky":false,"template":"","format":"standard","meta":[],"categories":[20],"tags":[2938,916,3976,121,3975,120,206,127,1011,212],"aioseo_notices":[],"_links":{"self":[{"href":"https:\/\/cuernavaca.gob.mx\/index.php?rest_route=\/wp\/v2\/posts\/47613"}],"collection":[{"href":"https:\/\/cuernavaca.gob.mx\/index.php?rest_route=\/wp\/v2\/posts"}],"about":[{"href":"https:\/\/cuernavaca.gob.mx\/index.php?rest_route=\/wp\/v2\/types\/post"}],"author":[{"embeddable":true,"href":"https:\/\/cuernavaca.gob.mx\/index.php?rest_route=\/wp\/v2\/users\/1"}],"replies":[{"embeddable":true,"href":"https:\/\/cuernavaca.gob.mx\/index.php?rest_route=%2Fwp%2Fv2%2Fcomments&post=47613"}],"version-history":[{"count":2,"href":"https:\/\/cuernavaca.gob.mx\/index.php?rest_route=\/wp\/v2\/posts\/47613\/revisions"}],"predecessor-version":[{"id":47623,"href":"https:\/\/cuernavaca.gob.mx\/index.php?rest_route=\/wp\/v2\/posts\/47613\/revisions\/47623"}],"wp:featuredmedia":[{"embeddable":true,"href":"https:\/\/cuernavaca.gob.mx\/index.php?rest_route=\/wp\/v2\/media\/47621"}],"wp:attachment":[{"href":"https:\/\/cuernavaca.gob.mx\/index.php?rest_route=%2Fwp%2Fv2%2Fmedia&parent=47613"}],"wp:term":[{"taxonomy":"category","embeddable":true,"href":"https:\/\/cuernavaca.gob.mx\/index.php?rest_route=%2Fwp%2Fv2%2Fcategories&post=47613"},{"taxonomy":"post_tag","embeddable":true,"href":"https:\/\/cuernavaca.gob.mx\/index.php?rest_route=%2Fwp%2Fv2%2Ftags&post=47613"}],"curies":[{"name":"wp","href":"https:\/\/api.w.org\/{rel}","templated":true}]}}