{"id":47643,"date":"2025-01-08T15:05:41","date_gmt":"2025-01-08T21:05:41","guid":{"rendered":"https:\/\/cuernavaca.gob.mx\/?p=47643"},"modified":"2025-01-08T15:52:39","modified_gmt":"2025-01-08T21:52:39","slug":"b13-08-01-25-ayuntamiento-de-cuernavaca-implementara-operativo-de-seguridad-y-vialidad-por-el-regreso-a-clases","status":"publish","type":"post","link":"https:\/\/cuernavaca.gob.mx\/?p=47643","title":{"rendered":"B13 08\/01\/25 AYUNTAMIENTO DE CUERNAVACA IMPLEMENTAR\u00c1 OPERATIVO DE SEGURIDAD Y VIALIDAD POR EL REGRESO A CLASES"},"content":{"rendered":"<p><strong>\u2022 SEPRAC mantendr\u00e1 patrullajes y operativos de seguridad para garantizar la integridad f\u00edsica de la comunidad escolar<\/strong><\/p>\n<p>El Ayuntamiento de Cuernavaca, a trav\u00e9s de la Secretar\u00eda de Protecci\u00f3n y Auxilio Ciudadano (SEPRAC), est\u00e1 listo para implementar a primera hora de este jueves 09 de enero, un operativo especial de seguridad y vialidad en la ciudad, con el objetivo de garantizar un regreso a clases seguro, tanto para estudiantes como para la comunidad en general.<\/p>\n<p>Por instrucciones del presidente municipal, Jos\u00e9 Luis Uri\u00f3stegui Salgado, agentes de tr\u00e1nsito estar\u00e1n presentes en puntos estrat\u00e9gicos cerca de las principales instituciones educativas, particularmente en zonas de alto tr\u00e1fico, para reducir la congesti\u00f3n vehicular y mejorar la circulaci\u00f3n.<\/p>\n<p>En tanto, elementos de la Polic\u00eda Preventiva mantendr\u00e1 los patrullajes y operativos de seguridad para asegurar la integridad f\u00edsica de las ni\u00f1as, ni\u00f1os, adolescentes y j\u00f3venes que se desplacen hacia las escuelas y sus hogares, a fin de prevenir cualquier tipo de incidente.<\/p>\n<p>La SEPRAC recomienda a madres, padres, comunidad educativa y conductores salir con anticipaci\u00f3n, respetar los l\u00edmites de velocidad y el reglamento de tr\u00e1nsito, as\u00ed como utilizar v\u00edas alternas para evitar el incremento de tr\u00e1fico, especialmente en zonas escolares.<\/p>\n<p>El operativo busca generar un entorno m\u00e1s seguro para la comunidad escolar en Cuernavaca, y al mismo tiempo mitigar los problemas viales. Para cualquier reporte o auxilio, la SEPRAC tiene a la orden el n\u00famero de la Central de Emergencias del C4 de Cuernavaca, el 777 312 1274.<\/p>\n\n\t\t<style type=\"text\/css\">\n\t\t\t#gallery-1 {\n\t\t\t\tmargin: auto;\n\t\t\t}\n\t\t\t#gallery-1 .gallery-item {\n\t\t\t\tfloat: left;\n\t\t\t\tmargin-top: 10px;\n\t\t\t\ttext-align: center;\n\t\t\t\twidth: 33%;\n\t\t\t}\n\t\t\t#gallery-1 img {\n\t\t\t\tborder: 2px solid #cfcfcf;\n\t\t\t}\n\t\t\t#gallery-1 .gallery-caption {\n\t\t\t\tmargin-left: 0;\n\t\t\t}\n\t\t\t\/* see gallery_shortcode() in wp-includes\/media.php *\/\n\t\t<\/style>\n\t\t<div id='gallery-1' class='gallery galleryid-47643 gallery-columns-3 gallery-size-thumbnail'><dl class='gallery-item'>\n\t\t\t<dt class='gallery-icon landscape'>\n\t\t\t\t<a href='https:\/\/cuernavaca.gob.mx\/?attachment_id=47644'><img width=\"150\" height=\"150\" src=\"https:\/\/cuernavaca.gob.mx\/wp-content\/uploads\/2025\/01\/AYUNTAMIENTO-DE-CUERNAVACA-IMPLEMENTARA\u0301-OPERATIVO-DE-SEGURIDAD-Y-VIALIDAD-POR-EL-REGRESO-A-CLASES-1-150x150.jpg\" class=\"attachment-thumbnail size-thumbnail\" alt=\"\" loading=\"lazy\" \/><\/a>\n\t\t\t<\/dt><\/dl><dl class='gallery-item'>\n\t\t\t<dt class='gallery-icon landscape'>\n\t\t\t\t<a href='https:\/\/cuernavaca.gob.mx\/?attachment_id=47645'><img width=\"150\" height=\"150\" src=\"https:\/\/cuernavaca.gob.mx\/wp-content\/uploads\/2025\/01\/AYUNTAMIENTO-DE-CUERNAVACA-IMPLEMENTARA\u0301-OPERATIVO-DE-SEGURIDAD-Y-VIALIDAD-POR-EL-REGRESO-A-CLASES-2-150x150.jpg\" class=\"attachment-thumbnail size-thumbnail\" alt=\"\" loading=\"lazy\" \/><\/a>\n\t\t\t<\/dt><\/dl><dl class='gallery-item'>\n\t\t\t<dt class='gallery-icon landscape'>\n\t\t\t\t<a href='https:\/\/cuernavaca.gob.mx\/?attachment_id=47646'><img width=\"150\" height=\"150\" src=\"https:\/\/cuernavaca.gob.mx\/wp-content\/uploads\/2025\/01\/AYUNTAMIENTO-DE-CUERNAVACA-IMPLEMENTARA\u0301-OPERATIVO-DE-SEGURIDAD-Y-VIALIDAD-POR-EL-REGRESO-A-CLASES-3-150x150.jpg\" class=\"attachment-thumbnail size-thumbnail\" alt=\"\" loading=\"lazy\" \/><\/a>\n\t\t\t<\/dt><\/dl><br style=\"clear: both\" \/><dl class='gallery-item'>\n\t\t\t<dt class='gallery-icon landscape'>\n\t\t\t\t<a href='https:\/\/cuernavaca.gob.mx\/?attachment_id=47647'><img width=\"150\" height=\"150\" src=\"https:\/\/cuernavaca.gob.mx\/wp-content\/uploads\/2025\/01\/AYUNTAMIENTO-DE-CUERNAVACA-IMPLEMENTARA\u0301-OPERATIVO-DE-SEGURIDAD-Y-VIALIDAD-POR-EL-REGRESO-A-CLASES-4-150x150.jpg\" class=\"attachment-thumbnail size-thumbnail\" alt=\"\" loading=\"lazy\" \/><\/a>\n\t\t\t<\/dt><\/dl><dl class='gallery-item'>\n\t\t\t<dt class='gallery-icon landscape'>\n\t\t\t\t<a href='https:\/\/cuernavaca.gob.mx\/?attachment_id=47648'><img width=\"150\" height=\"150\" src=\"https:\/\/cuernavaca.gob.mx\/wp-content\/uploads\/2025\/01\/AYUNTAMIENTO-DE-CUERNAVACA-IMPLEMENTARA\u0301-OPERATIVO-DE-SEGURIDAD-Y-VIALIDAD-POR-EL-REGRESO-A-CLASES-5-150x150.jpg\" class=\"attachment-thumbnail size-thumbnail\" alt=\"\" loading=\"lazy\" \/><\/a>\n\t\t\t<\/dt><\/dl>\n\t\t\t<br style='clear: both' \/>\n\t\t<\/div>\n\n","protected":false},"excerpt":{"rendered":"<p>\u2022 SEPRAC mantendr\u00e1 patrullajes y operativos de seguridad para garantizar la integridad f\u00edsica de la comunidad escolar El Ayuntamiento de Cuernavaca, a trav\u00e9s de la Secretar\u00eda de Protecci\u00f3n y Auxilio Ciudadano (SEPRAC), est\u00e1 listo para implementar a primera hora de este jueves 09 de enero, un operativo especial de seguridad y vialidad en la ciudad, [&hellip;]<\/p>\n","protected":false},"author":1,"featured_media":47648,"comment_status":"closed","ping_status":"open","sticky":false,"template":"","format":"standard","meta":[],"categories":[17],"tags":[2582,121,1510,120,206,127,414,3978,125],"aioseo_notices":[],"_links":{"self":[{"href":"https:\/\/cuernavaca.gob.mx\/index.php?rest_route=\/wp\/v2\/posts\/47643"}],"collection":[{"href":"https:\/\/cuernavaca.gob.mx\/index.php?rest_route=\/wp\/v2\/posts"}],"about":[{"href":"https:\/\/cuernavaca.gob.mx\/index.php?rest_route=\/wp\/v2\/types\/post"}],"author":[{"embeddable":true,"href":"https:\/\/cuernavaca.gob.mx\/index.php?rest_route=\/wp\/v2\/users\/1"}],"replies":[{"embeddable":true,"href":"https:\/\/cuernavaca.gob.mx\/index.php?rest_route=%2Fwp%2Fv2%2Fcomments&post=47643"}],"version-history":[{"count":1,"href":"https:\/\/cuernavaca.gob.mx\/index.php?rest_route=\/wp\/v2\/posts\/47643\/revisions"}],"predecessor-version":[{"id":47649,"href":"https:\/\/cuernavaca.gob.mx\/index.php?rest_route=\/wp\/v2\/posts\/47643\/revisions\/47649"}],"wp:featuredmedia":[{"embeddable":true,"href":"https:\/\/cuernavaca.gob.mx\/index.php?rest_route=\/wp\/v2\/media\/47648"}],"wp:attachment":[{"href":"https:\/\/cuernavaca.gob.mx\/index.php?rest_route=%2Fwp%2Fv2%2Fmedia&parent=47643"}],"wp:term":[{"taxonomy":"category","embeddable":true,"href":"https:\/\/cuernavaca.gob.mx\/index.php?rest_route=%2Fwp%2Fv2%2Fcategories&post=47643"},{"taxonomy":"post_tag","embeddable":true,"href":"https:\/\/cuernavaca.gob.mx\/index.php?rest_route=%2Fwp%2Fv2%2Ftags&post=47643"}],"curies":[{"name":"wp","href":"https:\/\/api.w.org\/{rel}","templated":true}]}}