{"id":47650,"date":"2025-01-09T08:00:21","date_gmt":"2025-01-09T14:00:21","guid":{"rendered":"https:\/\/cuernavaca.gob.mx\/?p=47650"},"modified":"2025-01-09T10:33:12","modified_gmt":"2025-01-09T16:33:12","slug":"f02-09-01-25-jose-luis-uriostegui-nombra-a-nueva-titular-de-sipinna-cuernavaca","status":"publish","type":"post","link":"https:\/\/cuernavaca.gob.mx\/?p=47650","title":{"rendered":"F02 09\/01\/25 JOS\u00c9 LUIS URI\u00d3STEGUI NOMBRA A NUEVA TITULAR DE SIPINNA CUERNAVACA"},"content":{"rendered":"<p>El presidente municipal de Cuernavaca, Jos\u00e9 Luis Uri\u00f3stegui Salgado, tom\u00f3 protesta a Claudia Popoca Gonz\u00e1lez como nueva titular del Sistema de Protecci\u00f3n Integral de Ni\u00f1as, Ni\u00f1os y Adolescentes (SIPINNA) Cuernavaca, quien asumir\u00e1 la alta responsabilidad de liderar y coordinar las pol\u00edticas p\u00fablicas orientadas a garantizar los derechos y el bienestar de las infancias y adolescencias en el municipio.<\/p>\n<p>En el acto protocolario, el alcalde destac\u00f3 la importancia de reforzar los mecanismos de protecci\u00f3n, apoyo y desarrollo de ni\u00f1as, ni\u00f1os y adolescentes que en su administraci\u00f3n pasada fueron impulsados desde el Sistema Municipal DIF Cuernavaca, la Secretar\u00eda de Desarrollo Humano y Participaci\u00f3n Social, as\u00ed como el Instituto de la Mujer, especialmente en el contexto actual, en el que es fundamental abordar temas como educaci\u00f3n, salud mental, inclusi\u00f3n social y la protecci\u00f3n frente a situaciones de violencia.<\/p>\n<p>Uri\u00f3stegui Salgado expres\u00f3 su total respaldo a la nueva titular de SIPINNA Cuernavaca para que se logren avances significativos en esta materia, al recordar que este sistema fue creado e instalado por primera ocasi\u00f3n en la historia de la ciudad capital por el Ayuntamiento 2022- 2024 bajo la encomienda de abonar a mejorar la calidad de vida de las nuevas generaciones, lo cual asegurar\u00e1 el futuro de Cuernavaca.<\/p>\n\n\t\t<style type=\"text\/css\">\n\t\t\t#gallery-1 {\n\t\t\t\tmargin: auto;\n\t\t\t}\n\t\t\t#gallery-1 .gallery-item {\n\t\t\t\tfloat: left;\n\t\t\t\tmargin-top: 10px;\n\t\t\t\ttext-align: center;\n\t\t\t\twidth: 33%;\n\t\t\t}\n\t\t\t#gallery-1 img {\n\t\t\t\tborder: 2px solid #cfcfcf;\n\t\t\t}\n\t\t\t#gallery-1 .gallery-caption {\n\t\t\t\tmargin-left: 0;\n\t\t\t}\n\t\t\t\/* see gallery_shortcode() in wp-includes\/media.php *\/\n\t\t<\/style>\n\t\t<div id='gallery-1' class='gallery galleryid-47650 gallery-columns-3 gallery-size-thumbnail'><dl class='gallery-item'>\n\t\t\t<dt class='gallery-icon landscape'>\n\t\t\t\t<a href='https:\/\/cuernavaca.gob.mx\/?attachment_id=47651'><img width=\"150\" height=\"150\" src=\"https:\/\/cuernavaca.gob.mx\/wp-content\/uploads\/2025\/01\/JOSE\u0301-LUIS-URIO\u0301STEGUI-NOMBRA-A-NUEVA-TITULAR-DE-SIPINNA-CUERNAVACA-1-150x150.jpg\" class=\"attachment-thumbnail size-thumbnail\" alt=\"\" loading=\"lazy\" \/><\/a>\n\t\t\t<\/dt><\/dl><dl class='gallery-item'>\n\t\t\t<dt class='gallery-icon landscape'>\n\t\t\t\t<a href='https:\/\/cuernavaca.gob.mx\/?attachment_id=47652'><img width=\"150\" height=\"150\" src=\"https:\/\/cuernavaca.gob.mx\/wp-content\/uploads\/2025\/01\/JOSE\u0301-LUIS-URIO\u0301STEGUI-NOMBRA-A-NUEVA-TITULAR-DE-SIPINNA-CUERNAVACA-2-150x150.jpg\" class=\"attachment-thumbnail size-thumbnail\" alt=\"\" loading=\"lazy\" \/><\/a>\n\t\t\t<\/dt><\/dl><dl class='gallery-item'>\n\t\t\t<dt class='gallery-icon landscape'>\n\t\t\t\t<a href='https:\/\/cuernavaca.gob.mx\/?attachment_id=47653'><img width=\"150\" height=\"150\" src=\"https:\/\/cuernavaca.gob.mx\/wp-content\/uploads\/2025\/01\/JOSE\u0301-LUIS-URIO\u0301STEGUI-NOMBRA-A-NUEVA-TITULAR-DE-SIPINNA-CUERNAVACA-3-150x150.jpg\" class=\"attachment-thumbnail size-thumbnail\" alt=\"\" loading=\"lazy\" \/><\/a>\n\t\t\t<\/dt><\/dl><br style=\"clear: both\" \/><dl class='gallery-item'>\n\t\t\t<dt class='gallery-icon landscape'>\n\t\t\t\t<a href='https:\/\/cuernavaca.gob.mx\/?attachment_id=47654'><img width=\"150\" height=\"150\" src=\"https:\/\/cuernavaca.gob.mx\/wp-content\/uploads\/2025\/01\/JOSE\u0301-LUIS-URIO\u0301STEGUI-NOMBRA-A-NUEVA-TITULAR-DE-SIPINNA-CUERNAVACA-4-150x150.jpg\" class=\"attachment-thumbnail size-thumbnail\" alt=\"\" loading=\"lazy\" \/><\/a>\n\t\t\t<\/dt><\/dl>\n\t\t\t<br style='clear: both' \/>\n\t\t<\/div>\n\n","protected":false},"excerpt":{"rendered":"<p>El presidente municipal de Cuernavaca, Jos\u00e9 Luis Uri\u00f3stegui Salgado, tom\u00f3 protesta a Claudia Popoca Gonz\u00e1lez como nueva titular del Sistema de Protecci\u00f3n Integral de Ni\u00f1as, Ni\u00f1os y Adolescentes (SIPINNA) Cuernavaca, quien asumir\u00e1 la alta responsabilidad de liderar y coordinar las pol\u00edticas p\u00fablicas orientadas a garantizar los derechos y el bienestar de las infancias y adolescencias [&hellip;]<\/p>\n","protected":false},"author":1,"featured_media":47651,"comment_status":"closed","ping_status":"open","sticky":false,"template":"","format":"standard","meta":[],"categories":[20],"tags":[1024,121,1405,684,339,3979,120,206,127],"aioseo_notices":[],"_links":{"self":[{"href":"https:\/\/cuernavaca.gob.mx\/index.php?rest_route=\/wp\/v2\/posts\/47650"}],"collection":[{"href":"https:\/\/cuernavaca.gob.mx\/index.php?rest_route=\/wp\/v2\/posts"}],"about":[{"href":"https:\/\/cuernavaca.gob.mx\/index.php?rest_route=\/wp\/v2\/types\/post"}],"author":[{"embeddable":true,"href":"https:\/\/cuernavaca.gob.mx\/index.php?rest_route=\/wp\/v2\/users\/1"}],"replies":[{"embeddable":true,"href":"https:\/\/cuernavaca.gob.mx\/index.php?rest_route=%2Fwp%2Fv2%2Fcomments&post=47650"}],"version-history":[{"count":1,"href":"https:\/\/cuernavaca.gob.mx\/index.php?rest_route=\/wp\/v2\/posts\/47650\/revisions"}],"predecessor-version":[{"id":47655,"href":"https:\/\/cuernavaca.gob.mx\/index.php?rest_route=\/wp\/v2\/posts\/47650\/revisions\/47655"}],"wp:featuredmedia":[{"embeddable":true,"href":"https:\/\/cuernavaca.gob.mx\/index.php?rest_route=\/wp\/v2\/media\/47651"}],"wp:attachment":[{"href":"https:\/\/cuernavaca.gob.mx\/index.php?rest_route=%2Fwp%2Fv2%2Fmedia&parent=47650"}],"wp:term":[{"taxonomy":"category","embeddable":true,"href":"https:\/\/cuernavaca.gob.mx\/index.php?rest_route=%2Fwp%2Fv2%2Fcategories&post=47650"},{"taxonomy":"post_tag","embeddable":true,"href":"https:\/\/cuernavaca.gob.mx\/index.php?rest_route=%2Fwp%2Fv2%2Ftags&post=47650"}],"curies":[{"name":"wp","href":"https:\/\/api.w.org\/{rel}","templated":true}]}}