{"id":47656,"date":"2025-01-09T14:00:17","date_gmt":"2025-01-09T20:00:17","guid":{"rendered":"https:\/\/cuernavaca.gob.mx\/?p=47656"},"modified":"2025-01-09T16:34:50","modified_gmt":"2025-01-09T22:34:50","slug":"b14-09-01-25-jose-luis-uriostegui-y-empresarios-consolidan-frente-comun-para-impulsar-el-desarrollo-economico-de-cuernavaca","status":"publish","type":"post","link":"https:\/\/cuernavaca.gob.mx\/?p=47656","title":{"rendered":"B14 09\/01\/25 JOS\u00c9 LUIS URI\u00d3STEGUI Y EMPRESARIOS CONSOLIDAN FRENTE COM\u00daN PARA IMPULSAR EL DESARROLLO ECON\u00d3MICO DE CUERNAVACA"},"content":{"rendered":"<p><strong>\u2022 Representantes de distintas c\u00e1maras empresariales aplaudieron la apertura al di\u00e1logo del alcalde capitalino que desde la administraci\u00f3n pasada ha generado una sinergia que beneficia las actividades comerciales de la ciudad<\/strong><\/p>\n<p>El presidente municipal de Cuernavaca, Jos\u00e9 Luis Uri\u00f3stegui Salgado, sostuvo este jueves una fruct\u00edfera reuni\u00f3n con empresarios locales, con el objetivo de generar una estrecha colaboraci\u00f3n en materia de desarrollo econ\u00f3mico, adem\u00e1s de encontrar respuestas inmediatas y oportunas que beneficien las actividades comerciales de la ciudad.<\/p>\n<p>Esta primera reuni\u00f3n de trabajo de la administraci\u00f3n 2025- 2027 fue un espacio abierto para escuchar las inquietudes y propuestas de los distintos liderazgos de c\u00e1maras empresariales, quienes reconocieron la disposici\u00f3n del alcalde al di\u00e1logo para atender sus necesidades y crear una agenda de trabajo conjunta.<\/p>\n<p>Entre los puntos m\u00e1s destacados, se acord\u00f3 establecer l\u00edneas estrat\u00e9gicas de trabajo que favorezcan un clima de negocios y crecimiento m\u00e1s eficiente, promoviendo un entorno que impulse la recuperaci\u00f3n econ\u00f3mica de Cuernavaca.<\/p>\n<p>Acompa\u00f1ado de Marcos Manuel Su\u00e1rez Gerard, secretario de Desarrollo Econ\u00f3mico y Turismo; \u00d3scar Cano Mondrag\u00f3n, secretario del Ayuntamiento; de las regidoras Miriam Barajas Basilio y Paz Hern\u00e1ndez Pardo, as\u00ed como del regidor Alfredo Gonz\u00e1lez S\u00e1nchez, el edil expres\u00f3 su compromiso con el sector empresarial para seguir impulsando proyectos que beneficien, tanto a las empresas como a la poblaci\u00f3n en general, al subrayar la importancia de generar una coordinaci\u00f3n efectiva que permita rescatar y revitalizar la econom\u00eda local.<\/p>\n<p>Los representantes del sector privado se mostraron optimistas respecto a la posibilidad de que, con esta apertura al di\u00e1logo, se logren acuerdos que favorezcan a todos los sectores de la sociedad para continuar abonando al crecimiento y transformaci\u00f3n de la capital morelense.<\/p>\n<p>Este primer encuentro sienta las bases para una serie de mesas de trabajo y acuerdos que permitir\u00e1n agilizar tr\u00e1mites, fomentar la inversi\u00f3n y mejorar la competitividad de Cuernavaca en el \u00e1mbito econ\u00f3mico.<\/p>\n\n\t\t<style type=\"text\/css\">\n\t\t\t#gallery-1 {\n\t\t\t\tmargin: auto;\n\t\t\t}\n\t\t\t#gallery-1 .gallery-item {\n\t\t\t\tfloat: left;\n\t\t\t\tmargin-top: 10px;\n\t\t\t\ttext-align: center;\n\t\t\t\twidth: 33%;\n\t\t\t}\n\t\t\t#gallery-1 img {\n\t\t\t\tborder: 2px solid #cfcfcf;\n\t\t\t}\n\t\t\t#gallery-1 .gallery-caption {\n\t\t\t\tmargin-left: 0;\n\t\t\t}\n\t\t\t\/* see gallery_shortcode() in wp-includes\/media.php *\/\n\t\t<\/style>\n\t\t<div id='gallery-1' class='gallery galleryid-47656 gallery-columns-3 gallery-size-thumbnail'><dl class='gallery-item'>\n\t\t\t<dt class='gallery-icon landscape'>\n\t\t\t\t<a href='https:\/\/cuernavaca.gob.mx\/?attachment_id=47657'><img width=\"150\" height=\"150\" src=\"https:\/\/cuernavaca.gob.mx\/wp-content\/uploads\/2025\/01\/JOSE\u0301-LUIS-URIO\u0301STEGUI-Y-EMPRESARIOS-CONSOLIDAN-FRENTE-COMU\u0301N-PARA-IMPULSAR-EL-DESARROLLO-ECONO\u0301MICO-DE-CUERNAVACA-1-min-150x150.jpg\" class=\"attachment-thumbnail size-thumbnail\" alt=\"\" loading=\"lazy\" \/><\/a>\n\t\t\t<\/dt><\/dl><dl class='gallery-item'>\n\t\t\t<dt class='gallery-icon landscape'>\n\t\t\t\t<a href='https:\/\/cuernavaca.gob.mx\/?attachment_id=47658'><img width=\"150\" height=\"150\" src=\"https:\/\/cuernavaca.gob.mx\/wp-content\/uploads\/2025\/01\/JOSE\u0301-LUIS-URIO\u0301STEGUI-Y-EMPRESARIOS-CONSOLIDAN-FRENTE-COMU\u0301N-PARA-IMPULSAR-EL-DESARROLLO-ECONO\u0301MICO-DE-CUERNAVACA-2-min-150x150.jpg\" class=\"attachment-thumbnail size-thumbnail\" alt=\"\" loading=\"lazy\" \/><\/a>\n\t\t\t<\/dt><\/dl><dl class='gallery-item'>\n\t\t\t<dt class='gallery-icon landscape'>\n\t\t\t\t<a href='https:\/\/cuernavaca.gob.mx\/?attachment_id=47659'><img width=\"150\" height=\"150\" src=\"https:\/\/cuernavaca.gob.mx\/wp-content\/uploads\/2025\/01\/JOSE\u0301-LUIS-URIO\u0301STEGUI-Y-EMPRESARIOS-CONSOLIDAN-FRENTE-COMU\u0301N-PARA-IMPULSAR-EL-DESARROLLO-ECONO\u0301MICO-DE-CUERNAVACA-3-min-150x150.jpg\" class=\"attachment-thumbnail size-thumbnail\" alt=\"\" loading=\"lazy\" \/><\/a>\n\t\t\t<\/dt><\/dl><br style=\"clear: both\" \/><dl class='gallery-item'>\n\t\t\t<dt class='gallery-icon landscape'>\n\t\t\t\t<a href='https:\/\/cuernavaca.gob.mx\/?attachment_id=47660'><img width=\"150\" height=\"150\" src=\"https:\/\/cuernavaca.gob.mx\/wp-content\/uploads\/2025\/01\/JOSE\u0301-LUIS-URIO\u0301STEGUI-Y-EMPRESARIOS-CONSOLIDAN-FRENTE-COMU\u0301N-PARA-IMPULSAR-EL-DESARROLLO-ECONO\u0301MICO-DE-CUERNAVACA-4-min-150x150.jpg\" class=\"attachment-thumbnail size-thumbnail\" alt=\"\" loading=\"lazy\" \/><\/a>\n\t\t\t<\/dt><\/dl><dl class='gallery-item'>\n\t\t\t<dt class='gallery-icon landscape'>\n\t\t\t\t<a href='https:\/\/cuernavaca.gob.mx\/?attachment_id=47661'><img width=\"150\" height=\"150\" src=\"https:\/\/cuernavaca.gob.mx\/wp-content\/uploads\/2025\/01\/JOSE\u0301-LUIS-URIO\u0301STEGUI-Y-EMPRESARIOS-CONSOLIDAN-FRENTE-COMU\u0301N-PARA-IMPULSAR-EL-DESARROLLO-ECONO\u0301MICO-DE-CUERNAVACA-5-min-150x150.jpg\" class=\"attachment-thumbnail size-thumbnail\" alt=\"\" loading=\"lazy\" \/><\/a>\n\t\t\t<\/dt><\/dl><dl class='gallery-item'>\n\t\t\t<dt class='gallery-icon landscape'>\n\t\t\t\t<a href='https:\/\/cuernavaca.gob.mx\/?attachment_id=47662'><img width=\"150\" height=\"150\" src=\"https:\/\/cuernavaca.gob.mx\/wp-content\/uploads\/2025\/01\/JOSE\u0301-LUIS-URIO\u0301STEGUI-Y-EMPRESARIOS-CONSOLIDAN-FRENTE-COMU\u0301N-PARA-IMPULSAR-EL-DESARROLLO-ECONO\u0301MICO-DE-CUERNAVACA-6-min-150x150.jpg\" class=\"attachment-thumbnail size-thumbnail\" alt=\"\" loading=\"lazy\" \/><\/a>\n\t\t\t<\/dt><\/dl><br style=\"clear: both\" \/><dl class='gallery-item'>\n\t\t\t<dt class='gallery-icon landscape'>\n\t\t\t\t<a href='https:\/\/cuernavaca.gob.mx\/?attachment_id=47663'><img width=\"150\" height=\"150\" src=\"https:\/\/cuernavaca.gob.mx\/wp-content\/uploads\/2025\/01\/JOSE\u0301-LUIS-URIO\u0301STEGUI-Y-EMPRESARIOS-CONSOLIDAN-FRENTE-COMU\u0301N-PARA-IMPULSAR-EL-DESARROLLO-ECONO\u0301MICO-DE-CUERNAVACA-7-min-150x150.jpg\" class=\"attachment-thumbnail size-thumbnail\" alt=\"\" loading=\"lazy\" \/><\/a>\n\t\t\t<\/dt><\/dl><dl class='gallery-item'>\n\t\t\t<dt class='gallery-icon landscape'>\n\t\t\t\t<a href='https:\/\/cuernavaca.gob.mx\/?attachment_id=47664'><img width=\"150\" height=\"150\" src=\"https:\/\/cuernavaca.gob.mx\/wp-content\/uploads\/2025\/01\/JOSE\u0301-LUIS-URIO\u0301STEGUI-Y-EMPRESARIOS-CONSOLIDAN-FRENTE-COMU\u0301N-PARA-IMPULSAR-EL-DESARROLLO-ECONO\u0301MICO-DE-CUERNAVACA-8-min-150x150.jpg\" class=\"attachment-thumbnail size-thumbnail\" alt=\"\" loading=\"lazy\" \/><\/a>\n\t\t\t<\/dt><\/dl><dl class='gallery-item'>\n\t\t\t<dt class='gallery-icon landscape'>\n\t\t\t\t<a href='https:\/\/cuernavaca.gob.mx\/?attachment_id=47665'><img width=\"150\" height=\"150\" src=\"https:\/\/cuernavaca.gob.mx\/wp-content\/uploads\/2025\/01\/JOSE\u0301-LUIS-URIO\u0301STEGUI-Y-EMPRESARIOS-CONSOLIDAN-FRENTE-COMU\u0301N-PARA-IMPULSAR-EL-DESARROLLO-ECONO\u0301MICO-DE-CUERNAVACA-9-min-150x150.jpg\" class=\"attachment-thumbnail size-thumbnail\" alt=\"\" loading=\"lazy\" \/><\/a>\n\t\t\t<\/dt><\/dl><br style=\"clear: both\" \/><dl class='gallery-item'>\n\t\t\t<dt class='gallery-icon landscape'>\n\t\t\t\t<a href='https:\/\/cuernavaca.gob.mx\/?attachment_id=47666'><img width=\"150\" height=\"150\" src=\"https:\/\/cuernavaca.gob.mx\/wp-content\/uploads\/2025\/01\/JOSE\u0301-LUIS-URIO\u0301STEGUI-Y-EMPRESARIOS-CONSOLIDAN-FRENTE-COMU\u0301N-PARA-IMPULSAR-EL-DESARROLLO-ECONO\u0301MICO-DE-CUERNAVACA-10-min-150x150.jpg\" class=\"attachment-thumbnail size-thumbnail\" alt=\"\" loading=\"lazy\" \/><\/a>\n\t\t\t<\/dt><\/dl><dl class='gallery-item'>\n\t\t\t<dt class='gallery-icon landscape'>\n\t\t\t\t<a href='https:\/\/cuernavaca.gob.mx\/?attachment_id=47667'><img width=\"150\" height=\"150\" src=\"https:\/\/cuernavaca.gob.mx\/wp-content\/uploads\/2025\/01\/JOSE\u0301-LUIS-URIO\u0301STEGUI-Y-EMPRESARIOS-CONSOLIDAN-FRENTE-COMU\u0301N-PARA-IMPULSAR-EL-DESARROLLO-ECONO\u0301MICO-DE-CUERNAVACA-11-min-150x150.jpg\" class=\"attachment-thumbnail size-thumbnail\" alt=\"\" loading=\"lazy\" \/><\/a>\n\t\t\t<\/dt><\/dl><dl class='gallery-item'>\n\t\t\t<dt class='gallery-icon landscape'>\n\t\t\t\t<a href='https:\/\/cuernavaca.gob.mx\/?attachment_id=47668'><img width=\"150\" height=\"150\" src=\"https:\/\/cuernavaca.gob.mx\/wp-content\/uploads\/2025\/01\/JOSE\u0301-LUIS-URIO\u0301STEGUI-Y-EMPRESARIOS-CONSOLIDAN-FRENTE-COMU\u0301N-PARA-IMPULSAR-EL-DESARROLLO-ECONO\u0301MICO-DE-CUERNAVACA-12-min-150x150.jpg\" class=\"attachment-thumbnail size-thumbnail\" alt=\"\" loading=\"lazy\" \/><\/a>\n\t\t\t<\/dt><\/dl><br style=\"clear: both\" \/><dl class='gallery-item'>\n\t\t\t<dt class='gallery-icon landscape'>\n\t\t\t\t<a href='https:\/\/cuernavaca.gob.mx\/?attachment_id=47669'><img width=\"150\" height=\"150\" src=\"https:\/\/cuernavaca.gob.mx\/wp-content\/uploads\/2025\/01\/JOSE\u0301-LUIS-URIO\u0301STEGUI-Y-EMPRESARIOS-CONSOLIDAN-FRENTE-COMU\u0301N-PARA-IMPULSAR-EL-DESARROLLO-ECONO\u0301MICO-DE-CUERNAVACA-13-min-150x150.jpg\" class=\"attachment-thumbnail size-thumbnail\" alt=\"\" loading=\"lazy\" \/><\/a>\n\t\t\t<\/dt><\/dl><dl class='gallery-item'>\n\t\t\t<dt class='gallery-icon landscape'>\n\t\t\t\t<a href='https:\/\/cuernavaca.gob.mx\/?attachment_id=47670'><img width=\"150\" height=\"150\" src=\"https:\/\/cuernavaca.gob.mx\/wp-content\/uploads\/2025\/01\/JOSE\u0301-LUIS-URIO\u0301STEGUI-Y-EMPRESARIOS-CONSOLIDAN-FRENTE-COMU\u0301N-PARA-IMPULSAR-EL-DESARROLLO-ECONO\u0301MICO-DE-CUERNAVACA-14-min-150x150.jpg\" class=\"attachment-thumbnail size-thumbnail\" alt=\"\" loading=\"lazy\" \/><\/a>\n\t\t\t<\/dt><\/dl><dl class='gallery-item'>\n\t\t\t<dt class='gallery-icon landscape'>\n\t\t\t\t<a href='https:\/\/cuernavaca.gob.mx\/?attachment_id=47671'><img width=\"150\" height=\"150\" src=\"https:\/\/cuernavaca.gob.mx\/wp-content\/uploads\/2025\/01\/JOSE\u0301-LUIS-URIO\u0301STEGUI-Y-EMPRESARIOS-CONSOLIDAN-FRENTE-COMU\u0301N-PARA-IMPULSAR-EL-DESARROLLO-ECONO\u0301MICO-DE-CUERNAVACA-15-min-150x150.jpg\" class=\"attachment-thumbnail size-thumbnail\" alt=\"\" loading=\"lazy\" \/><\/a>\n\t\t\t<\/dt><\/dl><br style=\"clear: both\" \/><dl class='gallery-item'>\n\t\t\t<dt class='gallery-icon landscape'>\n\t\t\t\t<a href='https:\/\/cuernavaca.gob.mx\/?attachment_id=47672'><img width=\"150\" height=\"150\" src=\"https:\/\/cuernavaca.gob.mx\/wp-content\/uploads\/2025\/01\/JOSE\u0301-LUIS-URIO\u0301STEGUI-Y-EMPRESARIOS-CONSOLIDAN-FRENTE-COMU\u0301N-PARA-IMPULSAR-EL-DESARROLLO-ECONO\u0301MICO-DE-CUERNAVACA-16-min-150x150.jpg\" class=\"attachment-thumbnail size-thumbnail\" alt=\"\" loading=\"lazy\" \/><\/a>\n\t\t\t<\/dt><\/dl>\n\t\t\t<br style='clear: both' \/>\n\t\t<\/div>\n\n","protected":false},"excerpt":{"rendered":"<p>\u2022 Representantes de distintas c\u00e1maras empresariales aplaudieron la apertura al di\u00e1logo del alcalde capitalino que desde la administraci\u00f3n pasada ha generado una sinergia que beneficia las actividades comerciales de la ciudad El presidente municipal de Cuernavaca, Jos\u00e9 Luis Uri\u00f3stegui Salgado, sostuvo este jueves una fruct\u00edfera reuni\u00f3n con empresarios locales, con el objetivo de generar una [&hellip;]<\/p>\n","protected":false},"author":1,"featured_media":47666,"comment_status":"closed","ping_status":"open","sticky":false,"template":"","format":"standard","meta":[],"categories":[2294],"tags":[121,375,489,120,206,127,3980],"aioseo_notices":[],"_links":{"self":[{"href":"https:\/\/cuernavaca.gob.mx\/index.php?rest_route=\/wp\/v2\/posts\/47656"}],"collection":[{"href":"https:\/\/cuernavaca.gob.mx\/index.php?rest_route=\/wp\/v2\/posts"}],"about":[{"href":"https:\/\/cuernavaca.gob.mx\/index.php?rest_route=\/wp\/v2\/types\/post"}],"author":[{"embeddable":true,"href":"https:\/\/cuernavaca.gob.mx\/index.php?rest_route=\/wp\/v2\/users\/1"}],"replies":[{"embeddable":true,"href":"https:\/\/cuernavaca.gob.mx\/index.php?rest_route=%2Fwp%2Fv2%2Fcomments&post=47656"}],"version-history":[{"count":1,"href":"https:\/\/cuernavaca.gob.mx\/index.php?rest_route=\/wp\/v2\/posts\/47656\/revisions"}],"predecessor-version":[{"id":47673,"href":"https:\/\/cuernavaca.gob.mx\/index.php?rest_route=\/wp\/v2\/posts\/47656\/revisions\/47673"}],"wp:featuredmedia":[{"embeddable":true,"href":"https:\/\/cuernavaca.gob.mx\/index.php?rest_route=\/wp\/v2\/media\/47666"}],"wp:attachment":[{"href":"https:\/\/cuernavaca.gob.mx\/index.php?rest_route=%2Fwp%2Fv2%2Fmedia&parent=47656"}],"wp:term":[{"taxonomy":"category","embeddable":true,"href":"https:\/\/cuernavaca.gob.mx\/index.php?rest_route=%2Fwp%2Fv2%2Fcategories&post=47656"},{"taxonomy":"post_tag","embeddable":true,"href":"https:\/\/cuernavaca.gob.mx\/index.php?rest_route=%2Fwp%2Fv2%2Ftags&post=47656"}],"curies":[{"name":"wp","href":"https:\/\/api.w.org\/{rel}","templated":true}]}}