{"id":47674,"date":"2025-01-10T10:15:10","date_gmt":"2025-01-10T16:15:10","guid":{"rendered":"https:\/\/cuernavaca.gob.mx\/?p=47674"},"modified":"2025-01-10T10:15:10","modified_gmt":"2025-01-10T16:15:10","slug":"b15-10-01-25-jose-luis-uriostegui-participa-en-la-primera-sesion-presencial-de-la-mesa-regional-de-construccion-de-paz","status":"publish","type":"post","link":"https:\/\/cuernavaca.gob.mx\/?p=47674","title":{"rendered":"B15 10\/01\/25 JOS\u00c9 LUIS URI\u00d3STEGUI PARTICIPA EN LA PRIMERA SESI\u00d3N PRESENCIAL DE LA MESA REGIONAL DE CONSTRUCCI\u00d3N DE PAZ"},"content":{"rendered":"<p>\u2022 Alcalde de Cuernavaca refrenda su compromiso por generar esfuerzos conjuntos para garantizar la tranquilidad de la poblaci\u00f3n<\/p>\n<p>En un esfuerzo por fortalecer los lazos de colaboraci\u00f3n entre los municipios de la regi\u00f3n, el alcalde de Cuernavaca, Jos\u00e9 Luis Uri\u00f3stegui Salgado, particip\u00f3 este viernes en la primera sesi\u00f3n presencial de la Mesa de Coordinaci\u00f3n Regional de Construcci\u00f3n de la Paz, celebrada en el 21\/o. Batall\u00f3n de Infanter\u00eda, donde reafirm\u00f3 el compromiso de generar estrategias conjuntas que mejoren las condiciones de seguridad en el territorio.<\/p>\n<p>Durante la sesi\u00f3n, alcaldesas y alcaldes, as\u00ed como representantes de diversos municipios discutieron temas prioritarios para el desarrollo de la regi\u00f3n, incluyendo la seguridad, infraestructura y el bienestar social.<\/p>\n<p>Uri\u00f3stegui Salgado destac\u00f3 la importancia de trabajar de manera conjunta para resolver los desaf\u00edos comunes y promover un desarrollo equilibrado para todas las comunidades.<\/p>\n<p>La mesa de trabajo permiti\u00f3 ser una plataforma clave para el intercambio de propuestas y estrategias, entre los distintos actores pol\u00edticos y administrativos presentes, con el objetivo de lograr soluciones efectivas a los problemas m\u00e1s apremiantes.<\/p>\n\n\t\t<style type=\"text\/css\">\n\t\t\t#gallery-1 {\n\t\t\t\tmargin: auto;\n\t\t\t}\n\t\t\t#gallery-1 .gallery-item {\n\t\t\t\tfloat: left;\n\t\t\t\tmargin-top: 10px;\n\t\t\t\ttext-align: center;\n\t\t\t\twidth: 33%;\n\t\t\t}\n\t\t\t#gallery-1 img {\n\t\t\t\tborder: 2px solid #cfcfcf;\n\t\t\t}\n\t\t\t#gallery-1 .gallery-caption {\n\t\t\t\tmargin-left: 0;\n\t\t\t}\n\t\t\t\/* see gallery_shortcode() in wp-includes\/media.php *\/\n\t\t<\/style>\n\t\t<div id='gallery-1' class='gallery galleryid-47674 gallery-columns-3 gallery-size-thumbnail'><dl class='gallery-item'>\n\t\t\t<dt class='gallery-icon landscape'>\n\t\t\t\t<a href='https:\/\/cuernavaca.gob.mx\/?attachment_id=47675'><img width=\"150\" height=\"150\" src=\"https:\/\/cuernavaca.gob.mx\/wp-content\/uploads\/2025\/01\/JOSE\u0301-LUIS-URIO\u0301STEGUI-PARTICIPA-EN-LA-PRIMERA-SESIO\u0301N-PRESENCIAL-DE-LA-MESA-REGIONAL-DE-CONSTRUCCIO\u0301N-DE-PAZ_1-150x150.jpg\" class=\"attachment-thumbnail size-thumbnail\" alt=\"\" loading=\"lazy\" \/><\/a>\n\t\t\t<\/dt><\/dl><dl class='gallery-item'>\n\t\t\t<dt class='gallery-icon landscape'>\n\t\t\t\t<a href='https:\/\/cuernavaca.gob.mx\/?attachment_id=47676'><img width=\"150\" height=\"150\" src=\"https:\/\/cuernavaca.gob.mx\/wp-content\/uploads\/2025\/01\/JOSE\u0301-LUIS-URIO\u0301STEGUI-PARTICIPA-EN-LA-PRIMERA-SESIO\u0301N-PRESENCIAL-DE-LA-MESA-REGIONAL-DE-CONSTRUCCIO\u0301N-DE-PAZ_2-150x150.jpg\" class=\"attachment-thumbnail size-thumbnail\" alt=\"\" loading=\"lazy\" \/><\/a>\n\t\t\t<\/dt><\/dl><dl class='gallery-item'>\n\t\t\t<dt class='gallery-icon landscape'>\n\t\t\t\t<a href='https:\/\/cuernavaca.gob.mx\/?attachment_id=47677'><img width=\"150\" height=\"150\" src=\"https:\/\/cuernavaca.gob.mx\/wp-content\/uploads\/2025\/01\/JOSE\u0301-LUIS-URIO\u0301STEGUI-PARTICIPA-EN-LA-PRIMERA-SESIO\u0301N-PRESENCIAL-DE-LA-MESA-REGIONAL-DE-CONSTRUCCIO\u0301N-DE-PAZ_3-150x150.jpg\" class=\"attachment-thumbnail size-thumbnail\" alt=\"\" loading=\"lazy\" \/><\/a>\n\t\t\t<\/dt><\/dl><br style=\"clear: both\" \/><dl class='gallery-item'>\n\t\t\t<dt class='gallery-icon landscape'>\n\t\t\t\t<a href='https:\/\/cuernavaca.gob.mx\/?attachment_id=47678'><img width=\"150\" height=\"150\" src=\"https:\/\/cuernavaca.gob.mx\/wp-content\/uploads\/2025\/01\/JOSE\u0301-LUIS-URIO\u0301STEGUI-PARTICIPA-EN-LA-PRIMERA-SESIO\u0301N-PRESENCIAL-DE-LA-MESA-REGIONAL-DE-CONSTRUCCIO\u0301N-DE-PAZ_4-150x150.jpg\" class=\"attachment-thumbnail size-thumbnail\" alt=\"\" loading=\"lazy\" \/><\/a>\n\t\t\t<\/dt><\/dl>\n\t\t\t<br style='clear: both' \/>\n\t\t<\/div>\n\n","protected":false},"excerpt":{"rendered":"<p>\u2022 Alcalde de Cuernavaca refrenda su compromiso por generar esfuerzos conjuntos para garantizar la tranquilidad de la poblaci\u00f3n En un esfuerzo por fortalecer los lazos de colaboraci\u00f3n entre los municipios de la regi\u00f3n, el alcalde de Cuernavaca, Jos\u00e9 Luis Uri\u00f3stegui Salgado, particip\u00f3 este viernes en la primera sesi\u00f3n presencial de la Mesa de Coordinaci\u00f3n Regional [&hellip;]<\/p>\n","protected":false},"author":1,"featured_media":47675,"comment_status":"closed","ping_status":"open","sticky":false,"template":"","format":"standard","meta":[],"categories":[17],"tags":[3154,3034,3981,121,120,3905,125],"aioseo_notices":[],"_links":{"self":[{"href":"https:\/\/cuernavaca.gob.mx\/index.php?rest_route=\/wp\/v2\/posts\/47674"}],"collection":[{"href":"https:\/\/cuernavaca.gob.mx\/index.php?rest_route=\/wp\/v2\/posts"}],"about":[{"href":"https:\/\/cuernavaca.gob.mx\/index.php?rest_route=\/wp\/v2\/types\/post"}],"author":[{"embeddable":true,"href":"https:\/\/cuernavaca.gob.mx\/index.php?rest_route=\/wp\/v2\/users\/1"}],"replies":[{"embeddable":true,"href":"https:\/\/cuernavaca.gob.mx\/index.php?rest_route=%2Fwp%2Fv2%2Fcomments&post=47674"}],"version-history":[{"count":1,"href":"https:\/\/cuernavaca.gob.mx\/index.php?rest_route=\/wp\/v2\/posts\/47674\/revisions"}],"predecessor-version":[{"id":47679,"href":"https:\/\/cuernavaca.gob.mx\/index.php?rest_route=\/wp\/v2\/posts\/47674\/revisions\/47679"}],"wp:featuredmedia":[{"embeddable":true,"href":"https:\/\/cuernavaca.gob.mx\/index.php?rest_route=\/wp\/v2\/media\/47675"}],"wp:attachment":[{"href":"https:\/\/cuernavaca.gob.mx\/index.php?rest_route=%2Fwp%2Fv2%2Fmedia&parent=47674"}],"wp:term":[{"taxonomy":"category","embeddable":true,"href":"https:\/\/cuernavaca.gob.mx\/index.php?rest_route=%2Fwp%2Fv2%2Fcategories&post=47674"},{"taxonomy":"post_tag","embeddable":true,"href":"https:\/\/cuernavaca.gob.mx\/index.php?rest_route=%2Fwp%2Fv2%2Ftags&post=47674"}],"curies":[{"name":"wp","href":"https:\/\/api.w.org\/{rel}","templated":true}]}}