{"id":47702,"date":"2025-01-12T10:00:34","date_gmt":"2025-01-12T16:00:34","guid":{"rendered":"https:\/\/cuernavaca.gob.mx\/?p=47702"},"modified":"2025-01-12T12:00:32","modified_gmt":"2025-01-12T18:00:32","slug":"b17-12-02-24-cuernavaca-implementa-politicas-publicas-transversales-en-la-ejecucion-de-obras-publicas","status":"publish","type":"post","link":"https:\/\/cuernavaca.gob.mx\/?p=47702","title":{"rendered":"B17 12\/02\/24 CUERNAVACA IMPLEMENTA POL\u00cdTICAS P\u00daBLICAS TRANSVERSALES EN LA EJECUCI\u00d3N DE OBRAS P\u00daBLICAS"},"content":{"rendered":"<p><strong>* El Ayuntamiento de Cuernavaca promueve una gesti\u00f3n m\u00e1s equitativa y responsable para la atenci\u00f3n de las necesidades de la poblaci\u00f3n en materia de obra p\u00fablica<\/strong><\/p>\n<p>El presidente municipal de Cuernavaca, Jos\u00e9 Luis Uri\u00f3stegui Salgado, hizo un llamado urgente a la adopci\u00f3n de pol\u00edticas p\u00fablicas transversales en la ejecuci\u00f3n de obras p\u00fablicas en la ciudad, destacando la importancia de atender las necesidades de la poblaci\u00f3n de manera integral y sostenible, mediante la coordinaci\u00f3n de esfuerzos entre distintas \u00e1reas del gobierno, la ciudadan\u00eda y las organizaciones locales.<\/p>\n<p>En el marco de la sesi\u00f3n de instalaci\u00f3n del Consejo Permanente del Comit\u00e9 de Planeaci\u00f3n para el Desarrollo Municipal (Coplademun) 2025- 2027, el alcalde resalt\u00f3 que siguiendo el planteamiento de su pasada administraci\u00f3n, las obras p\u00fablicas deben ir m\u00e1s all\u00e1 de la simple construcci\u00f3n de espacios f\u00edsicos, por lo tanto es fundamental la participaci\u00f3n en este \u00f3rgano deliberativo de integrantes del Gabinete para que a trav\u00e9s de su opini\u00f3n experta puedan atender necesidades inmediatas de la poblaci\u00f3n, pero tambi\u00e9n garantizar que las obras mejoren la calidad de vida de los cuernavaquenses.<\/p>\n<p>En este sentido, el Coplademun cuenta con la participaci\u00f3n de titulares del Sistema Municipal DIF, del Instituto de la Mujer de Cuernavaca, de Desarrollo Urbano y Obras P\u00fablicas, de Administraci\u00f3n, de Desarrollo Humano y Participaci\u00f3n Social, de Desarrollo Sustentable y Servicios P\u00fablicos, de Desarrollo Econ\u00f3mico y Turismo, del Ayuntamiento, de la Tesorer\u00eda y de la Contralor\u00eda.<\/p>\n<p>Para 2025, el Ayuntamiento de Cuernavaca contemplaun presupuesto superior a los 220 millones de pesos para el Programa Anual de Obra P\u00fablica, el cual incluye obras de infraestructura urbana, as\u00ed como proyectos en materia de agua potable y la creaci\u00f3n de espacios verdes para enriquecer el entorno urbano.<\/p>\n<p>Jos\u00e9 Luis Uri\u00f3stegui Salgado indic\u00f3 que una correcta aplicaci\u00f3n de pol\u00edticas transversales permitir\u00e1 optimizar los recursos del municipio, evitando obras innecesarias o mal enfocadas que no resuelvan de manera efectiva las necesidades reales de la poblaci\u00f3n.<\/p>\n<p>Finalmente, el edil convoc\u00f3 a los funcionarios p\u00fablicos de su administraci\u00f3n para que trabajen con un enfoque de responsabilidad y compromiso que asegure que el bienestar colectivo sea siempre el eje central de sus decisiones.<\/p>\n\n\t\t<style type=\"text\/css\">\n\t\t\t#gallery-1 {\n\t\t\t\tmargin: auto;\n\t\t\t}\n\t\t\t#gallery-1 .gallery-item {\n\t\t\t\tfloat: left;\n\t\t\t\tmargin-top: 10px;\n\t\t\t\ttext-align: center;\n\t\t\t\twidth: 33%;\n\t\t\t}\n\t\t\t#gallery-1 img {\n\t\t\t\tborder: 2px solid #cfcfcf;\n\t\t\t}\n\t\t\t#gallery-1 .gallery-caption {\n\t\t\t\tmargin-left: 0;\n\t\t\t}\n\t\t\t\/* see gallery_shortcode() in wp-includes\/media.php *\/\n\t\t<\/style>\n\t\t<div id='gallery-1' class='gallery galleryid-47702 gallery-columns-3 gallery-size-thumbnail'><dl class='gallery-item'>\n\t\t\t<dt class='gallery-icon landscape'>\n\t\t\t\t<a href='https:\/\/cuernavaca.gob.mx\/?attachment_id=47703'><img width=\"150\" height=\"150\" src=\"https:\/\/cuernavaca.gob.mx\/wp-content\/uploads\/2025\/01\/CUERNAVACA-IMPLEMENTA-POLI\u0301TICAS-PU\u0301BLICAS-TRANSVERSALES-EN-LA-EJECUCIO\u0301N-DE-OBRAS-PU\u0301BLICAS-1-150x150.jpg\" class=\"attachment-thumbnail size-thumbnail\" alt=\"\" loading=\"lazy\" \/><\/a>\n\t\t\t<\/dt><\/dl><dl class='gallery-item'>\n\t\t\t<dt class='gallery-icon landscape'>\n\t\t\t\t<a href='https:\/\/cuernavaca.gob.mx\/?attachment_id=47704'><img width=\"150\" height=\"150\" src=\"https:\/\/cuernavaca.gob.mx\/wp-content\/uploads\/2025\/01\/CUERNAVACA-IMPLEMENTA-POLI\u0301TICAS-PU\u0301BLICAS-TRANSVERSALES-EN-LA-EJECUCIO\u0301N-DE-OBRAS-PU\u0301BLICAS-2-150x150.jpg\" class=\"attachment-thumbnail size-thumbnail\" alt=\"\" loading=\"lazy\" \/><\/a>\n\t\t\t<\/dt><\/dl><dl class='gallery-item'>\n\t\t\t<dt class='gallery-icon landscape'>\n\t\t\t\t<a href='https:\/\/cuernavaca.gob.mx\/?attachment_id=47705'><img width=\"150\" height=\"150\" src=\"https:\/\/cuernavaca.gob.mx\/wp-content\/uploads\/2025\/01\/CUERNAVACA-IMPLEMENTA-POLI\u0301TICAS-PU\u0301BLICAS-TRANSVERSALES-EN-LA-EJECUCIO\u0301N-DE-OBRAS-PU\u0301BLICAS-3-150x150.jpg\" class=\"attachment-thumbnail size-thumbnail\" alt=\"\" loading=\"lazy\" \/><\/a>\n\t\t\t<\/dt><\/dl><br style=\"clear: both\" \/><dl class='gallery-item'>\n\t\t\t<dt class='gallery-icon landscape'>\n\t\t\t\t<a href='https:\/\/cuernavaca.gob.mx\/?attachment_id=47706'><img width=\"150\" height=\"150\" src=\"https:\/\/cuernavaca.gob.mx\/wp-content\/uploads\/2025\/01\/CUERNAVACA-IMPLEMENTA-POLI\u0301TICAS-PU\u0301BLICAS-TRANSVERSALES-EN-LA-EJECUCIO\u0301N-DE-OBRAS-PU\u0301BLICAS-4-150x150.jpg\" class=\"attachment-thumbnail size-thumbnail\" alt=\"\" loading=\"lazy\" \/><\/a>\n\t\t\t<\/dt><\/dl>\n\t\t\t<br style='clear: both' \/>\n\t\t<\/div>\n\n","protected":false},"excerpt":{"rendered":"<p>* El Ayuntamiento de Cuernavaca promueve una gesti\u00f3n m\u00e1s equitativa y responsable para la atenci\u00f3n de las necesidades de la poblaci\u00f3n en materia de obra p\u00fablica El presidente municipal de Cuernavaca, Jos\u00e9 Luis Uri\u00f3stegui Salgado, hizo un llamado urgente a la adopci\u00f3n de pol\u00edticas p\u00fablicas transversales en la ejecuci\u00f3n de obras p\u00fablicas en la ciudad, [&hellip;]<\/p>\n","protected":false},"author":1,"featured_media":47703,"comment_status":"closed","ping_status":"open","sticky":false,"template":"","format":"standard","meta":[],"categories":[20],"tags":[916,121,515,538,120,206,356,232,127,1392,2883],"aioseo_notices":[],"_links":{"self":[{"href":"https:\/\/cuernavaca.gob.mx\/index.php?rest_route=\/wp\/v2\/posts\/47702"}],"collection":[{"href":"https:\/\/cuernavaca.gob.mx\/index.php?rest_route=\/wp\/v2\/posts"}],"about":[{"href":"https:\/\/cuernavaca.gob.mx\/index.php?rest_route=\/wp\/v2\/types\/post"}],"author":[{"embeddable":true,"href":"https:\/\/cuernavaca.gob.mx\/index.php?rest_route=\/wp\/v2\/users\/1"}],"replies":[{"embeddable":true,"href":"https:\/\/cuernavaca.gob.mx\/index.php?rest_route=%2Fwp%2Fv2%2Fcomments&post=47702"}],"version-history":[{"count":1,"href":"https:\/\/cuernavaca.gob.mx\/index.php?rest_route=\/wp\/v2\/posts\/47702\/revisions"}],"predecessor-version":[{"id":47707,"href":"https:\/\/cuernavaca.gob.mx\/index.php?rest_route=\/wp\/v2\/posts\/47702\/revisions\/47707"}],"wp:featuredmedia":[{"embeddable":true,"href":"https:\/\/cuernavaca.gob.mx\/index.php?rest_route=\/wp\/v2\/media\/47703"}],"wp:attachment":[{"href":"https:\/\/cuernavaca.gob.mx\/index.php?rest_route=%2Fwp%2Fv2%2Fmedia&parent=47702"}],"wp:term":[{"taxonomy":"category","embeddable":true,"href":"https:\/\/cuernavaca.gob.mx\/index.php?rest_route=%2Fwp%2Fv2%2Fcategories&post=47702"},{"taxonomy":"post_tag","embeddable":true,"href":"https:\/\/cuernavaca.gob.mx\/index.php?rest_route=%2Fwp%2Fv2%2Ftags&post=47702"}],"curies":[{"name":"wp","href":"https:\/\/api.w.org\/{rel}","templated":true}]}}