{"id":47710,"date":"2025-01-13T13:59:07","date_gmt":"2025-01-13T19:59:07","guid":{"rendered":"https:\/\/cuernavaca.gob.mx\/?p=47710"},"modified":"2025-01-13T16:50:13","modified_gmt":"2025-01-13T22:50:13","slug":"b18-13-01-24-compromiso-y-dignificacion-laboral-premisas-del-gobierno-de-jose-luis-uriostegui-salgado","status":"publish","type":"post","link":"https:\/\/cuernavaca.gob.mx\/?p=47710","title":{"rendered":"B18 13\/01\/24 COMPROMISO Y DIGNIFICACI\u00d3N LABORAL, PREMISAS DEL GOBIERNO DE JOS\u00c9 LUIS URI\u00d3STEGUI SALGADO"},"content":{"rendered":"<p><strong>\u2022 El presidente municipal de Cuernavaca entreg\u00f3 uniformes a 275 trabajadores de \u00e1reas operativas de la Secretar\u00eda de Desarrollo Sustentable y Servicios P\u00fablicos<\/strong><\/p>\n<p>En un acto que reafirma el compromiso de la presente administraci\u00f3n municipal con la dignificaci\u00f3n laboral de las y los servidores p\u00fablicos, el alcalde de Cuernavaca, Jos\u00e9 Luis Uri\u00f3stegui Salgado, encabez\u00f3 este lunes la entrega de uniformes a 275 trabajadores de \u00e1reas operativas adscritas a la Secretar\u00eda de Desarrollo Sustentable y Servicios P\u00fablicos, con el objetivo de mejorar sus funciones y, por ende, el servicio que brindan a la ciudadan\u00eda.<\/p>\n<p>Durante el evento, que tuvo lugar en la reci\u00e9n inaugurada cisterna de la sede Papagayo del Ayuntamiento capitalino, espacio que fue rescatado para su aprovechamiento p\u00fablico, el alcalde destac\u00f3 la importancia de contar con recursos adecuados para que el personal pueda desempe\u00f1ar sus labores de manera eficiente, con mayor calidad y condiciones de seguridad.<\/p>\n<p>El equipo entregado incluye 275 botas de piel borcegu\u00ed intrepid de seguridad, 241 camisolas de tela gabardina de alta resistencia y durabilidad, 85 playeras tipo polo, 73 gorras tipo legionario y 122 sombreros tipo cazador, los cuales fueron adquiridos con una inversi\u00f3n aproximada de 870 mil pesos, recurso que fue gestionado a finales del 2024, durante la primera administraci\u00f3n de Jos\u00e9 Luis Uri\u00f3stegui Salgado.<\/p>\n<p>En presencia de las regidoras Paz Hern\u00e1ndez Pardo y Elia Ortiz Garc\u00eda, as\u00ed como del regidor Salvador Aguilar Rea; Gilberto Fierros, en representaci\u00f3n de las y los trabajadores beneficiados, agradeci\u00f3 la entrega de estos uniformes que no solo les permitir\u00e1 desempe\u00f1ar mejor su labor, sino tambi\u00e9n garantizar un ambiente de trabajo m\u00e1s seguro y eficiente para que Cuernavaca siga renaciendo y se convierta en la ciudad que merecemos.<\/p>\n<p>El evento cont\u00f3 con la presencia de Guillermo L\u00f3pez Mej\u00eda, secretario de Desarrollo Sustentable y Servicios P\u00fablicos, adem\u00e1s de Edgar Garc\u00eda Montesinos, secretario general del Sindicato Democr\u00e1tico de Trabajadores y Empleados al Servicio del H. Ayuntamiento y Organismos Descentralizados del Municipio de Cuernavaca.<\/p>\n\n\t\t<style type=\"text\/css\">\n\t\t\t#gallery-1 {\n\t\t\t\tmargin: auto;\n\t\t\t}\n\t\t\t#gallery-1 .gallery-item {\n\t\t\t\tfloat: left;\n\t\t\t\tmargin-top: 10px;\n\t\t\t\ttext-align: center;\n\t\t\t\twidth: 33%;\n\t\t\t}\n\t\t\t#gallery-1 img {\n\t\t\t\tborder: 2px solid #cfcfcf;\n\t\t\t}\n\t\t\t#gallery-1 .gallery-caption {\n\t\t\t\tmargin-left: 0;\n\t\t\t}\n\t\t\t\/* see gallery_shortcode() in wp-includes\/media.php *\/\n\t\t<\/style>\n\t\t<div id='gallery-1' class='gallery galleryid-47710 gallery-columns-3 gallery-size-thumbnail'><dl class='gallery-item'>\n\t\t\t<dt class='gallery-icon landscape'>\n\t\t\t\t<a href='https:\/\/cuernavaca.gob.mx\/?attachment_id=47711'><img width=\"150\" height=\"150\" src=\"https:\/\/cuernavaca.gob.mx\/wp-content\/uploads\/2025\/01\/COMPROMISO-Y-DIGNIFICACIO\u0301N-LABORAL-PREMISAS-DEL-GOBIERNO-DE-JOSE\u0301-LUIS-URIO\u0301STEGUI-SALGADO-1-150x150.jpg\" class=\"attachment-thumbnail size-thumbnail\" alt=\"\" loading=\"lazy\" \/><\/a>\n\t\t\t<\/dt><\/dl><dl class='gallery-item'>\n\t\t\t<dt class='gallery-icon landscape'>\n\t\t\t\t<a href='https:\/\/cuernavaca.gob.mx\/?attachment_id=47712'><img width=\"150\" height=\"150\" src=\"https:\/\/cuernavaca.gob.mx\/wp-content\/uploads\/2025\/01\/COMPROMISO-Y-DIGNIFICACIO\u0301N-LABORAL-PREMISAS-DEL-GOBIERNO-DE-JOSE\u0301-LUIS-URIO\u0301STEGUI-SALGADO-2-150x150.jpg\" class=\"attachment-thumbnail size-thumbnail\" alt=\"\" loading=\"lazy\" \/><\/a>\n\t\t\t<\/dt><\/dl><dl class='gallery-item'>\n\t\t\t<dt class='gallery-icon landscape'>\n\t\t\t\t<a href='https:\/\/cuernavaca.gob.mx\/?attachment_id=47713'><img width=\"150\" height=\"150\" src=\"https:\/\/cuernavaca.gob.mx\/wp-content\/uploads\/2025\/01\/COMPROMISO-Y-DIGNIFICACIO\u0301N-LABORAL-PREMISAS-DEL-GOBIERNO-DE-JOSE\u0301-LUIS-URIO\u0301STEGUI-SALGADO-3-150x150.jpg\" class=\"attachment-thumbnail size-thumbnail\" alt=\"\" loading=\"lazy\" \/><\/a>\n\t\t\t<\/dt><\/dl><br style=\"clear: both\" \/><dl class='gallery-item'>\n\t\t\t<dt class='gallery-icon landscape'>\n\t\t\t\t<a href='https:\/\/cuernavaca.gob.mx\/?attachment_id=47714'><img width=\"150\" height=\"150\" src=\"https:\/\/cuernavaca.gob.mx\/wp-content\/uploads\/2025\/01\/COMPROMISO-Y-DIGNIFICACIO\u0301N-LABORAL-PREMISAS-DEL-GOBIERNO-DE-JOSE\u0301-LUIS-URIO\u0301STEGUI-SALGADO-4-150x150.jpg\" class=\"attachment-thumbnail size-thumbnail\" alt=\"\" loading=\"lazy\" \/><\/a>\n\t\t\t<\/dt><\/dl><dl class='gallery-item'>\n\t\t\t<dt class='gallery-icon landscape'>\n\t\t\t\t<a href='https:\/\/cuernavaca.gob.mx\/?attachment_id=47715'><img width=\"150\" height=\"150\" src=\"https:\/\/cuernavaca.gob.mx\/wp-content\/uploads\/2025\/01\/COMPROMISO-Y-DIGNIFICACIO\u0301N-LABORAL-PREMISAS-DEL-GOBIERNO-DE-JOSE\u0301-LUIS-URIO\u0301STEGUI-SALGADO-5-150x150.jpg\" class=\"attachment-thumbnail size-thumbnail\" alt=\"\" loading=\"lazy\" \/><\/a>\n\t\t\t<\/dt><\/dl><dl class='gallery-item'>\n\t\t\t<dt class='gallery-icon landscape'>\n\t\t\t\t<a href='https:\/\/cuernavaca.gob.mx\/?attachment_id=47716'><img width=\"150\" height=\"150\" src=\"https:\/\/cuernavaca.gob.mx\/wp-content\/uploads\/2025\/01\/COMPROMISO-Y-DIGNIFICACIO\u0301N-LABORAL-PREMISAS-DEL-GOBIERNO-DE-JOSE\u0301-LUIS-URIO\u0301STEGUI-SALGADO-6-150x150.jpg\" class=\"attachment-thumbnail size-thumbnail\" alt=\"\" loading=\"lazy\" \/><\/a>\n\t\t\t<\/dt><\/dl><br style=\"clear: both\" \/><dl class='gallery-item'>\n\t\t\t<dt class='gallery-icon landscape'>\n\t\t\t\t<a href='https:\/\/cuernavaca.gob.mx\/?attachment_id=47717'><img width=\"150\" height=\"150\" src=\"https:\/\/cuernavaca.gob.mx\/wp-content\/uploads\/2025\/01\/COMPROMISO-Y-DIGNIFICACIO\u0301N-LABORAL-PREMISAS-DEL-GOBIERNO-DE-JOSE\u0301-LUIS-URIO\u0301STEGUI-SALGADO-7-150x150.jpg\" class=\"attachment-thumbnail size-thumbnail\" alt=\"\" loading=\"lazy\" \/><\/a>\n\t\t\t<\/dt><\/dl><dl class='gallery-item'>\n\t\t\t<dt class='gallery-icon landscape'>\n\t\t\t\t<a href='https:\/\/cuernavaca.gob.mx\/?attachment_id=47718'><img width=\"150\" height=\"150\" src=\"https:\/\/cuernavaca.gob.mx\/wp-content\/uploads\/2025\/01\/COMPROMISO-Y-DIGNIFICACIO\u0301N-LABORAL-PREMISAS-DEL-GOBIERNO-DE-JOSE\u0301-LUIS-URIO\u0301STEGUI-SALGADO-8-150x150.jpg\" class=\"attachment-thumbnail size-thumbnail\" alt=\"\" loading=\"lazy\" \/><\/a>\n\t\t\t<\/dt><\/dl><dl class='gallery-item'>\n\t\t\t<dt class='gallery-icon landscape'>\n\t\t\t\t<a href='https:\/\/cuernavaca.gob.mx\/?attachment_id=47719'><img width=\"150\" height=\"150\" src=\"https:\/\/cuernavaca.gob.mx\/wp-content\/uploads\/2025\/01\/COMPROMISO-Y-DIGNIFICACIO\u0301N-LABORAL-PREMISAS-DEL-GOBIERNO-DE-JOSE\u0301-LUIS-URIO\u0301STEGUI-SALGADO-9-150x150.jpg\" class=\"attachment-thumbnail size-thumbnail\" alt=\"\" loading=\"lazy\" \/><\/a>\n\t\t\t<\/dt><\/dl><br style=\"clear: both\" \/>\n\t\t<\/div>\n\n","protected":false},"excerpt":{"rendered":"<p>\u2022 El presidente municipal de Cuernavaca entreg\u00f3 uniformes a 275 trabajadores de \u00e1reas operativas de la Secretar\u00eda de Desarrollo Sustentable y Servicios P\u00fablicos En un acto que reafirma el compromiso de la presente administraci\u00f3n municipal con la dignificaci\u00f3n laboral de las y los servidores p\u00fablicos, el alcalde de Cuernavaca, Jos\u00e9 Luis Uri\u00f3stegui Salgado, encabez\u00f3 este [&hellip;]<\/p>\n","protected":false},"author":1,"featured_media":47718,"comment_status":"closed","ping_status":"open","sticky":false,"template":"","format":"standard","meta":[],"categories":[20],"tags":[121,2923,120,206,127,138,161,372,1899,3982],"aioseo_notices":[],"_links":{"self":[{"href":"https:\/\/cuernavaca.gob.mx\/index.php?rest_route=\/wp\/v2\/posts\/47710"}],"collection":[{"href":"https:\/\/cuernavaca.gob.mx\/index.php?rest_route=\/wp\/v2\/posts"}],"about":[{"href":"https:\/\/cuernavaca.gob.mx\/index.php?rest_route=\/wp\/v2\/types\/post"}],"author":[{"embeddable":true,"href":"https:\/\/cuernavaca.gob.mx\/index.php?rest_route=\/wp\/v2\/users\/1"}],"replies":[{"embeddable":true,"href":"https:\/\/cuernavaca.gob.mx\/index.php?rest_route=%2Fwp%2Fv2%2Fcomments&post=47710"}],"version-history":[{"count":1,"href":"https:\/\/cuernavaca.gob.mx\/index.php?rest_route=\/wp\/v2\/posts\/47710\/revisions"}],"predecessor-version":[{"id":47720,"href":"https:\/\/cuernavaca.gob.mx\/index.php?rest_route=\/wp\/v2\/posts\/47710\/revisions\/47720"}],"wp:featuredmedia":[{"embeddable":true,"href":"https:\/\/cuernavaca.gob.mx\/index.php?rest_route=\/wp\/v2\/media\/47718"}],"wp:attachment":[{"href":"https:\/\/cuernavaca.gob.mx\/index.php?rest_route=%2Fwp%2Fv2%2Fmedia&parent=47710"}],"wp:term":[{"taxonomy":"category","embeddable":true,"href":"https:\/\/cuernavaca.gob.mx\/index.php?rest_route=%2Fwp%2Fv2%2Fcategories&post=47710"},{"taxonomy":"post_tag","embeddable":true,"href":"https:\/\/cuernavaca.gob.mx\/index.php?rest_route=%2Fwp%2Fv2%2Ftags&post=47710"}],"curies":[{"name":"wp","href":"https:\/\/api.w.org\/{rel}","templated":true}]}}