{"id":47728,"date":"2025-01-14T08:41:29","date_gmt":"2025-01-14T14:41:29","guid":{"rendered":"https:\/\/cuernavaca.gob.mx\/?p=47728"},"modified":"2025-01-14T08:41:29","modified_gmt":"2025-01-14T14:41:29","slug":"f04-14-01-25-con-nuevo-titular-jose-luis-uriostegui-fortalece-el-consejo-municipal-de-seguridad-publica","status":"publish","type":"post","link":"https:\/\/cuernavaca.gob.mx\/?p=47728","title":{"rendered":"F04 14\/01\/25 CON NUEVO TITULAR, JOS\u00c9 LUIS URI\u00d3STEGUI FORTALECE EL CONSEJO MUNICIPAL DE SEGURIDAD P\u00daBLICA"},"content":{"rendered":"<p>El presidente municipal de Cuernavaca, Jos\u00e9 Luis Uri\u00f3stegui Salgado, contin\u00faa fortaleciendo la administraci\u00f3n 2025- 2027 con nombramientos que abonar\u00e1n al desarrollo de la ciudad, como es el caso de Joan Christian Carmona Bar\u00f3n, quien asumi\u00f3 la titularidad del Secretariado Ejecutivo del Consejo Municipal de Seguridad P\u00fablica, con el compromiso de reforzar las pol\u00edticas p\u00fablicas en materia de seguridad, y garantizar la colaboraci\u00f3n efectiva entre las diversas instituciones y la ciudadan\u00eda en general.<\/p>\n<p>Al darle la bienvenida al Ayuntamiento capitalino, el alcalde enfatiz\u00f3 la importancia de aplicar un enfoque integral en la seguridad p\u00fablica, y reiter\u00f3 su apoyo a las estrategias que permitan avanzar hacia un municipio m\u00e1s seguro para todas y todos los cuernavaquenses, a trav\u00e9s de la construcci\u00f3n de un sistema de prevenci\u00f3n del delito que coadyuvar\u00e1 para que la sociedad pueda vivir en un entorno m\u00e1s seguro.<\/p>\n<p>Precis\u00f3 que la colaboraci\u00f3n entre las autoridades municipales, estatales y federales es fundamental para el \u00e9xito de las acciones que se implementen en el corto y mediano plazo, tal y como ocurri\u00f3 en su pasada administraci\u00f3n, donde el Consejo Municipal de Seguridad P\u00fablica se fortaleci\u00f3 con la participaci\u00f3n de distintos sectores de la sociedad, siendo un cuerpo colegiado prioritario para avanzar en la implementaci\u00f3n de estrategias eficaces que abonen a prevenir y combatir la delincuencia, y a su vez, garanticen la paz social en el municipio.<\/p>\n<p><img loading=\"lazy\" class=\"alignnone size-medium wp-image-47729\" src=\"https:\/\/cuernavaca.gob.mx\/wp-content\/uploads\/2025\/01\/WhatsApp-Image-2025-01-14-at-8.20.23-AM-300x200.jpeg\" alt=\"\" width=\"300\" height=\"200\" srcset=\"https:\/\/cuernavaca.gob.mx\/wp-content\/uploads\/2025\/01\/WhatsApp-Image-2025-01-14-at-8.20.23-AM-300x200.jpeg 300w, https:\/\/cuernavaca.gob.mx\/wp-content\/uploads\/2025\/01\/WhatsApp-Image-2025-01-14-at-8.20.23-AM-1024x682.jpeg 1024w, https:\/\/cuernavaca.gob.mx\/wp-content\/uploads\/2025\/01\/WhatsApp-Image-2025-01-14-at-8.20.23-AM-768x512.jpeg 768w, https:\/\/cuernavaca.gob.mx\/wp-content\/uploads\/2025\/01\/WhatsApp-Image-2025-01-14-at-8.20.23-AM-1536x1023.jpeg 1536w, https:\/\/cuernavaca.gob.mx\/wp-content\/uploads\/2025\/01\/WhatsApp-Image-2025-01-14-at-8.20.23-AM-600x400.jpeg 600w, https:\/\/cuernavaca.gob.mx\/wp-content\/uploads\/2025\/01\/WhatsApp-Image-2025-01-14-at-8.20.23-AM-560x373.jpeg 560w, https:\/\/cuernavaca.gob.mx\/wp-content\/uploads\/2025\/01\/WhatsApp-Image-2025-01-14-at-8.20.23-AM.jpeg 1600w\" sizes=\"(max-width: 300px) 100vw, 300px\" \/><\/p>\n","protected":false},"excerpt":{"rendered":"<p>El presidente municipal de Cuernavaca, Jos\u00e9 Luis Uri\u00f3stegui Salgado, contin\u00faa fortaleciendo la administraci\u00f3n 2025- 2027 con nombramientos que abonar\u00e1n al desarrollo de la ciudad, como es el caso de Joan Christian Carmona Bar\u00f3n, quien asumi\u00f3 la titularidad del Secretariado Ejecutivo del Consejo Municipal de Seguridad P\u00fablica, con el compromiso de reforzar las pol\u00edticas p\u00fablicas en [&hellip;]<\/p>\n","protected":false},"author":1,"featured_media":47729,"comment_status":"closed","ping_status":"open","sticky":false,"template":"","format":"standard","meta":[],"categories":[20],"tags":[3154,3034,121,120,3984,3905],"aioseo_notices":[],"_links":{"self":[{"href":"https:\/\/cuernavaca.gob.mx\/index.php?rest_route=\/wp\/v2\/posts\/47728"}],"collection":[{"href":"https:\/\/cuernavaca.gob.mx\/index.php?rest_route=\/wp\/v2\/posts"}],"about":[{"href":"https:\/\/cuernavaca.gob.mx\/index.php?rest_route=\/wp\/v2\/types\/post"}],"author":[{"embeddable":true,"href":"https:\/\/cuernavaca.gob.mx\/index.php?rest_route=\/wp\/v2\/users\/1"}],"replies":[{"embeddable":true,"href":"https:\/\/cuernavaca.gob.mx\/index.php?rest_route=%2Fwp%2Fv2%2Fcomments&post=47728"}],"version-history":[{"count":1,"href":"https:\/\/cuernavaca.gob.mx\/index.php?rest_route=\/wp\/v2\/posts\/47728\/revisions"}],"predecessor-version":[{"id":47730,"href":"https:\/\/cuernavaca.gob.mx\/index.php?rest_route=\/wp\/v2\/posts\/47728\/revisions\/47730"}],"wp:featuredmedia":[{"embeddable":true,"href":"https:\/\/cuernavaca.gob.mx\/index.php?rest_route=\/wp\/v2\/media\/47729"}],"wp:attachment":[{"href":"https:\/\/cuernavaca.gob.mx\/index.php?rest_route=%2Fwp%2Fv2%2Fmedia&parent=47728"}],"wp:term":[{"taxonomy":"category","embeddable":true,"href":"https:\/\/cuernavaca.gob.mx\/index.php?rest_route=%2Fwp%2Fv2%2Fcategories&post=47728"},{"taxonomy":"post_tag","embeddable":true,"href":"https:\/\/cuernavaca.gob.mx\/index.php?rest_route=%2Fwp%2Fv2%2Ftags&post=47728"}],"curies":[{"name":"wp","href":"https:\/\/api.w.org\/{rel}","templated":true}]}}