{"id":47741,"date":"2025-01-15T08:30:27","date_gmt":"2025-01-15T14:30:27","guid":{"rendered":"https:\/\/cuernavaca.gob.mx\/?p=47741"},"modified":"2025-01-15T15:38:34","modified_gmt":"2025-01-15T21:38:34","slug":"f05-15-01-25-cuernavaca-se-convertira-en-una-ciudad-lider-en-deporte-con-nueva-titularidad","status":"publish","type":"post","link":"https:\/\/cuernavaca.gob.mx\/?p=47741","title":{"rendered":"F05 15\/01\/25 CUERNAVACA SE CONVERTIR\u00c1 EN UNA CIUDAD L\u00cdDER EN DEPORTE CON NUEVA TITULARIDAD"},"content":{"rendered":"<p><strong>CUERNAVACA SE CONVERTIR\u00c1 EN UNA CIUDAD L\u00cdDER EN DEPORTE CON NUEVA TITULARIDAD<\/strong><\/p>\n<p><strong>CON NUEVA TITULAR EN EL INSTITUTO DEL DEPORTE DE CUERNAVACA SE CONTINUAR\u00c1 DANDO IMPULSO AL TALENTO LOCAL<\/strong><\/p>\n<p>En un acto que resalta el compromiso del Gobierno Municipal con el desarrollo del deporte y la salud p\u00fablica, el presidente municipal de Cuernavaca, Jos\u00e9 Luis Uri\u00f3stegui Salgado, tom\u00f3 protesta a la nueva directora general del Instituto del Deporte, Eneyda Paloma Mart\u00ednez Bahena, quien asumi\u00f3 el compromiso de seguir impulsando el desarrollo deportivo en la capital morelense, as\u00ed como fomentar la cultura f\u00edsica y el bienestar de la comunidad.<\/p>\n<p>Durante su intervenci\u00f3n, el alcalde subray\u00f3 que el deporte es una prioridad en su administraci\u00f3n como una herramienta de integraci\u00f3n social, desarrollo personal y promoci\u00f3n de la salud, por lo cual, es fundamental fortalecer las diversas disciplinas que lo integran y seguir abriendo nuevas oportunidades para las y los deportistas locales, como ocurri\u00f3 en su pasada gesti\u00f3n con la entrega de becas deportivas y culturales que abonaron a impulsar el talento local en competencias nacionales e internacionales.<\/p>\n<p>Acompa\u00f1ado de la secretaria de Desarrollo Humano y Participaci\u00f3n Social, Sandra Adelina Pinz\u00f3n S\u00e1nchez, el mandatario local exhort\u00f3 a la nueva directora general a colaborar con instituciones, empresas y sociedad civil para lograr los objetivos trazados y consolidar a Cuernavaca como una ciudad l\u00edder en actividades deportivas.<\/p>\n\n\t\t<style type=\"text\/css\">\n\t\t\t#gallery-1 {\n\t\t\t\tmargin: auto;\n\t\t\t}\n\t\t\t#gallery-1 .gallery-item {\n\t\t\t\tfloat: left;\n\t\t\t\tmargin-top: 10px;\n\t\t\t\ttext-align: center;\n\t\t\t\twidth: 33%;\n\t\t\t}\n\t\t\t#gallery-1 img {\n\t\t\t\tborder: 2px solid #cfcfcf;\n\t\t\t}\n\t\t\t#gallery-1 .gallery-caption {\n\t\t\t\tmargin-left: 0;\n\t\t\t}\n\t\t\t\/* see gallery_shortcode() in wp-includes\/media.php *\/\n\t\t<\/style>\n\t\t<div id='gallery-1' class='gallery galleryid-47741 gallery-columns-3 gallery-size-thumbnail'><dl class='gallery-item'>\n\t\t\t<dt class='gallery-icon landscape'>\n\t\t\t\t<a href='https:\/\/cuernavaca.gob.mx\/?attachment_id=47743'><img width=\"150\" height=\"150\" src=\"https:\/\/cuernavaca.gob.mx\/wp-content\/uploads\/2025\/01\/CUERNAVACA-SE-CONVERTIRA\u0301-EN-UNA-CIUDAD-LI\u0301DER-EN-DEPORTE-CON-NUEVA-TITULARIDAD-1-150x150.jpg\" class=\"attachment-thumbnail size-thumbnail\" alt=\"\" loading=\"lazy\" \/><\/a>\n\t\t\t<\/dt><\/dl><dl class='gallery-item'>\n\t\t\t<dt class='gallery-icon landscape'>\n\t\t\t\t<a href='https:\/\/cuernavaca.gob.mx\/?attachment_id=47744'><img width=\"150\" height=\"150\" src=\"https:\/\/cuernavaca.gob.mx\/wp-content\/uploads\/2025\/01\/CUERNAVACA-SE-CONVERTIRA\u0301-EN-UNA-CIUDAD-LI\u0301DER-EN-DEPORTE-CON-NUEVA-TITULARIDAD-2-150x150.jpg\" class=\"attachment-thumbnail size-thumbnail\" alt=\"\" loading=\"lazy\" \/><\/a>\n\t\t\t<\/dt><\/dl>\n\t\t\t<br style='clear: both' \/>\n\t\t<\/div>\n\n","protected":false},"excerpt":{"rendered":"<p>CUERNAVACA SE CONVERTIR\u00c1 EN UNA CIUDAD L\u00cdDER EN DEPORTE CON NUEVA TITULARIDAD CON NUEVA TITULAR EN EL INSTITUTO DEL DEPORTE DE CUERNAVACA SE CONTINUAR\u00c1 DANDO IMPULSO AL TALENTO LOCAL En un acto que resalta el compromiso del Gobierno Municipal con el desarrollo del deporte y la salud p\u00fablica, el presidente municipal de Cuernavaca, Jos\u00e9 Luis [&hellip;]<\/p>\n","protected":false},"author":1,"featured_media":47744,"comment_status":"closed","ping_status":"open","sticky":false,"template":"","format":"standard","meta":[],"categories":[314],"tags":[121,313,784,1929,120,206,3985,127],"aioseo_notices":[],"_links":{"self":[{"href":"https:\/\/cuernavaca.gob.mx\/index.php?rest_route=\/wp\/v2\/posts\/47741"}],"collection":[{"href":"https:\/\/cuernavaca.gob.mx\/index.php?rest_route=\/wp\/v2\/posts"}],"about":[{"href":"https:\/\/cuernavaca.gob.mx\/index.php?rest_route=\/wp\/v2\/types\/post"}],"author":[{"embeddable":true,"href":"https:\/\/cuernavaca.gob.mx\/index.php?rest_route=\/wp\/v2\/users\/1"}],"replies":[{"embeddable":true,"href":"https:\/\/cuernavaca.gob.mx\/index.php?rest_route=%2Fwp%2Fv2%2Fcomments&post=47741"}],"version-history":[{"count":1,"href":"https:\/\/cuernavaca.gob.mx\/index.php?rest_route=\/wp\/v2\/posts\/47741\/revisions"}],"predecessor-version":[{"id":47745,"href":"https:\/\/cuernavaca.gob.mx\/index.php?rest_route=\/wp\/v2\/posts\/47741\/revisions\/47745"}],"wp:featuredmedia":[{"embeddable":true,"href":"https:\/\/cuernavaca.gob.mx\/index.php?rest_route=\/wp\/v2\/media\/47744"}],"wp:attachment":[{"href":"https:\/\/cuernavaca.gob.mx\/index.php?rest_route=%2Fwp%2Fv2%2Fmedia&parent=47741"}],"wp:term":[{"taxonomy":"category","embeddable":true,"href":"https:\/\/cuernavaca.gob.mx\/index.php?rest_route=%2Fwp%2Fv2%2Fcategories&post=47741"},{"taxonomy":"post_tag","embeddable":true,"href":"https:\/\/cuernavaca.gob.mx\/index.php?rest_route=%2Fwp%2Fv2%2Ftags&post=47741"}],"curies":[{"name":"wp","href":"https:\/\/api.w.org\/{rel}","templated":true}]}}