{"id":47769,"date":"2025-01-16T12:30:39","date_gmt":"2025-01-16T18:30:39","guid":{"rendered":"https:\/\/cuernavaca.gob.mx\/?p=47769"},"modified":"2025-01-16T12:59:29","modified_gmt":"2025-01-16T18:59:29","slug":"comunicado-ayuntamiento-de-cuernavaca-condena-el-asesinato-de-dos-policias-de-seprac-y-una-menor-de-edad-en-jiutepec","status":"publish","type":"post","link":"https:\/\/cuernavaca.gob.mx\/?p=47769","title":{"rendered":"COMUNICADO Ayuntamiento de Cuernavaca condena el asesinato de dos polic\u00edas de SEPRAC y una menor de edad en Jiutepec"},"content":{"rendered":"<p>El Gobierno Municipal y la Secretar\u00eda de Protecci\u00f3n y Auxilio Ciudadano (SEPRAC) expresan su m\u00e1s profundo pesar y condena el asesinato de dos elementos de la Polic\u00eda Capitalina y la hija de una de ellas, ocurrido el d\u00eda de hoy en el municipio de Jiutepec. Este tr\u00e1gico hecho representa un ataque directo a la seguridad y al bienestar de las familias de quienes d\u00eda a d\u00eda se entregan a la protecci\u00f3n de la sociedad.<\/p>\n<p>El presidente municipal, Jos\u00e9 Luis Uri\u00f3stegui Salgado, reitera su total respaldo y solidaridad con la corporaci\u00f3n policiaca, con las familias de las v\u00edctimas, as\u00ed como con todos los elementos que integran la SEPRAC.<\/p>\n<p>&#8220;Estos actos de violencia son una muestra clara de la dif\u00edcil situaci\u00f3n que atraviesa el pa\u00eds y, en particular, nuestro estado de Morelos. Como gobierno municipal, no dejaremos de trabajar para garantizar la seguridad y el bienestar de nuestra ciudadan\u00eda&#8221;, asegur\u00f3 el edil.<\/p>\n<p>El alcalde capitalino hace un llamado a las autoridades correspondientes, en especial a la Fiscal\u00eda General del Estado de Morelos, para que se lleven a cabo todas las investigaciones necesarias con el fin de esclarecer los hechos y hacer justicia. La impunidad no debe prevalecer, y es fundamental que los responsables de este asesinato sean identificados y castigados con todo el rigor de la ley.<\/p>\n<p>El Ayuntamiento de Cuernavaca reitera su compromiso por seguir fortaleciendo las acciones de seguridad p\u00fablica en Cuernavaca, con el objetivo de salvaguardar la vida y el patrimonio de los ciudadanos, as\u00ed como apoyar a los cuerpos de seguridad que con vocaci\u00f3n de servicio enfrentan riesgos para garantizar la paz y la tranquilidad de la capital morelense y su poblaci\u00f3n.<\/p>\n\n\t\t<style type=\"text\/css\">\n\t\t\t#gallery-1 {\n\t\t\t\tmargin: auto;\n\t\t\t}\n\t\t\t#gallery-1 .gallery-item {\n\t\t\t\tfloat: left;\n\t\t\t\tmargin-top: 10px;\n\t\t\t\ttext-align: center;\n\t\t\t\twidth: 33%;\n\t\t\t}\n\t\t\t#gallery-1 img {\n\t\t\t\tborder: 2px solid #cfcfcf;\n\t\t\t}\n\t\t\t#gallery-1 .gallery-caption {\n\t\t\t\tmargin-left: 0;\n\t\t\t}\n\t\t\t\/* see gallery_shortcode() in wp-includes\/media.php *\/\n\t\t<\/style>\n\t\t<div id='gallery-1' class='gallery galleryid-47769 gallery-columns-3 gallery-size-thumbnail'><dl class='gallery-item'>\n\t\t\t<dt class='gallery-icon landscape'>\n\t\t\t\t<a href='https:\/\/cuernavaca.gob.mx\/?attachment_id=47770'><img width=\"150\" height=\"150\" src=\"https:\/\/cuernavaca.gob.mx\/wp-content\/uploads\/2025\/01\/2ccc60bc-3ef2-4ced-9eac-ca4c7e5048ec-150x150.jpg\" class=\"attachment-thumbnail size-thumbnail\" alt=\"\" loading=\"lazy\" srcset=\"https:\/\/cuernavaca.gob.mx\/wp-content\/uploads\/2025\/01\/2ccc60bc-3ef2-4ced-9eac-ca4c7e5048ec-150x150.jpg 150w, https:\/\/cuernavaca.gob.mx\/wp-content\/uploads\/2025\/01\/2ccc60bc-3ef2-4ced-9eac-ca4c7e5048ec-300x300.jpg 300w, https:\/\/cuernavaca.gob.mx\/wp-content\/uploads\/2025\/01\/2ccc60bc-3ef2-4ced-9eac-ca4c7e5048ec-1024x1024.jpg 1024w, https:\/\/cuernavaca.gob.mx\/wp-content\/uploads\/2025\/01\/2ccc60bc-3ef2-4ced-9eac-ca4c7e5048ec-768x768.jpg 768w, https:\/\/cuernavaca.gob.mx\/wp-content\/uploads\/2025\/01\/2ccc60bc-3ef2-4ced-9eac-ca4c7e5048ec-600x600.jpg 600w, https:\/\/cuernavaca.gob.mx\/wp-content\/uploads\/2025\/01\/2ccc60bc-3ef2-4ced-9eac-ca4c7e5048ec-560x560.jpg 560w, https:\/\/cuernavaca.gob.mx\/wp-content\/uploads\/2025\/01\/2ccc60bc-3ef2-4ced-9eac-ca4c7e5048ec.jpg 1182w\" sizes=\"(max-width: 150px) 100vw, 150px\" \/><\/a>\n\t\t\t<\/dt><\/dl>\n\t\t\t<br style='clear: both' \/>\n\t\t<\/div>\n\n","protected":false},"excerpt":{"rendered":"<p>El Gobierno Municipal y la Secretar\u00eda de Protecci\u00f3n y Auxilio Ciudadano (SEPRAC) expresan su m\u00e1s profundo pesar y condena el asesinato de dos elementos de la Polic\u00eda Capitalina y la hija de una de ellas, ocurrido el d\u00eda de hoy en el municipio de Jiutepec. Este tr\u00e1gico hecho representa un ataque directo a la seguridad [&hellip;]<\/p>\n","protected":false},"author":1,"featured_media":47770,"comment_status":"closed","ping_status":"open","sticky":false,"template":"","format":"standard","meta":[],"categories":[17],"tags":[1060,121,222,120,206,3399],"aioseo_notices":[],"_links":{"self":[{"href":"https:\/\/cuernavaca.gob.mx\/index.php?rest_route=\/wp\/v2\/posts\/47769"}],"collection":[{"href":"https:\/\/cuernavaca.gob.mx\/index.php?rest_route=\/wp\/v2\/posts"}],"about":[{"href":"https:\/\/cuernavaca.gob.mx\/index.php?rest_route=\/wp\/v2\/types\/post"}],"author":[{"embeddable":true,"href":"https:\/\/cuernavaca.gob.mx\/index.php?rest_route=\/wp\/v2\/users\/1"}],"replies":[{"embeddable":true,"href":"https:\/\/cuernavaca.gob.mx\/index.php?rest_route=%2Fwp%2Fv2%2Fcomments&post=47769"}],"version-history":[{"count":1,"href":"https:\/\/cuernavaca.gob.mx\/index.php?rest_route=\/wp\/v2\/posts\/47769\/revisions"}],"predecessor-version":[{"id":47771,"href":"https:\/\/cuernavaca.gob.mx\/index.php?rest_route=\/wp\/v2\/posts\/47769\/revisions\/47771"}],"wp:featuredmedia":[{"embeddable":true,"href":"https:\/\/cuernavaca.gob.mx\/index.php?rest_route=\/wp\/v2\/media\/47770"}],"wp:attachment":[{"href":"https:\/\/cuernavaca.gob.mx\/index.php?rest_route=%2Fwp%2Fv2%2Fmedia&parent=47769"}],"wp:term":[{"taxonomy":"category","embeddable":true,"href":"https:\/\/cuernavaca.gob.mx\/index.php?rest_route=%2Fwp%2Fv2%2Fcategories&post=47769"},{"taxonomy":"post_tag","embeddable":true,"href":"https:\/\/cuernavaca.gob.mx\/index.php?rest_route=%2Fwp%2Fv2%2Ftags&post=47769"}],"curies":[{"name":"wp","href":"https:\/\/api.w.org\/{rel}","templated":true}]}}