{"id":47778,"date":"2025-01-17T08:00:54","date_gmt":"2025-01-17T14:00:54","guid":{"rendered":"https:\/\/cuernavaca.gob.mx\/?p=47778"},"modified":"2025-01-17T11:46:04","modified_gmt":"2025-01-17T17:46:04","slug":"b24-17-01-25-jose-luis-uriostegui-promueve-estrategia-de-impulso-al-turismo-en-cuernavaca","status":"publish","type":"post","link":"https:\/\/cuernavaca.gob.mx\/?p=47778","title":{"rendered":"B24 17\/01\/25 JOS\u00c9 LUIS URI\u00d3STEGUI PROMUEVE ESTRATEGIA DE IMPULSO AL TURISMO EN CUERNAVACA"},"content":{"rendered":"<p><strong>\u2022 La capital del estado recuperar\u00e1 su esplendor como la ciudad de la Eterna Primavera gracias a la participaci\u00f3n activa de los sectores p\u00fablico y privado<\/strong><\/p>\n<p>Con el objetivo de fortalecer la industria tur\u00edstica y mejorar la oferta de servicios en la regi\u00f3n, el Ayuntamiento de Cuernavaca ha anunciado el lanzamiento de una ambiciosa &#8220;Estrategia de Impulso al Turismo&#8221;, que ser\u00e1 desarrollada de manera coordinada entre los sectores p\u00fablico y privado para seguir posicionando a la ciudad capital como un destino atractivo para turistas nacionales e internacionales.<\/p>\n<p>El proyecto emana de un acuerdo establecido en el Consejo Consultivo de Turismo (COCTUR) encabezado por el presidente municipal, Jos\u00e9 Luis Uri\u00f3stegui Salgado, y para el cual, se cuenta con la experiencia del consultor Eduardo Barroso Alarc\u00f3n, quien es conocido a nivel nacional como precursor del programa &#8220;Pueblos M\u00e1gicos&#8221; y colaborador en la creaci\u00f3n del Programa Estatal de Turismo del Estado de Morelos.<\/p>\n<p>La &#8220;Estrategia de Impulso al Turismo del Municipio de Cuernavaca&#8221; fue dise\u00f1ada con la participaci\u00f3n activa de representantes del sector tur\u00edstico, quienes respaldaron cada uno de sus objetivos. Entre las metas destacan: aumentar la afluencia tur\u00edstica y la derrama econ\u00f3mica, mejorar la calidad de los servicios tur\u00edsticos, elevar la competitividad de Cuernavaca como destino y promover la participaci\u00f3n comunitaria en la actividad tur\u00edstica, todo ello bajo un enfoque transversal.<\/p>\n<p>En el marco de la presentaci\u00f3n del proyecto, el alcalde de Cuernavaca consider\u00f3 necesario reforzar las ofertas que hoy se est\u00e1n ofreciendo en la ciudad en materia tur\u00edstica, integrando la capacidad de cada una de las representaciones que forman parte del COCTUR, sin dejar de lado las ofertas regionales que tienen los municipios de la zona conurbada que podr\u00e1n robustecer en conjunto esta importante estrategia para el desarrollo del propio estado.<\/p>\n<p>Cabe mencionar que, las representaciones del sector turismo en la ciudad expresaron de manera individual su respaldo a esta iniciativa sin precedentes en Cuernavaca, lo que demuestra el compromiso asumido por Jos\u00e9 Luis Uri\u00f3stegui Salgado para seguir recuperando el esplendor de la Eterna Primavera.<\/p>\n<p><img loading=\"lazy\" class=\"alignnone size-medium wp-image-47779\" src=\"https:\/\/cuernavaca.gob.mx\/wp-content\/uploads\/2025\/01\/JOSE\u0301-LUIS-URIO\u0301STEGUI-PROMUEVE-ESTRATEGIA-DE-IMPULSO-AL-TURISMO-EN-CUERNAVACA-1-300x225.jpg\" alt=\"\" width=\"300\" height=\"225\" srcset=\"https:\/\/cuernavaca.gob.mx\/wp-content\/uploads\/2025\/01\/JOSE\u0301-LUIS-URIO\u0301STEGUI-PROMUEVE-ESTRATEGIA-DE-IMPULSO-AL-TURISMO-EN-CUERNAVACA-1-300x225.jpg 300w, https:\/\/cuernavaca.gob.mx\/wp-content\/uploads\/2025\/01\/JOSE\u0301-LUIS-URIO\u0301STEGUI-PROMUEVE-ESTRATEGIA-DE-IMPULSO-AL-TURISMO-EN-CUERNAVACA-1-560x420.jpg 560w, https:\/\/cuernavaca.gob.mx\/wp-content\/uploads\/2025\/01\/JOSE\u0301-LUIS-URIO\u0301STEGUI-PROMUEVE-ESTRATEGIA-DE-IMPULSO-AL-TURISMO-EN-CUERNAVACA-1.jpg 600w\" sizes=\"(max-width: 300px) 100vw, 300px\" \/> <img loading=\"lazy\" class=\"alignnone size-medium wp-image-47780\" src=\"https:\/\/cuernavaca.gob.mx\/wp-content\/uploads\/2025\/01\/JOSE\u0301-LUIS-URIO\u0301STEGUI-PROMUEVE-ESTRATEGIA-DE-IMPULSO-AL-TURISMO-EN-CUERNAVACA-2-300x200.jpg\" alt=\"\" width=\"300\" height=\"200\" srcset=\"https:\/\/cuernavaca.gob.mx\/wp-content\/uploads\/2025\/01\/JOSE\u0301-LUIS-URIO\u0301STEGUI-PROMUEVE-ESTRATEGIA-DE-IMPULSO-AL-TURISMO-EN-CUERNAVACA-2-300x200.jpg 300w, https:\/\/cuernavaca.gob.mx\/wp-content\/uploads\/2025\/01\/JOSE\u0301-LUIS-URIO\u0301STEGUI-PROMUEVE-ESTRATEGIA-DE-IMPULSO-AL-TURISMO-EN-CUERNAVACA-2-560x373.jpg 560w, https:\/\/cuernavaca.gob.mx\/wp-content\/uploads\/2025\/01\/JOSE\u0301-LUIS-URIO\u0301STEGUI-PROMUEVE-ESTRATEGIA-DE-IMPULSO-AL-TURISMO-EN-CUERNAVACA-2.jpg 600w\" sizes=\"(max-width: 300px) 100vw, 300px\" \/> <img loading=\"lazy\" class=\"alignnone size-medium wp-image-47781\" src=\"https:\/\/cuernavaca.gob.mx\/wp-content\/uploads\/2025\/01\/JOSE\u0301-LUIS-URIO\u0301STEGUI-PROMUEVE-ESTRATEGIA-DE-IMPULSO-AL-TURISMO-EN-CUERNAVACA-3-300x225.jpg\" alt=\"\" width=\"300\" height=\"225\" srcset=\"https:\/\/cuernavaca.gob.mx\/wp-content\/uploads\/2025\/01\/JOSE\u0301-LUIS-URIO\u0301STEGUI-PROMUEVE-ESTRATEGIA-DE-IMPULSO-AL-TURISMO-EN-CUERNAVACA-3-300x225.jpg 300w, https:\/\/cuernavaca.gob.mx\/wp-content\/uploads\/2025\/01\/JOSE\u0301-LUIS-URIO\u0301STEGUI-PROMUEVE-ESTRATEGIA-DE-IMPULSO-AL-TURISMO-EN-CUERNAVACA-3-1024x768.jpg 1024w, https:\/\/cuernavaca.gob.mx\/wp-content\/uploads\/2025\/01\/JOSE\u0301-LUIS-URIO\u0301STEGUI-PROMUEVE-ESTRATEGIA-DE-IMPULSO-AL-TURISMO-EN-CUERNAVACA-3-768x576.jpg 768w, https:\/\/cuernavaca.gob.mx\/wp-content\/uploads\/2025\/01\/JOSE\u0301-LUIS-URIO\u0301STEGUI-PROMUEVE-ESTRATEGIA-DE-IMPULSO-AL-TURISMO-EN-CUERNAVACA-3-600x450.jpg 600w, https:\/\/cuernavaca.gob.mx\/wp-content\/uploads\/2025\/01\/JOSE\u0301-LUIS-URIO\u0301STEGUI-PROMUEVE-ESTRATEGIA-DE-IMPULSO-AL-TURISMO-EN-CUERNAVACA-3-560x420.jpg 560w, https:\/\/cuernavaca.gob.mx\/wp-content\/uploads\/2025\/01\/JOSE\u0301-LUIS-URIO\u0301STEGUI-PROMUEVE-ESTRATEGIA-DE-IMPULSO-AL-TURISMO-EN-CUERNAVACA-3.jpg 1280w\" sizes=\"(max-width: 300px) 100vw, 300px\" \/> <img loading=\"lazy\" class=\"alignnone size-medium wp-image-47782\" src=\"https:\/\/cuernavaca.gob.mx\/wp-content\/uploads\/2025\/01\/JOSE\u0301-LUIS-URIO\u0301STEGUI-PROMUEVE-ESTRATEGIA-DE-IMPULSO-AL-TURISMO-EN-CUERNAVACA-4-300x225.jpg\" alt=\"\" width=\"300\" height=\"225\" srcset=\"https:\/\/cuernavaca.gob.mx\/wp-content\/uploads\/2025\/01\/JOSE\u0301-LUIS-URIO\u0301STEGUI-PROMUEVE-ESTRATEGIA-DE-IMPULSO-AL-TURISMO-EN-CUERNAVACA-4-300x225.jpg 300w, https:\/\/cuernavaca.gob.mx\/wp-content\/uploads\/2025\/01\/JOSE\u0301-LUIS-URIO\u0301STEGUI-PROMUEVE-ESTRATEGIA-DE-IMPULSO-AL-TURISMO-EN-CUERNAVACA-4-1024x768.jpg 1024w, https:\/\/cuernavaca.gob.mx\/wp-content\/uploads\/2025\/01\/JOSE\u0301-LUIS-URIO\u0301STEGUI-PROMUEVE-ESTRATEGIA-DE-IMPULSO-AL-TURISMO-EN-CUERNAVACA-4-768x576.jpg 768w, https:\/\/cuernavaca.gob.mx\/wp-content\/uploads\/2025\/01\/JOSE\u0301-LUIS-URIO\u0301STEGUI-PROMUEVE-ESTRATEGIA-DE-IMPULSO-AL-TURISMO-EN-CUERNAVACA-4-600x450.jpg 600w, https:\/\/cuernavaca.gob.mx\/wp-content\/uploads\/2025\/01\/JOSE\u0301-LUIS-URIO\u0301STEGUI-PROMUEVE-ESTRATEGIA-DE-IMPULSO-AL-TURISMO-EN-CUERNAVACA-4-560x420.jpg 560w, https:\/\/cuernavaca.gob.mx\/wp-content\/uploads\/2025\/01\/JOSE\u0301-LUIS-URIO\u0301STEGUI-PROMUEVE-ESTRATEGIA-DE-IMPULSO-AL-TURISMO-EN-CUERNAVACA-4.jpg 1280w\" sizes=\"(max-width: 300px) 100vw, 300px\" \/> <img loading=\"lazy\" class=\"alignnone size-medium wp-image-47783\" src=\"https:\/\/cuernavaca.gob.mx\/wp-content\/uploads\/2025\/01\/JOSE\u0301-LUIS-URIO\u0301STEGUI-PROMUEVE-ESTRATEGIA-DE-IMPULSO-AL-TURISMO-EN-CUERNAVACA-5-300x200.jpg\" alt=\"\" width=\"300\" height=\"200\" srcset=\"https:\/\/cuernavaca.gob.mx\/wp-content\/uploads\/2025\/01\/JOSE\u0301-LUIS-URIO\u0301STEGUI-PROMUEVE-ESTRATEGIA-DE-IMPULSO-AL-TURISMO-EN-CUERNAVACA-5-300x200.jpg 300w, https:\/\/cuernavaca.gob.mx\/wp-content\/uploads\/2025\/01\/JOSE\u0301-LUIS-URIO\u0301STEGUI-PROMUEVE-ESTRATEGIA-DE-IMPULSO-AL-TURISMO-EN-CUERNAVACA-5-560x373.jpg 560w, https:\/\/cuernavaca.gob.mx\/wp-content\/uploads\/2025\/01\/JOSE\u0301-LUIS-URIO\u0301STEGUI-PROMUEVE-ESTRATEGIA-DE-IMPULSO-AL-TURISMO-EN-CUERNAVACA-5.jpg 600w\" sizes=\"(max-width: 300px) 100vw, 300px\" \/> <img loading=\"lazy\" class=\"alignnone size-medium wp-image-47784\" src=\"https:\/\/cuernavaca.gob.mx\/wp-content\/uploads\/2025\/01\/JOSE\u0301-LUIS-URIO\u0301STEGUI-PROMUEVE-ESTRATEGIA-DE-IMPULSO-AL-TURISMO-EN-CUERNAVACA-6-300x200.jpg\" alt=\"\" width=\"300\" height=\"200\" srcset=\"https:\/\/cuernavaca.gob.mx\/wp-content\/uploads\/2025\/01\/JOSE\u0301-LUIS-URIO\u0301STEGUI-PROMUEVE-ESTRATEGIA-DE-IMPULSO-AL-TURISMO-EN-CUERNAVACA-6-300x200.jpg 300w, https:\/\/cuernavaca.gob.mx\/wp-content\/uploads\/2025\/01\/JOSE\u0301-LUIS-URIO\u0301STEGUI-PROMUEVE-ESTRATEGIA-DE-IMPULSO-AL-TURISMO-EN-CUERNAVACA-6-560x373.jpg 560w, https:\/\/cuernavaca.gob.mx\/wp-content\/uploads\/2025\/01\/JOSE\u0301-LUIS-URIO\u0301STEGUI-PROMUEVE-ESTRATEGIA-DE-IMPULSO-AL-TURISMO-EN-CUERNAVACA-6.jpg 600w\" sizes=\"(max-width: 300px) 100vw, 300px\" \/> <img loading=\"lazy\" class=\"alignnone size-medium wp-image-47785\" src=\"https:\/\/cuernavaca.gob.mx\/wp-content\/uploads\/2025\/01\/JOSE\u0301-LUIS-URIO\u0301STEGUI-PROMUEVE-ESTRATEGIA-DE-IMPULSO-AL-TURISMO-EN-CUERNAVACA-7-300x225.jpg\" alt=\"\" width=\"300\" height=\"225\" srcset=\"https:\/\/cuernavaca.gob.mx\/wp-content\/uploads\/2025\/01\/JOSE\u0301-LUIS-URIO\u0301STEGUI-PROMUEVE-ESTRATEGIA-DE-IMPULSO-AL-TURISMO-EN-CUERNAVACA-7-300x225.jpg 300w, https:\/\/cuernavaca.gob.mx\/wp-content\/uploads\/2025\/01\/JOSE\u0301-LUIS-URIO\u0301STEGUI-PROMUEVE-ESTRATEGIA-DE-IMPULSO-AL-TURISMO-EN-CUERNAVACA-7-1024x768.jpg 1024w, https:\/\/cuernavaca.gob.mx\/wp-content\/uploads\/2025\/01\/JOSE\u0301-LUIS-URIO\u0301STEGUI-PROMUEVE-ESTRATEGIA-DE-IMPULSO-AL-TURISMO-EN-CUERNAVACA-7-768x576.jpg 768w, https:\/\/cuernavaca.gob.mx\/wp-content\/uploads\/2025\/01\/JOSE\u0301-LUIS-URIO\u0301STEGUI-PROMUEVE-ESTRATEGIA-DE-IMPULSO-AL-TURISMO-EN-CUERNAVACA-7-600x450.jpg 600w, https:\/\/cuernavaca.gob.mx\/wp-content\/uploads\/2025\/01\/JOSE\u0301-LUIS-URIO\u0301STEGUI-PROMUEVE-ESTRATEGIA-DE-IMPULSO-AL-TURISMO-EN-CUERNAVACA-7-560x420.jpg 560w, https:\/\/cuernavaca.gob.mx\/wp-content\/uploads\/2025\/01\/JOSE\u0301-LUIS-URIO\u0301STEGUI-PROMUEVE-ESTRATEGIA-DE-IMPULSO-AL-TURISMO-EN-CUERNAVACA-7.jpg 1280w\" sizes=\"(max-width: 300px) 100vw, 300px\" \/> <img loading=\"lazy\" class=\"alignnone size-medium wp-image-47786\" src=\"https:\/\/cuernavaca.gob.mx\/wp-content\/uploads\/2025\/01\/JOSE\u0301-LUIS-URIO\u0301STEGUI-PROMUEVE-ESTRATEGIA-DE-IMPULSO-AL-TURISMO-EN-CUERNAVACA-8-300x225.jpg\" alt=\"\" width=\"300\" height=\"225\" srcset=\"https:\/\/cuernavaca.gob.mx\/wp-content\/uploads\/2025\/01\/JOSE\u0301-LUIS-URIO\u0301STEGUI-PROMUEVE-ESTRATEGIA-DE-IMPULSO-AL-TURISMO-EN-CUERNAVACA-8-300x225.jpg 300w, https:\/\/cuernavaca.gob.mx\/wp-content\/uploads\/2025\/01\/JOSE\u0301-LUIS-URIO\u0301STEGUI-PROMUEVE-ESTRATEGIA-DE-IMPULSO-AL-TURISMO-EN-CUERNAVACA-8-1024x768.jpg 1024w, https:\/\/cuernavaca.gob.mx\/wp-content\/uploads\/2025\/01\/JOSE\u0301-LUIS-URIO\u0301STEGUI-PROMUEVE-ESTRATEGIA-DE-IMPULSO-AL-TURISMO-EN-CUERNAVACA-8-768x576.jpg 768w, https:\/\/cuernavaca.gob.mx\/wp-content\/uploads\/2025\/01\/JOSE\u0301-LUIS-URIO\u0301STEGUI-PROMUEVE-ESTRATEGIA-DE-IMPULSO-AL-TURISMO-EN-CUERNAVACA-8-1536x1152.jpg 1536w, https:\/\/cuernavaca.gob.mx\/wp-content\/uploads\/2025\/01\/JOSE\u0301-LUIS-URIO\u0301STEGUI-PROMUEVE-ESTRATEGIA-DE-IMPULSO-AL-TURISMO-EN-CUERNAVACA-8-600x450.jpg 600w, https:\/\/cuernavaca.gob.mx\/wp-content\/uploads\/2025\/01\/JOSE\u0301-LUIS-URIO\u0301STEGUI-PROMUEVE-ESTRATEGIA-DE-IMPULSO-AL-TURISMO-EN-CUERNAVACA-8-560x420.jpg 560w, https:\/\/cuernavaca.gob.mx\/wp-content\/uploads\/2025\/01\/JOSE\u0301-LUIS-URIO\u0301STEGUI-PROMUEVE-ESTRATEGIA-DE-IMPULSO-AL-TURISMO-EN-CUERNAVACA-8.jpg 1600w\" sizes=\"(max-width: 300px) 100vw, 300px\" \/> <img loading=\"lazy\" class=\"alignnone size-medium wp-image-47787\" src=\"https:\/\/cuernavaca.gob.mx\/wp-content\/uploads\/2025\/01\/JOSE\u0301-LUIS-URIO\u0301STEGUI-PROMUEVE-ESTRATEGIA-DE-IMPULSO-AL-TURISMO-EN-CUERNAVACA-9-300x225.jpg\" alt=\"\" width=\"300\" height=\"225\" srcset=\"https:\/\/cuernavaca.gob.mx\/wp-content\/uploads\/2025\/01\/JOSE\u0301-LUIS-URIO\u0301STEGUI-PROMUEVE-ESTRATEGIA-DE-IMPULSO-AL-TURISMO-EN-CUERNAVACA-9-300x225.jpg 300w, https:\/\/cuernavaca.gob.mx\/wp-content\/uploads\/2025\/01\/JOSE\u0301-LUIS-URIO\u0301STEGUI-PROMUEVE-ESTRATEGIA-DE-IMPULSO-AL-TURISMO-EN-CUERNAVACA-9-560x420.jpg 560w, https:\/\/cuernavaca.gob.mx\/wp-content\/uploads\/2025\/01\/JOSE\u0301-LUIS-URIO\u0301STEGUI-PROMUEVE-ESTRATEGIA-DE-IMPULSO-AL-TURISMO-EN-CUERNAVACA-9.jpg 600w\" sizes=\"(max-width: 300px) 100vw, 300px\" \/><\/p>\n","protected":false},"excerpt":{"rendered":"<p>\u2022 La capital del estado recuperar\u00e1 su esplendor como la ciudad de la Eterna Primavera gracias a la participaci\u00f3n activa de los sectores p\u00fablico y privado Con el objetivo de fortalecer la industria tur\u00edstica y mejorar la oferta de servicios en la regi\u00f3n, el Ayuntamiento de Cuernavaca ha anunciado el lanzamiento de una ambiciosa &#8220;Estrategia [&hellip;]<\/p>\n","protected":false},"author":1,"featured_media":47786,"comment_status":"closed","ping_status":"open","sticky":false,"template":"","format":"standard","meta":[],"categories":[21],"tags":[121,190,375,3987,206,356,127,194],"aioseo_notices":[],"_links":{"self":[{"href":"https:\/\/cuernavaca.gob.mx\/index.php?rest_route=\/wp\/v2\/posts\/47778"}],"collection":[{"href":"https:\/\/cuernavaca.gob.mx\/index.php?rest_route=\/wp\/v2\/posts"}],"about":[{"href":"https:\/\/cuernavaca.gob.mx\/index.php?rest_route=\/wp\/v2\/types\/post"}],"author":[{"embeddable":true,"href":"https:\/\/cuernavaca.gob.mx\/index.php?rest_route=\/wp\/v2\/users\/1"}],"replies":[{"embeddable":true,"href":"https:\/\/cuernavaca.gob.mx\/index.php?rest_route=%2Fwp%2Fv2%2Fcomments&post=47778"}],"version-history":[{"count":1,"href":"https:\/\/cuernavaca.gob.mx\/index.php?rest_route=\/wp\/v2\/posts\/47778\/revisions"}],"predecessor-version":[{"id":47788,"href":"https:\/\/cuernavaca.gob.mx\/index.php?rest_route=\/wp\/v2\/posts\/47778\/revisions\/47788"}],"wp:featuredmedia":[{"embeddable":true,"href":"https:\/\/cuernavaca.gob.mx\/index.php?rest_route=\/wp\/v2\/media\/47786"}],"wp:attachment":[{"href":"https:\/\/cuernavaca.gob.mx\/index.php?rest_route=%2Fwp%2Fv2%2Fmedia&parent=47778"}],"wp:term":[{"taxonomy":"category","embeddable":true,"href":"https:\/\/cuernavaca.gob.mx\/index.php?rest_route=%2Fwp%2Fv2%2Fcategories&post=47778"},{"taxonomy":"post_tag","embeddable":true,"href":"https:\/\/cuernavaca.gob.mx\/index.php?rest_route=%2Fwp%2Fv2%2Ftags&post=47778"}],"curies":[{"name":"wp","href":"https:\/\/api.w.org\/{rel}","templated":true}]}}