{"id":47793,"date":"2025-01-20T09:00:17","date_gmt":"2025-01-20T15:00:17","guid":{"rendered":"https:\/\/cuernavaca.gob.mx\/?p=47793"},"modified":"2025-01-20T10:43:16","modified_gmt":"2025-01-20T16:43:16","slug":"f06-20-01-25-jose-luis-uriostegui-promueve-alianzas-interinstitucionales-para-fortalecer-la-seguridad-y-el-bienestar-comunitario","status":"publish","type":"post","link":"https:\/\/cuernavaca.gob.mx\/?p=47793","title":{"rendered":"F06 20\/01\/25 JOS\u00c9 LUIS URI\u00d3STEGUI PROMUEVE ALIANZAS INTERINSTITUCIONALES PARA FORTALECER LA SEGURIDAD Y EL BIENESTAR COMUNITARIO"},"content":{"rendered":"<p>El presidente municipal de Cuernavaca, Jos\u00e9 Luis Uri\u00f3stegui Salgado, particip\u00f3 este lunes en la Mesa de Coordinaci\u00f3n Estatal para la Construcci\u00f3n de Paz y Seguridad, donde refrend\u00f3 su compromiso por seguir generando acciones y estrategias de coordinaci\u00f3n con los tres \u00f3rdenes de gobierno y municipios conurbados, que promuevan la paz y la seguridad para las y los cuernavaquenses.<\/p>\n<p>Durante el encuentro celebrado en el municipio de Jiutepec, el alcalde, acompa\u00f1ado de la gobernadora del estado de Morelos, Margarita Gonz\u00e1lez Saravia, destac\u00f3 la importancia de las alianzas interinstitucionales como estrategias clave para lograr resultados concretos en materia de seguridad p\u00fablica y prevenci\u00f3n de la incidencia delictiva. Cabe se\u00f1alar que, Uri\u00f3stegui Salgado ha mantenido una colaboraci\u00f3n estrecha con la actual gobernadora, lo que fortalece estos esfuerzos conjuntos.<\/p>\n<p>A esta mesa de trabajo, tambi\u00e9n asistieron los alcaldes de Jiutepec, Temixco, Emiliano Zapata, y Xochitepec, as\u00ed como autoridades estatales y federales.<\/p>\n\n\t\t<style type=\"text\/css\">\n\t\t\t#gallery-1 {\n\t\t\t\tmargin: auto;\n\t\t\t}\n\t\t\t#gallery-1 .gallery-item {\n\t\t\t\tfloat: left;\n\t\t\t\tmargin-top: 10px;\n\t\t\t\ttext-align: center;\n\t\t\t\twidth: 33%;\n\t\t\t}\n\t\t\t#gallery-1 img {\n\t\t\t\tborder: 2px solid #cfcfcf;\n\t\t\t}\n\t\t\t#gallery-1 .gallery-caption {\n\t\t\t\tmargin-left: 0;\n\t\t\t}\n\t\t\t\/* see gallery_shortcode() in wp-includes\/media.php *\/\n\t\t<\/style>\n\t\t<div id='gallery-1' class='gallery galleryid-47793 gallery-columns-3 gallery-size-thumbnail'><dl class='gallery-item'>\n\t\t\t<dt class='gallery-icon landscape'>\n\t\t\t\t<a href='https:\/\/cuernavaca.gob.mx\/?attachment_id=47794'><img width=\"150\" height=\"150\" src=\"https:\/\/cuernavaca.gob.mx\/wp-content\/uploads\/2025\/01\/JOSE\u0301-LUIS-URIO\u0301STEGUI-PROMUEVE-ALIANZAS-INTERINSTITUCIONALES-PARA-FORTALECER-LA-SEGURIDAD-Y-EL-BIENESTAR-COMUNITARIO-1-150x150.jpg\" class=\"attachment-thumbnail size-thumbnail\" alt=\"\" loading=\"lazy\" \/><\/a>\n\t\t\t<\/dt><\/dl><dl class='gallery-item'>\n\t\t\t<dt class='gallery-icon landscape'>\n\t\t\t\t<a href='https:\/\/cuernavaca.gob.mx\/?attachment_id=47795'><img width=\"150\" height=\"150\" src=\"https:\/\/cuernavaca.gob.mx\/wp-content\/uploads\/2025\/01\/JOSE\u0301-LUIS-URIO\u0301STEGUI-PROMUEVE-ALIANZAS-INTERINSTITUCIONALES-PARA-FORTALECER-LA-SEGURIDAD-Y-EL-BIENESTAR-COMUNITARIO-2-150x150.jpg\" class=\"attachment-thumbnail size-thumbnail\" alt=\"\" loading=\"lazy\" \/><\/a>\n\t\t\t<\/dt><\/dl><dl class='gallery-item'>\n\t\t\t<dt class='gallery-icon landscape'>\n\t\t\t\t<a href='https:\/\/cuernavaca.gob.mx\/?attachment_id=47796'><img width=\"150\" height=\"150\" src=\"https:\/\/cuernavaca.gob.mx\/wp-content\/uploads\/2025\/01\/JOSE\u0301-LUIS-URIO\u0301STEGUI-PROMUEVE-ALIANZAS-INTERINSTITUCIONALES-PARA-FORTALECER-LA-SEGURIDAD-Y-EL-BIENESTAR-COMUNITARIO-3-150x150.jpg\" class=\"attachment-thumbnail size-thumbnail\" alt=\"\" loading=\"lazy\" \/><\/a>\n\t\t\t<\/dt><\/dl><br style=\"clear: both\" \/>\n\t\t<\/div>\n\n","protected":false},"excerpt":{"rendered":"<p>El presidente municipal de Cuernavaca, Jos\u00e9 Luis Uri\u00f3stegui Salgado, particip\u00f3 este lunes en la Mesa de Coordinaci\u00f3n Estatal para la Construcci\u00f3n de Paz y Seguridad, donde refrend\u00f3 su compromiso por seguir generando acciones y estrategias de coordinaci\u00f3n con los tres \u00f3rdenes de gobierno y municipios conurbados, que promuevan la paz y la seguridad para las [&hellip;]<\/p>\n","protected":false},"author":1,"featured_media":47795,"comment_status":"closed","ping_status":"open","sticky":false,"template":"","format":"standard","meta":[],"categories":[17],"tags":[2582,121,120,206,127,414,125,2396],"aioseo_notices":[],"_links":{"self":[{"href":"https:\/\/cuernavaca.gob.mx\/index.php?rest_route=\/wp\/v2\/posts\/47793"}],"collection":[{"href":"https:\/\/cuernavaca.gob.mx\/index.php?rest_route=\/wp\/v2\/posts"}],"about":[{"href":"https:\/\/cuernavaca.gob.mx\/index.php?rest_route=\/wp\/v2\/types\/post"}],"author":[{"embeddable":true,"href":"https:\/\/cuernavaca.gob.mx\/index.php?rest_route=\/wp\/v2\/users\/1"}],"replies":[{"embeddable":true,"href":"https:\/\/cuernavaca.gob.mx\/index.php?rest_route=%2Fwp%2Fv2%2Fcomments&post=47793"}],"version-history":[{"count":1,"href":"https:\/\/cuernavaca.gob.mx\/index.php?rest_route=\/wp\/v2\/posts\/47793\/revisions"}],"predecessor-version":[{"id":47797,"href":"https:\/\/cuernavaca.gob.mx\/index.php?rest_route=\/wp\/v2\/posts\/47793\/revisions\/47797"}],"wp:featuredmedia":[{"embeddable":true,"href":"https:\/\/cuernavaca.gob.mx\/index.php?rest_route=\/wp\/v2\/media\/47795"}],"wp:attachment":[{"href":"https:\/\/cuernavaca.gob.mx\/index.php?rest_route=%2Fwp%2Fv2%2Fmedia&parent=47793"}],"wp:term":[{"taxonomy":"category","embeddable":true,"href":"https:\/\/cuernavaca.gob.mx\/index.php?rest_route=%2Fwp%2Fv2%2Fcategories&post=47793"},{"taxonomy":"post_tag","embeddable":true,"href":"https:\/\/cuernavaca.gob.mx\/index.php?rest_route=%2Fwp%2Fv2%2Ftags&post=47793"}],"curies":[{"name":"wp","href":"https:\/\/api.w.org\/{rel}","templated":true}]}}