{"id":47813,"date":"2025-01-21T09:00:56","date_gmt":"2025-01-21T15:00:56","guid":{"rendered":"https:\/\/cuernavaca.gob.mx\/?p=47813"},"modified":"2025-01-21T13:36:38","modified_gmt":"2025-01-21T19:36:38","slug":"c-21-01-25-comunicado-de-prensa","status":"publish","type":"post","link":"https:\/\/cuernavaca.gob.mx\/?p=47813","title":{"rendered":"C 21\/01\/25 COMUNICADO DE PRENSA"},"content":{"rendered":"<p>El Ayuntamiento de Cuernavaca, a trav\u00e9s del Sistema Municipal DIF Cuernavaca, informa que el d\u00eda de ayer se registr\u00f3 un robo en las instalaciones de la instituci\u00f3n, el cual fue perpetrado de forma desleal por una colaboradora del organismo que indebidamente tom\u00f3 recursos p\u00fablicos para disponerlos en beneficio de s\u00ed misma o de terceros. Este hecho fue r\u00e1pidamente detectado y atendido por las autoridades correspondientes.<\/p>\n<p>El Gobierno Municipal condena en\u00e9rgicamente este acto, reafirmando su compromiso con la transparencia, la legalidad y el respeto a los bienes p\u00fablicos, por lo cual exhorta a la Fiscal\u00eda General del Estado de Morelos a que el proceso de investigaci\u00f3n se realice de acuerdo con la ley, para asegurar que se tomen las medidas necesarias conforme a los hechos.<\/p>\n\n\t\t<style type=\"text\/css\">\n\t\t\t#gallery-1 {\n\t\t\t\tmargin: auto;\n\t\t\t}\n\t\t\t#gallery-1 .gallery-item {\n\t\t\t\tfloat: left;\n\t\t\t\tmargin-top: 10px;\n\t\t\t\ttext-align: center;\n\t\t\t\twidth: 33%;\n\t\t\t}\n\t\t\t#gallery-1 img {\n\t\t\t\tborder: 2px solid #cfcfcf;\n\t\t\t}\n\t\t\t#gallery-1 .gallery-caption {\n\t\t\t\tmargin-left: 0;\n\t\t\t}\n\t\t\t\/* see gallery_shortcode() in wp-includes\/media.php *\/\n\t\t<\/style>\n\t\t<div id='gallery-1' class='gallery galleryid-47813 gallery-columns-3 gallery-size-thumbnail'><dl class='gallery-item'>\n\t\t\t<dt class='gallery-icon landscape'>\n\t\t\t\t<a href='https:\/\/cuernavaca.gob.mx\/?attachment_id=47815'><img width=\"150\" height=\"150\" src=\"https:\/\/cuernavaca.gob.mx\/wp-content\/uploads\/2025\/01\/COMUNICADO-DE-PRENSA-1-150x150.jpg\" class=\"attachment-thumbnail size-thumbnail\" alt=\"\" loading=\"lazy\" srcset=\"https:\/\/cuernavaca.gob.mx\/wp-content\/uploads\/2025\/01\/COMUNICADO-DE-PRENSA-1-150x150.jpg 150w, https:\/\/cuernavaca.gob.mx\/wp-content\/uploads\/2025\/01\/COMUNICADO-DE-PRENSA-1-300x300.jpg 300w, https:\/\/cuernavaca.gob.mx\/wp-content\/uploads\/2025\/01\/COMUNICADO-DE-PRENSA-1-1024x1024.jpg 1024w, https:\/\/cuernavaca.gob.mx\/wp-content\/uploads\/2025\/01\/COMUNICADO-DE-PRENSA-1-768x768.jpg 768w, https:\/\/cuernavaca.gob.mx\/wp-content\/uploads\/2025\/01\/COMUNICADO-DE-PRENSA-1-1536x1536.jpg 1536w, https:\/\/cuernavaca.gob.mx\/wp-content\/uploads\/2025\/01\/COMUNICADO-DE-PRENSA-1-600x600.jpg 600w, https:\/\/cuernavaca.gob.mx\/wp-content\/uploads\/2025\/01\/COMUNICADO-DE-PRENSA-1-560x560.jpg 560w, https:\/\/cuernavaca.gob.mx\/wp-content\/uploads\/2025\/01\/COMUNICADO-DE-PRENSA-1.jpg 1600w\" sizes=\"(max-width: 150px) 100vw, 150px\" \/><\/a>\n\t\t\t<\/dt><\/dl>\n\t\t\t<br style='clear: both' \/>\n\t\t<\/div>\n\n","protected":false},"excerpt":{"rendered":"<p>El Ayuntamiento de Cuernavaca, a trav\u00e9s del Sistema Municipal DIF Cuernavaca, informa que el d\u00eda de ayer se registr\u00f3 un robo en las instalaciones de la instituci\u00f3n, el cual fue perpetrado de forma desleal por una colaboradora del organismo que indebidamente tom\u00f3 recursos p\u00fablicos para disponerlos en beneficio de s\u00ed misma o de terceros. Este [&hellip;]<\/p>\n","protected":false},"author":1,"featured_media":47815,"comment_status":"closed","ping_status":"open","sticky":false,"template":"","format":"standard","meta":[],"categories":[1],"tags":[1060,121,120,206,127],"aioseo_notices":[],"_links":{"self":[{"href":"https:\/\/cuernavaca.gob.mx\/index.php?rest_route=\/wp\/v2\/posts\/47813"}],"collection":[{"href":"https:\/\/cuernavaca.gob.mx\/index.php?rest_route=\/wp\/v2\/posts"}],"about":[{"href":"https:\/\/cuernavaca.gob.mx\/index.php?rest_route=\/wp\/v2\/types\/post"}],"author":[{"embeddable":true,"href":"https:\/\/cuernavaca.gob.mx\/index.php?rest_route=\/wp\/v2\/users\/1"}],"replies":[{"embeddable":true,"href":"https:\/\/cuernavaca.gob.mx\/index.php?rest_route=%2Fwp%2Fv2%2Fcomments&post=47813"}],"version-history":[{"count":1,"href":"https:\/\/cuernavaca.gob.mx\/index.php?rest_route=\/wp\/v2\/posts\/47813\/revisions"}],"predecessor-version":[{"id":47816,"href":"https:\/\/cuernavaca.gob.mx\/index.php?rest_route=\/wp\/v2\/posts\/47813\/revisions\/47816"}],"wp:featuredmedia":[{"embeddable":true,"href":"https:\/\/cuernavaca.gob.mx\/index.php?rest_route=\/wp\/v2\/media\/47815"}],"wp:attachment":[{"href":"https:\/\/cuernavaca.gob.mx\/index.php?rest_route=%2Fwp%2Fv2%2Fmedia&parent=47813"}],"wp:term":[{"taxonomy":"category","embeddable":true,"href":"https:\/\/cuernavaca.gob.mx\/index.php?rest_route=%2Fwp%2Fv2%2Fcategories&post=47813"},{"taxonomy":"post_tag","embeddable":true,"href":"https:\/\/cuernavaca.gob.mx\/index.php?rest_route=%2Fwp%2Fv2%2Ftags&post=47813"}],"curies":[{"name":"wp","href":"https:\/\/api.w.org\/{rel}","templated":true}]}}