{"id":47817,"date":"2025-01-17T13:25:39","date_gmt":"2025-01-17T19:25:39","guid":{"rendered":"https:\/\/cuernavaca.gob.mx\/?p=47817"},"modified":"2025-01-21T13:40:55","modified_gmt":"2025-01-21T19:40:55","slug":"b26-17-01-25-solicita-jose-luis-uriostegui-revision-de-perfiles-de-elementos-y-altos-mandos-de-seprac","status":"publish","type":"post","link":"https:\/\/cuernavaca.gob.mx\/?p=47817","title":{"rendered":"B26 17\/01\/25 SOLICITA JOS\u00c9 LUIS URI\u00d3STEGUI REVISI\u00d3N DE PERFILES DE ELEMENTOS Y ALTOS MANDOS DE SEPRAC"},"content":{"rendered":"<p><strong>* El presidente municipal de Cuernavaca solicit\u00f3 el apoyo de la Mesa de Construcci\u00f3n de Paz para efectuar una revisi\u00f3n a la corporaci\u00f3n a fin de garantizar la seguridad de los elementos \u00a0<\/strong><\/p>\n<p>El presidente municipal de Cuernavaca, Jos\u00e9 Luis Uri\u00f3steguiSalgado, expres\u00f3 la necesidad de reforzar los protocolos de seguridad y la revisi\u00f3n de perfiles de los integrantes de la polic\u00eda, para garantizar la integridad de la corporaci\u00f3n y tranquilidad de los ciudadanos.<\/p>\n<p>Ante representantes de medios de comunicaci\u00f3n, indic\u00f3 que, aunque la gran mayor\u00eda de los agentes de la polic\u00eda municipal cuentan con ex\u00e1menes de control y confianza aprobados, ha solicitado a la Mesa de Construcci\u00f3n de Paz, integrada por autoridades estatales y federales, su apoyo para efectuar una revisi\u00f3n de toda la corporaci\u00f3n, incluyendo los altos mandos, para evitar que los elementos est\u00e9n en riesgo.<\/p>\n<p>Uri\u00f3stegui Salgado se\u00f1al\u00f3 que lo anterior fue planteado, el d\u00eda de ayer, en una reuni\u00f3n de coordinaci\u00f3n que sostuvo el edil en la 24\/a. Zona Militar con el fiscal general del estado de Morelos, Uriel Carmona G\u00e1ndara; el titular de la delegaci\u00f3n en Morelos de la Fiscal\u00eda General de la Rep\u00fablica, Hugo Manuel Bello Ocampo; el secretario de Seguridad y Protecci\u00f3n Ciudadana del Estado, Miguel \u00c1ngel Urrutia Lozano, y la titular de SEPRAC, Alicia V\u00e1zquez Luna.<\/p>\n<p>De esta manera, el alcalde de Cuernavaca reiter\u00f3 su compromiso de seguir velando por la seguridad y tranquilidad de las familias cuernavaquenses.<\/p>\n<p><img loading=\"lazy\" class=\"alignnone size-medium wp-image-47818\" src=\"https:\/\/cuernavaca.gob.mx\/wp-content\/uploads\/2025\/01\/SOLICITA-JOSE\u0301-LUIS-URIO\u0301STEGUI-REVISIO\u0301N-DE-PERFILES-DE-ELEMENTOS-Y-ALTOS-MANDOS-DE-SEPRAC-1-300x225.jpg\" alt=\"\" width=\"300\" height=\"225\" srcset=\"https:\/\/cuernavaca.gob.mx\/wp-content\/uploads\/2025\/01\/SOLICITA-JOSE\u0301-LUIS-URIO\u0301STEGUI-REVISIO\u0301N-DE-PERFILES-DE-ELEMENTOS-Y-ALTOS-MANDOS-DE-SEPRAC-1-300x225.jpg 300w, https:\/\/cuernavaca.gob.mx\/wp-content\/uploads\/2025\/01\/SOLICITA-JOSE\u0301-LUIS-URIO\u0301STEGUI-REVISIO\u0301N-DE-PERFILES-DE-ELEMENTOS-Y-ALTOS-MANDOS-DE-SEPRAC-1-1024x769.jpg 1024w, https:\/\/cuernavaca.gob.mx\/wp-content\/uploads\/2025\/01\/SOLICITA-JOSE\u0301-LUIS-URIO\u0301STEGUI-REVISIO\u0301N-DE-PERFILES-DE-ELEMENTOS-Y-ALTOS-MANDOS-DE-SEPRAC-1-768x577.jpg 768w, https:\/\/cuernavaca.gob.mx\/wp-content\/uploads\/2025\/01\/SOLICITA-JOSE\u0301-LUIS-URIO\u0301STEGUI-REVISIO\u0301N-DE-PERFILES-DE-ELEMENTOS-Y-ALTOS-MANDOS-DE-SEPRAC-1-1536x1153.jpg 1536w, https:\/\/cuernavaca.gob.mx\/wp-content\/uploads\/2025\/01\/SOLICITA-JOSE\u0301-LUIS-URIO\u0301STEGUI-REVISIO\u0301N-DE-PERFILES-DE-ELEMENTOS-Y-ALTOS-MANDOS-DE-SEPRAC-1-2048x1538.jpg 2048w, https:\/\/cuernavaca.gob.mx\/wp-content\/uploads\/2025\/01\/SOLICITA-JOSE\u0301-LUIS-URIO\u0301STEGUI-REVISIO\u0301N-DE-PERFILES-DE-ELEMENTOS-Y-ALTOS-MANDOS-DE-SEPRAC-1-600x451.jpg 600w, https:\/\/cuernavaca.gob.mx\/wp-content\/uploads\/2025\/01\/SOLICITA-JOSE\u0301-LUIS-URIO\u0301STEGUI-REVISIO\u0301N-DE-PERFILES-DE-ELEMENTOS-Y-ALTOS-MANDOS-DE-SEPRAC-1-560x421.jpg 560w\" sizes=\"(max-width: 300px) 100vw, 300px\" \/><\/p>\n","protected":false},"excerpt":{"rendered":"<p>* El presidente municipal de Cuernavaca solicit\u00f3 el apoyo de la Mesa de Construcci\u00f3n de Paz para efectuar una revisi\u00f3n a la corporaci\u00f3n a fin de garantizar la seguridad de los elementos \u00a0 El presidente municipal de Cuernavaca, Jos\u00e9 Luis Uri\u00f3steguiSalgado, expres\u00f3 la necesidad de reforzar los protocolos de seguridad y la revisi\u00f3n de perfiles [&hellip;]<\/p>\n","protected":false},"author":1,"featured_media":47818,"comment_status":"closed","ping_status":"open","sticky":false,"template":"","format":"standard","meta":[],"categories":[17],"tags":[121,3223,120,206,3235,201,127,125],"aioseo_notices":[],"_links":{"self":[{"href":"https:\/\/cuernavaca.gob.mx\/index.php?rest_route=\/wp\/v2\/posts\/47817"}],"collection":[{"href":"https:\/\/cuernavaca.gob.mx\/index.php?rest_route=\/wp\/v2\/posts"}],"about":[{"href":"https:\/\/cuernavaca.gob.mx\/index.php?rest_route=\/wp\/v2\/types\/post"}],"author":[{"embeddable":true,"href":"https:\/\/cuernavaca.gob.mx\/index.php?rest_route=\/wp\/v2\/users\/1"}],"replies":[{"embeddable":true,"href":"https:\/\/cuernavaca.gob.mx\/index.php?rest_route=%2Fwp%2Fv2%2Fcomments&post=47817"}],"version-history":[{"count":1,"href":"https:\/\/cuernavaca.gob.mx\/index.php?rest_route=\/wp\/v2\/posts\/47817\/revisions"}],"predecessor-version":[{"id":47819,"href":"https:\/\/cuernavaca.gob.mx\/index.php?rest_route=\/wp\/v2\/posts\/47817\/revisions\/47819"}],"wp:featuredmedia":[{"embeddable":true,"href":"https:\/\/cuernavaca.gob.mx\/index.php?rest_route=\/wp\/v2\/media\/47818"}],"wp:attachment":[{"href":"https:\/\/cuernavaca.gob.mx\/index.php?rest_route=%2Fwp%2Fv2%2Fmedia&parent=47817"}],"wp:term":[{"taxonomy":"category","embeddable":true,"href":"https:\/\/cuernavaca.gob.mx\/index.php?rest_route=%2Fwp%2Fv2%2Fcategories&post=47817"},{"taxonomy":"post_tag","embeddable":true,"href":"https:\/\/cuernavaca.gob.mx\/index.php?rest_route=%2Fwp%2Fv2%2Ftags&post=47817"}],"curies":[{"name":"wp","href":"https:\/\/api.w.org\/{rel}","templated":true}]}}