{"id":47829,"date":"2025-01-22T16:00:47","date_gmt":"2025-01-22T22:00:47","guid":{"rendered":"https:\/\/cuernavaca.gob.mx\/?p=47829"},"modified":"2025-01-22T16:35:41","modified_gmt":"2025-01-22T22:35:41","slug":"b31-22-01-25-seprac-captura-a-cuatro-sujetos-por-robo-de-vehiculo-en-cuernavaca","status":"publish","type":"post","link":"https:\/\/cuernavaca.gob.mx\/?p=47829","title":{"rendered":"B31 22\/01\/25 SEPRAC CAPTURA A CUATRO SUJETOS POR ROBO DE VEH\u00cdCULO EN CUERNAVACA"},"content":{"rendered":"<p><strong>* Se presume forman parte de una banda dedicada al robo de veh\u00edculos en colonias colindantes de Cuernavaca y Jiutepec<\/strong><\/p>\n<p>Derivado de un reporte recibido al Centro de Control, C\u00f3mputo y Comando (C4) de Cuernavaca, la Secretar\u00eda de Protecci\u00f3n y Auxilio Ciudadano (SEPRAC) logr\u00f3 la detenci\u00f3n de cuatro personas, entre ellas tres adolescentes, quienes presuntamente ser\u00edan los responsables del robo de un veh\u00edculo en la colonia Vicente Estrada Cajigal en la capital morelense.<\/p>\n<p>Los detenidos son Joshua Yaret &#8220;N\u201d de 19 a\u00f1os con domicilio en Cuernavaca, as\u00ed como tres adolescentes, Patricio Joxan \u201cN\u201d, Diego \u201cN\u201d y \u00c1ngel Yahir \u201cN\u201d, quienes presuntamente forman parte de una banda dedicada al robo de veh\u00edculos en colonias colindantes de Cuernavaca y Jiutepec, hechos que han sido ampliamente difundidos a trav\u00e9s de las redes sociales.<\/p>\n<p>La detenci\u00f3n se registr\u00f3 el martes 21 de enero tras una denuncia oportuna al C4 por parte de la v\u00edctima, quien report\u00f3 el robo de su veh\u00edculo marca Mazda tipo CX-5 color blanco, y fueron puestos a disposici\u00f3n del Ministerio P\u00fablico quien habr\u00e1 de determinar la situaci\u00f3n jur\u00eddica,<\/p>\n<p>Si fue v\u00edctima de estas personas, denuncie al Ministerio P\u00fablico ubicado en Boulevard Apatlaco #165, colonia Campo del Rayo, municipio de Temixco, Morelos.<\/p>\n\n\t\t<style type=\"text\/css\">\n\t\t\t#gallery-1 {\n\t\t\t\tmargin: auto;\n\t\t\t}\n\t\t\t#gallery-1 .gallery-item {\n\t\t\t\tfloat: left;\n\t\t\t\tmargin-top: 10px;\n\t\t\t\ttext-align: center;\n\t\t\t\twidth: 33%;\n\t\t\t}\n\t\t\t#gallery-1 img {\n\t\t\t\tborder: 2px solid #cfcfcf;\n\t\t\t}\n\t\t\t#gallery-1 .gallery-caption {\n\t\t\t\tmargin-left: 0;\n\t\t\t}\n\t\t\t\/* see gallery_shortcode() in wp-includes\/media.php *\/\n\t\t<\/style>\n\t\t<div id='gallery-1' class='gallery galleryid-47829 gallery-columns-3 gallery-size-thumbnail'><dl class='gallery-item'>\n\t\t\t<dt class='gallery-icon landscape'>\n\t\t\t\t<a href='https:\/\/cuernavaca.gob.mx\/?attachment_id=47830'><img width=\"150\" height=\"150\" src=\"https:\/\/cuernavaca.gob.mx\/wp-content\/uploads\/2025\/01\/SEPRAC-CAPTURA-A-CUATRO-SUJETOS-POR-ROBO-DE-VEHI\u0301CULO-EN-CUERNAVACA-150x150.jpg\" class=\"attachment-thumbnail size-thumbnail\" alt=\"\" loading=\"lazy\" srcset=\"https:\/\/cuernavaca.gob.mx\/wp-content\/uploads\/2025\/01\/SEPRAC-CAPTURA-A-CUATRO-SUJETOS-POR-ROBO-DE-VEHI\u0301CULO-EN-CUERNAVACA-150x150.jpg 150w, https:\/\/cuernavaca.gob.mx\/wp-content\/uploads\/2025\/01\/SEPRAC-CAPTURA-A-CUATRO-SUJETOS-POR-ROBO-DE-VEHI\u0301CULO-EN-CUERNAVACA-300x300.jpg 300w, https:\/\/cuernavaca.gob.mx\/wp-content\/uploads\/2025\/01\/SEPRAC-CAPTURA-A-CUATRO-SUJETOS-POR-ROBO-DE-VEHI\u0301CULO-EN-CUERNAVACA-1024x1024.jpg 1024w, https:\/\/cuernavaca.gob.mx\/wp-content\/uploads\/2025\/01\/SEPRAC-CAPTURA-A-CUATRO-SUJETOS-POR-ROBO-DE-VEHI\u0301CULO-EN-CUERNAVACA-768x768.jpg 768w, https:\/\/cuernavaca.gob.mx\/wp-content\/uploads\/2025\/01\/SEPRAC-CAPTURA-A-CUATRO-SUJETOS-POR-ROBO-DE-VEHI\u0301CULO-EN-CUERNAVACA-600x600.jpg 600w, https:\/\/cuernavaca.gob.mx\/wp-content\/uploads\/2025\/01\/SEPRAC-CAPTURA-A-CUATRO-SUJETOS-POR-ROBO-DE-VEHI\u0301CULO-EN-CUERNAVACA-560x560.jpg 560w, https:\/\/cuernavaca.gob.mx\/wp-content\/uploads\/2025\/01\/SEPRAC-CAPTURA-A-CUATRO-SUJETOS-POR-ROBO-DE-VEHI\u0301CULO-EN-CUERNAVACA.jpg 1080w\" sizes=\"(max-width: 150px) 100vw, 150px\" \/><\/a>\n\t\t\t<\/dt><\/dl>\n\t\t\t<br style='clear: both' \/>\n\t\t<\/div>\n\n","protected":false},"excerpt":{"rendered":"<p>* Se presume forman parte de una banda dedicada al robo de veh\u00edculos en colonias colindantes de Cuernavaca y Jiutepec Derivado de un reporte recibido al Centro de Control, C\u00f3mputo y Comando (C4) de Cuernavaca, la Secretar\u00eda de Protecci\u00f3n y Auxilio Ciudadano (SEPRAC) logr\u00f3 la detenci\u00f3n de cuatro personas, entre ellas tres adolescentes, quienes presuntamente [&hellip;]<\/p>\n","protected":false},"author":1,"featured_media":47830,"comment_status":"closed","ping_status":"open","sticky":false,"template":"","format":"standard","meta":[],"categories":[17],"tags":[121,721,120,206,3235,127,414,125],"aioseo_notices":[],"_links":{"self":[{"href":"https:\/\/cuernavaca.gob.mx\/index.php?rest_route=\/wp\/v2\/posts\/47829"}],"collection":[{"href":"https:\/\/cuernavaca.gob.mx\/index.php?rest_route=\/wp\/v2\/posts"}],"about":[{"href":"https:\/\/cuernavaca.gob.mx\/index.php?rest_route=\/wp\/v2\/types\/post"}],"author":[{"embeddable":true,"href":"https:\/\/cuernavaca.gob.mx\/index.php?rest_route=\/wp\/v2\/users\/1"}],"replies":[{"embeddable":true,"href":"https:\/\/cuernavaca.gob.mx\/index.php?rest_route=%2Fwp%2Fv2%2Fcomments&post=47829"}],"version-history":[{"count":2,"href":"https:\/\/cuernavaca.gob.mx\/index.php?rest_route=\/wp\/v2\/posts\/47829\/revisions"}],"predecessor-version":[{"id":47832,"href":"https:\/\/cuernavaca.gob.mx\/index.php?rest_route=\/wp\/v2\/posts\/47829\/revisions\/47832"}],"wp:featuredmedia":[{"embeddable":true,"href":"https:\/\/cuernavaca.gob.mx\/index.php?rest_route=\/wp\/v2\/media\/47830"}],"wp:attachment":[{"href":"https:\/\/cuernavaca.gob.mx\/index.php?rest_route=%2Fwp%2Fv2%2Fmedia&parent=47829"}],"wp:term":[{"taxonomy":"category","embeddable":true,"href":"https:\/\/cuernavaca.gob.mx\/index.php?rest_route=%2Fwp%2Fv2%2Fcategories&post=47829"},{"taxonomy":"post_tag","embeddable":true,"href":"https:\/\/cuernavaca.gob.mx\/index.php?rest_route=%2Fwp%2Fv2%2Ftags&post=47829"}],"curies":[{"name":"wp","href":"https:\/\/api.w.org\/{rel}","templated":true}]}}