{"id":47869,"date":"2025-01-23T08:00:24","date_gmt":"2025-01-23T14:00:24","guid":{"rendered":"https:\/\/cuernavaca.gob.mx\/?p=47869"},"modified":"2025-01-23T10:01:22","modified_gmt":"2025-01-23T16:01:22","slug":"b33-23-01-25-detiene-seprac-a-hombre-con-portacion-de-arma-de-fuego","status":"publish","type":"post","link":"https:\/\/cuernavaca.gob.mx\/?p=47869","title":{"rendered":"B33 23\/01\/25 DETIENE SEPRAC A HOMBRE CON PORTACI\u00d3N DE ARMA DE FUEGO"},"content":{"rendered":"<p><strong>*A trav\u00e9s de una pronta y oportuna atenci\u00f3n, elementos de la SEPRAC detuvieron al masculino de 19 a\u00f1os<\/strong><\/p>\n<p>La Secretar\u00eda de Protecci\u00f3n y Auxilio Ciudadano de Cuernavaca (SEPRAC) informa sobre la detenci\u00f3n de un hombre por el presunto delito de portaci\u00f3n de arma de fuego, dando respuesta a un reporte recibido en el Centro de Control, C\u00f3mputo y Comando (C4).<\/p>\n<p>Luego de aplicar los protocolos de seguridad y realizar una inspecci\u00f3n al masculino, los elementos polic\u00edacos localizaron un objeto con las caracter\u00edsticas de un arma de fuego y siete cartuchos.<\/p>\n<p>Fernando &#8220;N&#8221;, de 19 a\u00f1os y proveniente del municipio de Huitzilac, coment\u00f3 ser militar en activo, pero tambi\u00e9n resalt\u00f3 pertenecer presuntamente a un grupo delincuencial, por lo cual los elementos realizaron su detenci\u00f3n y puesta a disposici\u00f3n.<\/p>\n<p>A trav\u00e9s de la pronta y oportuna denuncia de la ciudadan\u00eda al n\u00famero directo del C4, 777 312 1274, se contin\u00faa brindando atenci\u00f3n r\u00e1pida y adecuada a las v\u00edctimas.<\/p>\n\n\t\t<style type=\"text\/css\">\n\t\t\t#gallery-1 {\n\t\t\t\tmargin: auto;\n\t\t\t}\n\t\t\t#gallery-1 .gallery-item {\n\t\t\t\tfloat: left;\n\t\t\t\tmargin-top: 10px;\n\t\t\t\ttext-align: center;\n\t\t\t\twidth: 33%;\n\t\t\t}\n\t\t\t#gallery-1 img {\n\t\t\t\tborder: 2px solid #cfcfcf;\n\t\t\t}\n\t\t\t#gallery-1 .gallery-caption {\n\t\t\t\tmargin-left: 0;\n\t\t\t}\n\t\t\t\/* see gallery_shortcode() in wp-includes\/media.php *\/\n\t\t<\/style>\n\t\t<div id='gallery-1' class='gallery galleryid-47869 gallery-columns-3 gallery-size-thumbnail'><dl class='gallery-item'>\n\t\t\t<dt class='gallery-icon landscape'>\n\t\t\t\t<a href='https:\/\/cuernavaca.gob.mx\/?attachment_id=47870'><img width=\"150\" height=\"150\" src=\"https:\/\/cuernavaca.gob.mx\/wp-content\/uploads\/2025\/01\/DETIENE-SEPRAC-A-HOMBRE-CON-PORTACIO\u0301N-DE-ARMA-DE-FUEGO-1-150x150.jpg\" class=\"attachment-thumbnail size-thumbnail\" alt=\"\" loading=\"lazy\" srcset=\"https:\/\/cuernavaca.gob.mx\/wp-content\/uploads\/2025\/01\/DETIENE-SEPRAC-A-HOMBRE-CON-PORTACIO\u0301N-DE-ARMA-DE-FUEGO-1-150x150.jpg 150w, https:\/\/cuernavaca.gob.mx\/wp-content\/uploads\/2025\/01\/DETIENE-SEPRAC-A-HOMBRE-CON-PORTACIO\u0301N-DE-ARMA-DE-FUEGO-1-300x300.jpg 300w, https:\/\/cuernavaca.gob.mx\/wp-content\/uploads\/2025\/01\/DETIENE-SEPRAC-A-HOMBRE-CON-PORTACIO\u0301N-DE-ARMA-DE-FUEGO-1-1024x1024.jpg 1024w, https:\/\/cuernavaca.gob.mx\/wp-content\/uploads\/2025\/01\/DETIENE-SEPRAC-A-HOMBRE-CON-PORTACIO\u0301N-DE-ARMA-DE-FUEGO-1-768x768.jpg 768w, https:\/\/cuernavaca.gob.mx\/wp-content\/uploads\/2025\/01\/DETIENE-SEPRAC-A-HOMBRE-CON-PORTACIO\u0301N-DE-ARMA-DE-FUEGO-1-600x600.jpg 600w, https:\/\/cuernavaca.gob.mx\/wp-content\/uploads\/2025\/01\/DETIENE-SEPRAC-A-HOMBRE-CON-PORTACIO\u0301N-DE-ARMA-DE-FUEGO-1-560x560.jpg 560w, https:\/\/cuernavaca.gob.mx\/wp-content\/uploads\/2025\/01\/DETIENE-SEPRAC-A-HOMBRE-CON-PORTACIO\u0301N-DE-ARMA-DE-FUEGO-1.jpg 1080w\" sizes=\"(max-width: 150px) 100vw, 150px\" \/><\/a>\n\t\t\t<\/dt><\/dl>\n\t\t\t<br style='clear: both' \/>\n\t\t<\/div>\n\n","protected":false},"excerpt":{"rendered":"<p>*A trav\u00e9s de una pronta y oportuna atenci\u00f3n, elementos de la SEPRAC detuvieron al masculino de 19 a\u00f1os La Secretar\u00eda de Protecci\u00f3n y Auxilio Ciudadano de Cuernavaca (SEPRAC) informa sobre la detenci\u00f3n de un hombre por el presunto delito de portaci\u00f3n de arma de fuego, dando respuesta a un reporte recibido en el Centro de [&hellip;]<\/p>\n","protected":false},"author":1,"featured_media":47870,"comment_status":"closed","ping_status":"open","sticky":false,"template":"","format":"standard","meta":[],"categories":[1],"tags":[2582,121,120,206,3989,3399,414,125],"aioseo_notices":[],"_links":{"self":[{"href":"https:\/\/cuernavaca.gob.mx\/index.php?rest_route=\/wp\/v2\/posts\/47869"}],"collection":[{"href":"https:\/\/cuernavaca.gob.mx\/index.php?rest_route=\/wp\/v2\/posts"}],"about":[{"href":"https:\/\/cuernavaca.gob.mx\/index.php?rest_route=\/wp\/v2\/types\/post"}],"author":[{"embeddable":true,"href":"https:\/\/cuernavaca.gob.mx\/index.php?rest_route=\/wp\/v2\/users\/1"}],"replies":[{"embeddable":true,"href":"https:\/\/cuernavaca.gob.mx\/index.php?rest_route=%2Fwp%2Fv2%2Fcomments&post=47869"}],"version-history":[{"count":1,"href":"https:\/\/cuernavaca.gob.mx\/index.php?rest_route=\/wp\/v2\/posts\/47869\/revisions"}],"predecessor-version":[{"id":47871,"href":"https:\/\/cuernavaca.gob.mx\/index.php?rest_route=\/wp\/v2\/posts\/47869\/revisions\/47871"}],"wp:featuredmedia":[{"embeddable":true,"href":"https:\/\/cuernavaca.gob.mx\/index.php?rest_route=\/wp\/v2\/media\/47870"}],"wp:attachment":[{"href":"https:\/\/cuernavaca.gob.mx\/index.php?rest_route=%2Fwp%2Fv2%2Fmedia&parent=47869"}],"wp:term":[{"taxonomy":"category","embeddable":true,"href":"https:\/\/cuernavaca.gob.mx\/index.php?rest_route=%2Fwp%2Fv2%2Fcategories&post=47869"},{"taxonomy":"post_tag","embeddable":true,"href":"https:\/\/cuernavaca.gob.mx\/index.php?rest_route=%2Fwp%2Fv2%2Ftags&post=47869"}],"curies":[{"name":"wp","href":"https:\/\/api.w.org\/{rel}","templated":true}]}}