{"id":47883,"date":"2025-01-23T11:00:59","date_gmt":"2025-01-23T17:00:59","guid":{"rendered":"https:\/\/cuernavaca.gob.mx\/?p=47883"},"modified":"2025-01-23T11:52:12","modified_gmt":"2025-01-23T17:52:12","slug":"b34-23-01-25-jose-luis-uriostegui-asegura-el-bienestar-de-72-familias-cuernavaquenses-que-recibieron-escrituras-por-parte-de-insus","status":"publish","type":"post","link":"https:\/\/cuernavaca.gob.mx\/?p=47883","title":{"rendered":"B34 23\/01\/25 JOS\u00c9 LUIS URI\u00d3STEGUI ASEGURA EL BIENESTAR DE 72 FAMILIAS CUERNAVAQUENSES QUE RECIBIERON ESCRITURAS POR PARTE DE INSUS"},"content":{"rendered":"<p><strong>\u2022 El presidente municipal de Cuernavaca reafirma su compromiso con la certeza jur\u00eddica y el apoyo en la regularizaci\u00f3n de la tenencia de la tierra<\/strong><\/p>\n<p>El Ayuntamiento de Cuernavaca, encabezado por el alcalde Jos\u00e9 Luis Uri\u00f3stegui Salgado, contin\u00faa trabajando por proporcionarle a la ciudadan\u00eda mayor certeza jur\u00eddica y apoyo en su proceso de regularizaci\u00f3n de la tenencia de la tierra, por lo cual en colaboraci\u00f3n con el Instituto Nacional del Suelo Sustentable (INSUS) particip\u00f3 este jueves en la entrega de 72 escrituras a familias cuernavaquenses que a\u00fan no contaban con un t\u00edtulo de propiedad de sus terrenos.<\/p>\n<p>En la sede Papagayo del Gobierno Municipal, que abri\u00f3 sus puertas a este importante evento, el alcalde resalt\u00f3 que la entrega de escrituras da certeza jur\u00eddica sobre la posesi\u00f3n de su propiedad a 37 mujeres y 35 hombres de distintas localidades de la ciudad, lo que a su vez fortalece su seguridad patrimonial y les permite tomar decisiones m\u00e1s informadas sobre el futuro de sus propiedades.<\/p>\n<p>Este proceso coordinado entre las autoridades federales, estatales y municipales es especialmente importante para Cuernavaca, una ciudad con cuatro n\u00facleos comunales y siete n\u00facleos ejidales, donde cerca del 40 por ciento de la poblaci\u00f3n cuentan con constancias de posesi\u00f3n y no escrituras, siendo en esta ocasi\u00f3n beneficiados vecinas y vecinos de Chipitl\u00e1n, Chapultepec, El Salto, Tlaltenango, y Patios de la Estaci\u00f3n, contribuyendo no solo al bienestar de las familias, sino tambi\u00e9n a promover el ordenamiento territorial y el desarrollo sustentable en la regi\u00f3n.<\/p>\n<p>Por su lado, el representante regional de INSUS en Ciudad de M\u00e9xico y los estados de Hidalgo, M\u00e9xico y Morelos, Luis Miguel Lona Hern\u00e1ndez, reconoci\u00f3 la apertura del Ayuntamiento de Cuernavaca para, adem\u00e1s de abrirles este espacio, facilitar la regularizaci\u00f3n de la ciudadan\u00eda en el pago de sus contribuciones, que consider\u00f3 una inversi\u00f3n para acceder a esta certeza jur\u00eddica patrimonial. Asimismo, invit\u00f3 a m\u00e1s personas a tramitar sus escrituras y recibir este beneficio que traer\u00e1 seguridad y tranquilidad a las familias.<\/p>\n<p>A nombre de las y los beneficiarios, la Sra. Mar\u00eda del Carmen Garc\u00eda Castro, vecina de la colonia Patios de la Estaci\u00f3n, agradeci\u00f3 a las instancias de los tres niveles de gobierno involucradas en la regularizaci\u00f3n de los predios por su apoyo en la escrituraci\u00f3n que representa un gran beneficio para sus familias y para sus planes futuros.<\/p>\n<p>Al evento asistieron el coordinador operativo de INSUS en Morelos, Filiberto Maldonado Montoya; el director del Instituto de Servicios Registrales y Catastrales del Estado de Morelos, \u00d3scar Rosales Rangel; el regidor Alan Moreno Dom\u00ednguez, y el director de Catastro e Impuesto Predial de Cuernavaca, Fernando Streber Montagne.<\/p>\n\n\t\t<style type=\"text\/css\">\n\t\t\t#gallery-1 {\n\t\t\t\tmargin: auto;\n\t\t\t}\n\t\t\t#gallery-1 .gallery-item {\n\t\t\t\tfloat: left;\n\t\t\t\tmargin-top: 10px;\n\t\t\t\ttext-align: center;\n\t\t\t\twidth: 33%;\n\t\t\t}\n\t\t\t#gallery-1 img {\n\t\t\t\tborder: 2px solid #cfcfcf;\n\t\t\t}\n\t\t\t#gallery-1 .gallery-caption {\n\t\t\t\tmargin-left: 0;\n\t\t\t}\n\t\t\t\/* see gallery_shortcode() in wp-includes\/media.php *\/\n\t\t<\/style>\n\t\t<div id='gallery-1' class='gallery galleryid-47883 gallery-columns-3 gallery-size-thumbnail'><dl class='gallery-item'>\n\t\t\t<dt class='gallery-icon landscape'>\n\t\t\t\t<a href='https:\/\/cuernavaca.gob.mx\/?attachment_id=47884'><img width=\"150\" height=\"150\" src=\"https:\/\/cuernavaca.gob.mx\/wp-content\/uploads\/2025\/01\/JOSE\u0301-LUIS-URIO\u0301STEGUI-ASEGURA-EL-BIENESTAR-DE-72-FAMILIAS-CUERNAVAQUENSES-QUE-RECIBIERON-ESCRITURAS-POR-PARTE-DE-INSUS-5-150x150.jpg\" class=\"attachment-thumbnail size-thumbnail\" alt=\"\" loading=\"lazy\" \/><\/a>\n\t\t\t<\/dt><\/dl><dl class='gallery-item'>\n\t\t\t<dt class='gallery-icon landscape'>\n\t\t\t\t<a href='https:\/\/cuernavaca.gob.mx\/?attachment_id=47885'><img width=\"150\" height=\"150\" src=\"https:\/\/cuernavaca.gob.mx\/wp-content\/uploads\/2025\/01\/JOSE\u0301-LUIS-URIO\u0301STEGUI-ASEGURA-EL-BIENESTAR-DE-72-FAMILIAS-CUERNAVAQUENSES-QUE-RECIBIERON-ESCRITURAS-POR-PARTE-DE-INSUS-1-150x150.jpg\" class=\"attachment-thumbnail size-thumbnail\" alt=\"\" loading=\"lazy\" \/><\/a>\n\t\t\t<\/dt><\/dl><dl class='gallery-item'>\n\t\t\t<dt class='gallery-icon landscape'>\n\t\t\t\t<a href='https:\/\/cuernavaca.gob.mx\/?attachment_id=47886'><img width=\"150\" height=\"150\" src=\"https:\/\/cuernavaca.gob.mx\/wp-content\/uploads\/2025\/01\/JOSE\u0301-LUIS-URIO\u0301STEGUI-ASEGURA-EL-BIENESTAR-DE-72-FAMILIAS-CUERNAVAQUENSES-QUE-RECIBIERON-ESCRITURAS-POR-PARTE-DE-INSUS-2-150x150.jpg\" class=\"attachment-thumbnail size-thumbnail\" alt=\"\" loading=\"lazy\" \/><\/a>\n\t\t\t<\/dt><\/dl><br style=\"clear: both\" \/><dl class='gallery-item'>\n\t\t\t<dt class='gallery-icon landscape'>\n\t\t\t\t<a href='https:\/\/cuernavaca.gob.mx\/?attachment_id=47887'><img width=\"150\" height=\"150\" src=\"https:\/\/cuernavaca.gob.mx\/wp-content\/uploads\/2025\/01\/JOSE\u0301-LUIS-URIO\u0301STEGUI-ASEGURA-EL-BIENESTAR-DE-72-FAMILIAS-CUERNAVAQUENSES-QUE-RECIBIERON-ESCRITURAS-POR-PARTE-DE-INSUS-3-150x150.jpg\" class=\"attachment-thumbnail size-thumbnail\" alt=\"\" loading=\"lazy\" \/><\/a>\n\t\t\t<\/dt><\/dl><dl class='gallery-item'>\n\t\t\t<dt class='gallery-icon landscape'>\n\t\t\t\t<a href='https:\/\/cuernavaca.gob.mx\/?attachment_id=47888'><img width=\"150\" height=\"150\" src=\"https:\/\/cuernavaca.gob.mx\/wp-content\/uploads\/2025\/01\/JOSE\u0301-LUIS-URIO\u0301STEGUI-ASEGURA-EL-BIENESTAR-DE-72-FAMILIAS-CUERNAVAQUENSES-QUE-RECIBIERON-ESCRITURAS-POR-PARTE-DE-INSUS-4-150x150.jpg\" class=\"attachment-thumbnail size-thumbnail\" alt=\"\" loading=\"lazy\" \/><\/a>\n\t\t\t<\/dt><\/dl>\n\t\t\t<br style='clear: both' \/>\n\t\t<\/div>\n\n","protected":false},"excerpt":{"rendered":"<p>\u2022 El presidente municipal de Cuernavaca reafirma su compromiso con la certeza jur\u00eddica y el apoyo en la regularizaci\u00f3n de la tenencia de la tierra El Ayuntamiento de Cuernavaca, encabezado por el alcalde Jos\u00e9 Luis Uri\u00f3stegui Salgado, contin\u00faa trabajando por proporcionarle a la ciudadan\u00eda mayor certeza jur\u00eddica y apoyo en su proceso de regularizaci\u00f3n de [&hellip;]<\/p>\n","protected":false},"author":1,"featured_media":47888,"comment_status":"closed","ping_status":"open","sticky":false,"template":"","format":"standard","meta":[],"categories":[3047,20],"tags":[966,3224,121,2665,1160,120,206,127],"aioseo_notices":[],"_links":{"self":[{"href":"https:\/\/cuernavaca.gob.mx\/index.php?rest_route=\/wp\/v2\/posts\/47883"}],"collection":[{"href":"https:\/\/cuernavaca.gob.mx\/index.php?rest_route=\/wp\/v2\/posts"}],"about":[{"href":"https:\/\/cuernavaca.gob.mx\/index.php?rest_route=\/wp\/v2\/types\/post"}],"author":[{"embeddable":true,"href":"https:\/\/cuernavaca.gob.mx\/index.php?rest_route=\/wp\/v2\/users\/1"}],"replies":[{"embeddable":true,"href":"https:\/\/cuernavaca.gob.mx\/index.php?rest_route=%2Fwp%2Fv2%2Fcomments&post=47883"}],"version-history":[{"count":1,"href":"https:\/\/cuernavaca.gob.mx\/index.php?rest_route=\/wp\/v2\/posts\/47883\/revisions"}],"predecessor-version":[{"id":47889,"href":"https:\/\/cuernavaca.gob.mx\/index.php?rest_route=\/wp\/v2\/posts\/47883\/revisions\/47889"}],"wp:featuredmedia":[{"embeddable":true,"href":"https:\/\/cuernavaca.gob.mx\/index.php?rest_route=\/wp\/v2\/media\/47888"}],"wp:attachment":[{"href":"https:\/\/cuernavaca.gob.mx\/index.php?rest_route=%2Fwp%2Fv2%2Fmedia&parent=47883"}],"wp:term":[{"taxonomy":"category","embeddable":true,"href":"https:\/\/cuernavaca.gob.mx\/index.php?rest_route=%2Fwp%2Fv2%2Fcategories&post=47883"},{"taxonomy":"post_tag","embeddable":true,"href":"https:\/\/cuernavaca.gob.mx\/index.php?rest_route=%2Fwp%2Fv2%2Ftags&post=47883"}],"curies":[{"name":"wp","href":"https:\/\/api.w.org\/{rel}","templated":true}]}}