{"id":47974,"date":"2025-01-26T13:28:57","date_gmt":"2025-01-26T19:28:57","guid":{"rendered":"https:\/\/cuernavaca.gob.mx\/?p=47974"},"modified":"2025-01-26T13:28:57","modified_gmt":"2025-01-26T19:28:57","slug":"b37-26-01-25-cabildo-reanuda-programas-clave-para-el-ordenamiento-territorial-de-cuernavaca","status":"publish","type":"post","link":"https:\/\/cuernavaca.gob.mx\/?p=47974","title":{"rendered":"B37 26\/01\/25 CABILDO REANUDA PROGRAMAS CLAVE PARA EL ORDENAMIENTO TERRITORIAL DE CUERNAVACA"},"content":{"rendered":"<p><strong>\u2022\u2060 \u2060La ciudadan\u00eda puede acceder a los Programas de Regularizaci\u00f3n de Predios con Construcci\u00f3n Ocultos a la Acci\u00f3n Fiscal y de Incorporaci\u00f3n de Predios Ejidales y Comunales de Uso Habitacional que contemplan est\u00edmulos fiscales<\/strong><\/p>\n<p><strong>\u2022\u2060 \u2060La ciudadan\u00eda puede acceder a est\u00edmulos fiscales para obtener certeza jur\u00eddica de sus propiedades<\/strong><\/p>\n<p>El Cabildo de Cuernavaca encabezado por el presidente municipal, Jos\u00e9 Luis Uri\u00f3stegui Salgado, ha reanudado dos programas clave para mejorar el ordenamiento territorial en la ciudad, el Programa de Regularizaci\u00f3n de Predios con Construcci\u00f3n Ocultos a la Acci\u00f3n Fiscal y el Programa de Incorporaci\u00f3n de Predios Ejidales y Comunales de Uso Habitacional, que contemplan est\u00edmulos fiscales que facilitar\u00e1n la obtenci\u00f3n de legalidad y certeza jur\u00eddica para miles de propiedades.<\/p>\n<p>El Programa de Regularizaci\u00f3n de Predios con Construcci\u00f3n Ocultos a la Acci\u00f3n Fiscal est\u00e1 dirigido a propietarios de bienes inmuebles donde existen construcciones que, por diversas razones, no han sido notificadas y, por ende, no han pagado sus derechos, otorgando el beneficio de cubrir \u00fanicamente el pago correspondiente al ejercicio fiscal 2025, aplicando dicho descuento conforme a la tabla de valores unitarios autorizada.<\/p>\n<p>En tanto, a trav\u00e9s del Programa de Incorporaci\u00f3n de Predios Ejidales y Comunales de Uso Habitacional se facilita el proceso de incorporaci\u00f3n de estos predios al Catastro Municipal, por lo que los propietarios tienen la oportunidad de cubrir solo el pago del ejercicio fiscal 2025, al brindarles un est\u00edmulo fiscal en el pago de los cinco a\u00f1os anteriores como lo marca la ley en la materia.<\/p>\n<p>Al respecto, Jos\u00e9 Luis Uri\u00f3stegui Salgado se\u00f1al\u00f3 la importancia de estas iniciativas como parte de su compromiso con generar un desarrollo urbano ordenado y el fortalecimiento de la seguridad jur\u00eddica para las y los cuernavaquenses, adem\u00e1s, de resaltar, que estos programas tambi\u00e9n contribuir\u00e1n al crecimiento econ\u00f3mico de la ciudad, ya que, al regularizar m\u00e1s propiedades, se genera un entorno m\u00e1s confiable para la inversi\u00f3n y la mejora de la infraestructura urbana.<\/p>\n<p>Cabe mencionar que, los est\u00edmulos fiscales cuentan con una vigencia hasta el 31 de diciembre de 2025 y para acceder a ellos deben dirigirse a las oficinas de la Direcci\u00f3n de Catastro e Impuesto Predial que se ubican en el edificio de Tesorer\u00eda Municipal en calle Cuauhtemotzin #4, colonia Centro.<\/p>\n\n\t\t<style type=\"text\/css\">\n\t\t\t#gallery-1 {\n\t\t\t\tmargin: auto;\n\t\t\t}\n\t\t\t#gallery-1 .gallery-item {\n\t\t\t\tfloat: left;\n\t\t\t\tmargin-top: 10px;\n\t\t\t\ttext-align: center;\n\t\t\t\twidth: 33%;\n\t\t\t}\n\t\t\t#gallery-1 img {\n\t\t\t\tborder: 2px solid #cfcfcf;\n\t\t\t}\n\t\t\t#gallery-1 .gallery-caption {\n\t\t\t\tmargin-left: 0;\n\t\t\t}\n\t\t\t\/* see gallery_shortcode() in wp-includes\/media.php *\/\n\t\t<\/style>\n\t\t<div id='gallery-1' class='gallery galleryid-47974 gallery-columns-3 gallery-size-thumbnail'><dl class='gallery-item'>\n\t\t\t<dt class='gallery-icon landscape'>\n\t\t\t\t<a href='https:\/\/cuernavaca.gob.mx\/?attachment_id=47975'><img width=\"150\" height=\"150\" src=\"https:\/\/cuernavaca.gob.mx\/wp-content\/uploads\/2025\/01\/Programa-Ordenamiento-territorial-01-150x150.jpeg\" class=\"attachment-thumbnail size-thumbnail\" alt=\"\" loading=\"lazy\" srcset=\"https:\/\/cuernavaca.gob.mx\/wp-content\/uploads\/2025\/01\/Programa-Ordenamiento-territorial-01-150x150.jpeg 150w, https:\/\/cuernavaca.gob.mx\/wp-content\/uploads\/2025\/01\/Programa-Ordenamiento-territorial-01-300x300.jpeg 300w, https:\/\/cuernavaca.gob.mx\/wp-content\/uploads\/2025\/01\/Programa-Ordenamiento-territorial-01-1024x1024.jpeg 1024w, https:\/\/cuernavaca.gob.mx\/wp-content\/uploads\/2025\/01\/Programa-Ordenamiento-territorial-01-768x768.jpeg 768w, https:\/\/cuernavaca.gob.mx\/wp-content\/uploads\/2025\/01\/Programa-Ordenamiento-territorial-01-1536x1536.jpeg 1536w, https:\/\/cuernavaca.gob.mx\/wp-content\/uploads\/2025\/01\/Programa-Ordenamiento-territorial-01-600x600.jpeg 600w, https:\/\/cuernavaca.gob.mx\/wp-content\/uploads\/2025\/01\/Programa-Ordenamiento-territorial-01-560x560.jpeg 560w, https:\/\/cuernavaca.gob.mx\/wp-content\/uploads\/2025\/01\/Programa-Ordenamiento-territorial-01.jpeg 1600w\" sizes=\"(max-width: 150px) 100vw, 150px\" \/><\/a>\n\t\t\t<\/dt><\/dl><dl class='gallery-item'>\n\t\t\t<dt class='gallery-icon landscape'>\n\t\t\t\t<a href='https:\/\/cuernavaca.gob.mx\/?attachment_id=47976'><img width=\"150\" height=\"150\" src=\"https:\/\/cuernavaca.gob.mx\/wp-content\/uploads\/2025\/01\/Programa-Ordenamiento-territorial-02-150x150.jpeg\" class=\"attachment-thumbnail size-thumbnail\" alt=\"\" loading=\"lazy\" \/><\/a>\n\t\t\t<\/dt><\/dl><dl class='gallery-item'>\n\t\t\t<dt class='gallery-icon landscape'>\n\t\t\t\t<a href='https:\/\/cuernavaca.gob.mx\/?attachment_id=47977'><img width=\"150\" height=\"150\" src=\"https:\/\/cuernavaca.gob.mx\/wp-content\/uploads\/2025\/01\/Programa-Ordenamiento-territorial-03-150x150.jpeg\" class=\"attachment-thumbnail size-thumbnail\" alt=\"\" loading=\"lazy\" \/><\/a>\n\t\t\t<\/dt><\/dl><br style=\"clear: both\" \/><dl class='gallery-item'>\n\t\t\t<dt class='gallery-icon landscape'>\n\t\t\t\t<a href='https:\/\/cuernavaca.gob.mx\/?attachment_id=47978'><img width=\"150\" height=\"150\" src=\"https:\/\/cuernavaca.gob.mx\/wp-content\/uploads\/2025\/01\/Programa-Ordenamiento-territorial-04-150x150.jpeg\" class=\"attachment-thumbnail size-thumbnail\" alt=\"\" loading=\"lazy\" \/><\/a>\n\t\t\t<\/dt><\/dl>\n\t\t\t<br style='clear: both' \/>\n\t\t<\/div>\n\n","protected":false},"excerpt":{"rendered":"<p>\u2022\u2060 \u2060La ciudadan\u00eda puede acceder a los Programas de Regularizaci\u00f3n de Predios con Construcci\u00f3n Ocultos a la Acci\u00f3n Fiscal y de Incorporaci\u00f3n de Predios Ejidales y Comunales de Uso Habitacional que contemplan est\u00edmulos fiscales \u2022\u2060 \u2060La ciudadan\u00eda puede acceder a est\u00edmulos fiscales para obtener certeza jur\u00eddica de sus propiedades El Cabildo de Cuernavaca encabezado por [&hellip;]<\/p>\n","protected":false},"author":1,"featured_media":47977,"comment_status":"closed","ping_status":"open","sticky":false,"template":"","format":"standard","meta":[],"categories":[2271,20],"tags":[121,2184,3992,3860,211,3991],"aioseo_notices":[],"_links":{"self":[{"href":"https:\/\/cuernavaca.gob.mx\/index.php?rest_route=\/wp\/v2\/posts\/47974"}],"collection":[{"href":"https:\/\/cuernavaca.gob.mx\/index.php?rest_route=\/wp\/v2\/posts"}],"about":[{"href":"https:\/\/cuernavaca.gob.mx\/index.php?rest_route=\/wp\/v2\/types\/post"}],"author":[{"embeddable":true,"href":"https:\/\/cuernavaca.gob.mx\/index.php?rest_route=\/wp\/v2\/users\/1"}],"replies":[{"embeddable":true,"href":"https:\/\/cuernavaca.gob.mx\/index.php?rest_route=%2Fwp%2Fv2%2Fcomments&post=47974"}],"version-history":[{"count":1,"href":"https:\/\/cuernavaca.gob.mx\/index.php?rest_route=\/wp\/v2\/posts\/47974\/revisions"}],"predecessor-version":[{"id":47979,"href":"https:\/\/cuernavaca.gob.mx\/index.php?rest_route=\/wp\/v2\/posts\/47974\/revisions\/47979"}],"wp:featuredmedia":[{"embeddable":true,"href":"https:\/\/cuernavaca.gob.mx\/index.php?rest_route=\/wp\/v2\/media\/47977"}],"wp:attachment":[{"href":"https:\/\/cuernavaca.gob.mx\/index.php?rest_route=%2Fwp%2Fv2%2Fmedia&parent=47974"}],"wp:term":[{"taxonomy":"category","embeddable":true,"href":"https:\/\/cuernavaca.gob.mx\/index.php?rest_route=%2Fwp%2Fv2%2Fcategories&post=47974"},{"taxonomy":"post_tag","embeddable":true,"href":"https:\/\/cuernavaca.gob.mx\/index.php?rest_route=%2Fwp%2Fv2%2Ftags&post=47974"}],"curies":[{"name":"wp","href":"https:\/\/api.w.org\/{rel}","templated":true}]}}