{"id":47984,"date":"2025-01-27T13:00:28","date_gmt":"2025-01-27T19:00:28","guid":{"rendered":"https:\/\/cuernavaca.gob.mx\/?p=47984"},"modified":"2025-01-27T13:43:55","modified_gmt":"2025-01-27T19:43:55","slug":"b39-27-01-25-cuernavaca-sigue-avanzando-en-la-construccion-de-una-sociedad-que-fomenta-los-derechos-de-ninas-ninos-y-adolescentes","status":"publish","type":"post","link":"https:\/\/cuernavaca.gob.mx\/?p=47984","title":{"rendered":"B39 27\/01\/25 CUERNAVACA SIGUE AVANZANDO EN LA CONSTRUCCI\u00d3N DE UNA SOCIEDAD QUE FOMENTA LOS DERECHOS DE NI\u00d1AS, NI\u00d1OS Y ADOLESCENTES"},"content":{"rendered":"<p><strong>\u2022 Con la instalaci\u00f3n del Sipinna municipal, Jos\u00e9 Luis Uri\u00f3stegui Salgado refrend\u00f3 su compromiso de implementar acciones para garantizar el bienestar y respeto de los derechos de las infancias y adolescencias<\/strong><\/p>\n<p>El presidente municipal de Cuernavaca, Jos\u00e9 Luis Uri\u00f3stegui Salgado, encabez\u00f3 este lunes la instalaci\u00f3n del Sistema de Protecci\u00f3n Integral de Ni\u00f1as, Ni\u00f1os y Adolescentes (Sipinna) en el municipio, un paso fundamental en la construcci\u00f3n de una ciudad m\u00e1s segura y justa para las nuevas generaciones, con el compromiso de impulsar una sociedad que priorice el bienestar y el respeto de los derechos de las infancias y adolescencias.<\/p>\n<p>Teniendo como escenario el Museo de la Ciudad de Cuernavaca (MuCiC), el alcalde capitalino, en su calidad de presidente del sistema, tom\u00f3 protesta a los integrantes, y resalt\u00f3 que ante el inter\u00e9s que tiene su administraci\u00f3n por el tema de familia, es de suma importancia unir esfuerzos con los diversos niveles de gobierno, organizaciones civiles y la sociedad en general, para que la capital morelense sea un lugar donde se respete el libre ejercicio de los derechos de las ni\u00f1as, ni\u00f1os y adolescentes, afrontando en conjunto los retos que enfrenta la ni\u00f1ez cuernavaquense.<\/p>\n<p>En el marco de la sesi\u00f3n, se design\u00f3 a Claudia Popoca Gonz\u00e1lez, como secretaria ejecutiva del Sipinna municipal, quien a su vez present\u00f3 la convocatoria para la designaci\u00f3n de las ni\u00f1as, ni\u00f1os y adolescentes, as\u00ed como representantes del sector social, que integrar\u00e1n el sistema que busca crear un modelo de protecci\u00f3n m\u00e1s efectivo y accesible, garantizando los derechos fundamentales de la infancia y adolescencia, piezas clave en la agenda municipal.<\/p>\n<p>La sesi\u00f3n ordinaria cont\u00f3 con la asistencia de manera virtual de Alejandro Villa Ceballos, en representaci\u00f3n del Sipinna nacional, quien reconoci\u00f3 la disposici\u00f3n y voluntad del Gobierno Municipal de Cuernavaca para crear este primer c\u00edrculo de protecci\u00f3n en la ciudad capital, manifestando el acompa\u00f1amiento permanente de la Secretar\u00eda Ejecutiva en todos los temas de agenda de derechos de ni\u00f1as, ni\u00f1os y adolescentes.<\/p>\n<p>Asimismo, participaron representantes del sector social, de la Secretar\u00eda Ejecutiva del Sipinna Estatal y del Tribunal Unitario de Justicia Penal para Adolescentes (TUJA). Adem\u00e1s, de las ni\u00f1as, ni\u00f1os y adolescentes de Cuernavaca, Erika Sarita Guadalupe Y\u00e1\u00f1ez, Karime Sinai Garc\u00eda Blas, Josu\u00e9 Isa\u00ed D\u00edaz Lara, y Jorge David S\u00e1nchez Salazar, quienes al uso de la palabra coincidieron en algunos retos que enfrenta la ni\u00f1ez, externando su confianza de que, a trav\u00e9s del Sipinna del municipio, Cuernavaca podr\u00e1 dar un paso importante para consolidarse como una ciudad m\u00e1s inclusiva, justa y segura.<\/p>\n\n\t\t<style type=\"text\/css\">\n\t\t\t#gallery-1 {\n\t\t\t\tmargin: auto;\n\t\t\t}\n\t\t\t#gallery-1 .gallery-item {\n\t\t\t\tfloat: left;\n\t\t\t\tmargin-top: 10px;\n\t\t\t\ttext-align: center;\n\t\t\t\twidth: 33%;\n\t\t\t}\n\t\t\t#gallery-1 img {\n\t\t\t\tborder: 2px solid #cfcfcf;\n\t\t\t}\n\t\t\t#gallery-1 .gallery-caption {\n\t\t\t\tmargin-left: 0;\n\t\t\t}\n\t\t\t\/* see gallery_shortcode() in wp-includes\/media.php *\/\n\t\t<\/style>\n\t\t<div id='gallery-1' class='gallery galleryid-47984 gallery-columns-3 gallery-size-thumbnail'><dl class='gallery-item'>\n\t\t\t<dt class='gallery-icon landscape'>\n\t\t\t\t<a href='https:\/\/cuernavaca.gob.mx\/?attachment_id=47985'><img width=\"150\" height=\"150\" src=\"https:\/\/cuernavaca.gob.mx\/wp-content\/uploads\/2025\/01\/CUERNAVACA-SIGUE-AVANZANDO-EN-LA-CONSTRUCCIO\u0301N-DE-UNA-SOCIEDAD-QUE-FOMENTA-LOS-DERECHOS-DE-NIN\u0303AS-NIN\u0303OS-Y-ADOLESCENTES-3-150x150.jpg\" class=\"attachment-thumbnail size-thumbnail\" alt=\"\" loading=\"lazy\" \/><\/a>\n\t\t\t<\/dt><\/dl><dl class='gallery-item'>\n\t\t\t<dt class='gallery-icon landscape'>\n\t\t\t\t<a href='https:\/\/cuernavaca.gob.mx\/?attachment_id=47986'><img width=\"150\" height=\"150\" src=\"https:\/\/cuernavaca.gob.mx\/wp-content\/uploads\/2025\/01\/CUERNAVACA-SIGUE-AVANZANDO-EN-LA-CONSTRUCCIO\u0301N-DE-UNA-SOCIEDAD-QUE-FOMENTA-LOS-DERECHOS-DE-NIN\u0303AS-NIN\u0303OS-Y-ADOLESCENTES-2-150x150.jpg\" class=\"attachment-thumbnail size-thumbnail\" alt=\"\" loading=\"lazy\" \/><\/a>\n\t\t\t<\/dt><\/dl><dl class='gallery-item'>\n\t\t\t<dt class='gallery-icon landscape'>\n\t\t\t\t<a href='https:\/\/cuernavaca.gob.mx\/?attachment_id=47987'><img width=\"150\" height=\"150\" src=\"https:\/\/cuernavaca.gob.mx\/wp-content\/uploads\/2025\/01\/CUERNAVACA-SIGUE-AVANZANDO-EN-LA-CONSTRUCCIO\u0301N-DE-UNA-SOCIEDAD-QUE-FOMENTA-LOS-DERECHOS-DE-NIN\u0303AS-NIN\u0303OS-Y-ADOLESCENTES-1-150x150.jpg\" class=\"attachment-thumbnail size-thumbnail\" alt=\"\" loading=\"lazy\" \/><\/a>\n\t\t\t<\/dt><\/dl><br style=\"clear: both\" \/>\n\t\t<\/div>\n\n","protected":false},"excerpt":{"rendered":"<p>\u2022 Con la instalaci\u00f3n del Sipinna municipal, Jos\u00e9 Luis Uri\u00f3stegui Salgado refrend\u00f3 su compromiso de implementar acciones para garantizar el bienestar y respeto de los derechos de las infancias y adolescencias El presidente municipal de Cuernavaca, Jos\u00e9 Luis Uri\u00f3stegui Salgado, encabez\u00f3 este lunes la instalaci\u00f3n del Sistema de Protecci\u00f3n Integral de Ni\u00f1as, Ni\u00f1os y Adolescentes [&hellip;]<\/p>\n","protected":false},"author":1,"featured_media":47986,"comment_status":"closed","ping_status":"open","sticky":false,"template":"","format":"standard","meta":[],"categories":[20],"tags":[381,121,3993,120,206,379,380,127,1291],"aioseo_notices":[],"_links":{"self":[{"href":"https:\/\/cuernavaca.gob.mx\/index.php?rest_route=\/wp\/v2\/posts\/47984"}],"collection":[{"href":"https:\/\/cuernavaca.gob.mx\/index.php?rest_route=\/wp\/v2\/posts"}],"about":[{"href":"https:\/\/cuernavaca.gob.mx\/index.php?rest_route=\/wp\/v2\/types\/post"}],"author":[{"embeddable":true,"href":"https:\/\/cuernavaca.gob.mx\/index.php?rest_route=\/wp\/v2\/users\/1"}],"replies":[{"embeddable":true,"href":"https:\/\/cuernavaca.gob.mx\/index.php?rest_route=%2Fwp%2Fv2%2Fcomments&post=47984"}],"version-history":[{"count":1,"href":"https:\/\/cuernavaca.gob.mx\/index.php?rest_route=\/wp\/v2\/posts\/47984\/revisions"}],"predecessor-version":[{"id":47988,"href":"https:\/\/cuernavaca.gob.mx\/index.php?rest_route=\/wp\/v2\/posts\/47984\/revisions\/47988"}],"wp:featuredmedia":[{"embeddable":true,"href":"https:\/\/cuernavaca.gob.mx\/index.php?rest_route=\/wp\/v2\/media\/47986"}],"wp:attachment":[{"href":"https:\/\/cuernavaca.gob.mx\/index.php?rest_route=%2Fwp%2Fv2%2Fmedia&parent=47984"}],"wp:term":[{"taxonomy":"category","embeddable":true,"href":"https:\/\/cuernavaca.gob.mx\/index.php?rest_route=%2Fwp%2Fv2%2Fcategories&post=47984"},{"taxonomy":"post_tag","embeddable":true,"href":"https:\/\/cuernavaca.gob.mx\/index.php?rest_route=%2Fwp%2Fv2%2Ftags&post=47984"}],"curies":[{"name":"wp","href":"https:\/\/api.w.org\/{rel}","templated":true}]}}