{"id":47995,"date":"2025-01-28T11:50:55","date_gmt":"2025-01-28T17:50:55","guid":{"rendered":"https:\/\/cuernavaca.gob.mx\/?p=47995"},"modified":"2025-01-28T11:50:55","modified_gmt":"2025-01-28T17:50:55","slug":"b40-28-01-25-cuernavaca-refuerza-su-compromiso-con-la-transparencia-y-el-acceso-a-la-informacion-publica","status":"publish","type":"post","link":"https:\/\/cuernavaca.gob.mx\/?p=47995","title":{"rendered":"B40 28\/01\/25 CUERNAVACA REFUERZA SU COMPROMISO CON LA TRANSPARENCIA Y EL ACCESO A LA INFORMACI\u00d3N P\u00daBLICA"},"content":{"rendered":"<p><strong>\u2022 Al instalar el Comit\u00e9 de Transparencia, Jos\u00e9 Luis Uri\u00f3stegui Salgado reafirm\u00f3 su compromiso con la rendici\u00f3n de cuentas y la apertura gubernamental<\/strong><\/p>\n<p>Cuernavaca reafirma su compromiso con la transparencia y el derecho a la informaci\u00f3n p\u00fablica con la instalaci\u00f3n del Comit\u00e9 de Transparencia del municipio, encabezado por el alcalde Jos\u00e9 Luis Uri\u00f3stegui Salgado. Esta iniciativa consolida a la ciudad como un referente a nivel estatal, garantizando que la informaci\u00f3n gubernamental sea accesible, clara y verificable para todos los ciudadanos.<\/p>\n<p>En el Museo de la Ciudad de Cuernavaca (MuCiC), el presidente municipal de Cuernavaca resalt\u00f3 que uno de los objetivos fundamentales de su administraci\u00f3n, es que la ciudadan\u00eda siempre est\u00e9 informada sobre las decisiones y acciones que inciden en su comunidad, a trav\u00e9s de pol\u00edticas de transparencia y acceso a la informaci\u00f3n de vanguardia que demuestren que cada uno de los actos que realizan est\u00e1n apegados a derecho, con el objetivo de lograr un impacto en la mejora de la calidad de vida de las personas.<\/p>\n<p>Este esfuerzo fue reconocido de manera especial por el comisionado Hertino Avil\u00e9s Albavera, presidente del Instituto Morelense de Informaci\u00f3n P\u00fablica y Estad\u00edstica (IMIPE), quien destac\u00f3 p\u00fablicamente los logros obtenidos en la primera gesti\u00f3n de Uri\u00f3stegui Salgado. Adem\u00e1s, subray\u00f3 el trabajo constante y las buenas pr\u00e1cticas implementadas por la ciudad para garantizar que los procesos gubernamentales sean accesibles, claros y abiertos para toda la poblaci\u00f3n.<\/p>\n<p>El a\u00f1o pasado, el Sistema de Agua Potable y Alcantarillado de Cuernavaca (SAPAC) y el Sistema Municipal DIF Cuernavaca fueron reconocidos por el IMIPE, al cumplir al cien por ciento con sus obligaciones de transparencia, se\u00f1alando la mejora en los procesos de acceso a la informaci\u00f3n y en la implementaci\u00f3n de buenas pr\u00e1cticas en la gesti\u00f3n p\u00fablica.<\/p>\n<p>Cabe mencionar que el Comit\u00e9 de Transparencia est\u00e1 conformado por el Cabildo y Gabinete del Ayuntamiento de Cuernavaca, a quienes el alcalde Jos\u00e9 Luis Uri\u00f3stegui Salgado exhort\u00f3 a continuar trabajando para garantizar que las decisiones gubernamentales sean accesibles y claras para todas y todos los cuernavaquenses, garantizando siempre el respeto a sus derechos.<\/p>\n\n\t\t<style type=\"text\/css\">\n\t\t\t#gallery-1 {\n\t\t\t\tmargin: auto;\n\t\t\t}\n\t\t\t#gallery-1 .gallery-item {\n\t\t\t\tfloat: left;\n\t\t\t\tmargin-top: 10px;\n\t\t\t\ttext-align: center;\n\t\t\t\twidth: 33%;\n\t\t\t}\n\t\t\t#gallery-1 img {\n\t\t\t\tborder: 2px solid #cfcfcf;\n\t\t\t}\n\t\t\t#gallery-1 .gallery-caption {\n\t\t\t\tmargin-left: 0;\n\t\t\t}\n\t\t\t\/* see gallery_shortcode() in wp-includes\/media.php *\/\n\t\t<\/style>\n\t\t<div id='gallery-1' class='gallery galleryid-47995 gallery-columns-3 gallery-size-thumbnail'><dl class='gallery-item'>\n\t\t\t<dt class='gallery-icon landscape'>\n\t\t\t\t<a href='https:\/\/cuernavaca.gob.mx\/?attachment_id=47996'><img width=\"150\" height=\"150\" src=\"https:\/\/cuernavaca.gob.mx\/wp-content\/uploads\/2025\/01\/CUERNAVACA-REFUERZA-SU-COMPROMISO-CON-LA-TRANSPARENCIA-Y-EL-ACCESO-A-LA-INFORMACIO\u0301N-PU\u0301BLICA-4-150x150.jpg\" class=\"attachment-thumbnail size-thumbnail\" alt=\"\" loading=\"lazy\" \/><\/a>\n\t\t\t<\/dt><\/dl><dl class='gallery-item'>\n\t\t\t<dt class='gallery-icon landscape'>\n\t\t\t\t<a href='https:\/\/cuernavaca.gob.mx\/?attachment_id=47997'><img width=\"150\" height=\"150\" src=\"https:\/\/cuernavaca.gob.mx\/wp-content\/uploads\/2025\/01\/CUERNAVACA-REFUERZA-SU-COMPROMISO-CON-LA-TRANSPARENCIA-Y-EL-ACCESO-A-LA-INFORMACIO\u0301N-PU\u0301BLICA-5-min-150x150.jpg\" class=\"attachment-thumbnail size-thumbnail\" alt=\"\" loading=\"lazy\" \/><\/a>\n\t\t\t<\/dt><\/dl><dl class='gallery-item'>\n\t\t\t<dt class='gallery-icon landscape'>\n\t\t\t\t<a href='https:\/\/cuernavaca.gob.mx\/?attachment_id=47998'><img width=\"150\" height=\"150\" src=\"https:\/\/cuernavaca.gob.mx\/wp-content\/uploads\/2025\/01\/CUERNAVACA-REFUERZA-SU-COMPROMISO-CON-LA-TRANSPARENCIA-Y-EL-ACCESO-A-LA-INFORMACIO\u0301N-PU\u0301BLICA-4-min-150x150.jpg\" class=\"attachment-thumbnail size-thumbnail\" alt=\"\" loading=\"lazy\" \/><\/a>\n\t\t\t<\/dt><\/dl><br style=\"clear: both\" \/><dl class='gallery-item'>\n\t\t\t<dt class='gallery-icon landscape'>\n\t\t\t\t<a href='https:\/\/cuernavaca.gob.mx\/?attachment_id=47999'><img width=\"150\" height=\"150\" src=\"https:\/\/cuernavaca.gob.mx\/wp-content\/uploads\/2025\/01\/CUERNAVACA-REFUERZA-SU-COMPROMISO-CON-LA-TRANSPARENCIA-Y-EL-ACCESO-A-LA-INFORMACIO\u0301N-PU\u0301BLICA-3-min-150x150.jpg\" class=\"attachment-thumbnail size-thumbnail\" alt=\"\" loading=\"lazy\" \/><\/a>\n\t\t\t<\/dt><\/dl><dl class='gallery-item'>\n\t\t\t<dt class='gallery-icon landscape'>\n\t\t\t\t<a href='https:\/\/cuernavaca.gob.mx\/?attachment_id=48000'><img width=\"150\" height=\"150\" src=\"https:\/\/cuernavaca.gob.mx\/wp-content\/uploads\/2025\/01\/CUERNAVACA-REFUERZA-SU-COMPROMISO-CON-LA-TRANSPARENCIA-Y-EL-ACCESO-A-LA-INFORMACIO\u0301N-PU\u0301BLICA-2-min-150x150.jpg\" class=\"attachment-thumbnail size-thumbnail\" alt=\"\" loading=\"lazy\" \/><\/a>\n\t\t\t<\/dt><\/dl><dl class='gallery-item'>\n\t\t\t<dt class='gallery-icon landscape'>\n\t\t\t\t<a href='https:\/\/cuernavaca.gob.mx\/?attachment_id=48001'><img width=\"150\" height=\"150\" src=\"https:\/\/cuernavaca.gob.mx\/wp-content\/uploads\/2025\/01\/CUERNAVACA-REFUERZA-SU-COMPROMISO-CON-LA-TRANSPARENCIA-Y-EL-ACCESO-A-LA-INFORMACIO\u0301N-PU\u0301BLICA-1-min-150x150.jpg\" class=\"attachment-thumbnail size-thumbnail\" alt=\"\" loading=\"lazy\" \/><\/a>\n\t\t\t<\/dt><\/dl><br style=\"clear: both\" \/>\n\t\t<\/div>\n\n","protected":false},"excerpt":{"rendered":"<p>\u2022 Al instalar el Comit\u00e9 de Transparencia, Jos\u00e9 Luis Uri\u00f3stegui Salgado reafirm\u00f3 su compromiso con la rendici\u00f3n de cuentas y la apertura gubernamental Cuernavaca reafirma su compromiso con la transparencia y el derecho a la informaci\u00f3n p\u00fablica con la instalaci\u00f3n del Comit\u00e9 de Transparencia del municipio, encabezado por el alcalde Jos\u00e9 Luis Uri\u00f3stegui Salgado. Esta [&hellip;]<\/p>\n","protected":false},"author":1,"featured_media":48000,"comment_status":"closed","ping_status":"open","sticky":false,"template":"","format":"standard","meta":[],"categories":[20],"tags":[2597,121,222,120,206,127,1819,1727],"aioseo_notices":[],"_links":{"self":[{"href":"https:\/\/cuernavaca.gob.mx\/index.php?rest_route=\/wp\/v2\/posts\/47995"}],"collection":[{"href":"https:\/\/cuernavaca.gob.mx\/index.php?rest_route=\/wp\/v2\/posts"}],"about":[{"href":"https:\/\/cuernavaca.gob.mx\/index.php?rest_route=\/wp\/v2\/types\/post"}],"author":[{"embeddable":true,"href":"https:\/\/cuernavaca.gob.mx\/index.php?rest_route=\/wp\/v2\/users\/1"}],"replies":[{"embeddable":true,"href":"https:\/\/cuernavaca.gob.mx\/index.php?rest_route=%2Fwp%2Fv2%2Fcomments&post=47995"}],"version-history":[{"count":1,"href":"https:\/\/cuernavaca.gob.mx\/index.php?rest_route=\/wp\/v2\/posts\/47995\/revisions"}],"predecessor-version":[{"id":48002,"href":"https:\/\/cuernavaca.gob.mx\/index.php?rest_route=\/wp\/v2\/posts\/47995\/revisions\/48002"}],"wp:featuredmedia":[{"embeddable":true,"href":"https:\/\/cuernavaca.gob.mx\/index.php?rest_route=\/wp\/v2\/media\/48000"}],"wp:attachment":[{"href":"https:\/\/cuernavaca.gob.mx\/index.php?rest_route=%2Fwp%2Fv2%2Fmedia&parent=47995"}],"wp:term":[{"taxonomy":"category","embeddable":true,"href":"https:\/\/cuernavaca.gob.mx\/index.php?rest_route=%2Fwp%2Fv2%2Fcategories&post=47995"},{"taxonomy":"post_tag","embeddable":true,"href":"https:\/\/cuernavaca.gob.mx\/index.php?rest_route=%2Fwp%2Fv2%2Ftags&post=47995"}],"curies":[{"name":"wp","href":"https:\/\/api.w.org\/{rel}","templated":true}]}}