{"id":48003,"date":"2025-01-28T11:30:36","date_gmt":"2025-01-28T17:30:36","guid":{"rendered":"https:\/\/cuernavaca.gob.mx\/?p=48003"},"modified":"2025-01-28T12:08:30","modified_gmt":"2025-01-28T18:08:30","slug":"b41-28-01-25-garantiza-jose-luis-uriostegui-calidad-transparencia-y-eficiencia-en-obra-publica","status":"publish","type":"post","link":"https:\/\/cuernavaca.gob.mx\/?p=48003","title":{"rendered":"B41 28\/01\/25 GARANTIZA JOS\u00c9 LUIS URI\u00d3STEGUI CALIDAD, TRANSPARENCIA Y EFICIENCIA EN OBRA P\u00daBLICA"},"content":{"rendered":"<p><strong>\u2022 Con la instalaci\u00f3n del Comit\u00e9 de Obras P\u00fablicas, el presidente municipal de Cuernavaca resalt\u00f3 la importancia de seguir generando condiciones que abonen al desarrollo de la capital morelense<\/strong><\/p>\n<p>En un acto que reafirma el compromiso de su administraci\u00f3n con el desarrollo urbano y la mejora de la calidad de vida, el alcalde de Cuernavaca, Jos\u00e9 Luis Uri\u00f3stegui Salgado, presidi\u00f3 la instalaci\u00f3n del Comit\u00e9 de Obras P\u00fablicas del Ayuntamiento, con el prop\u00f3sito de garantizar que cada proyecto se realice bajo los m\u00e1s altos est\u00e1ndares de calidad, transparencia y eficiencia, en beneficio de la comunidad.<\/p>\n<p>Durante su intervenci\u00f3n, Uri\u00f3stegui Salgado destac\u00f3 los logros de su administraci\u00f3n anterior, la cual sent\u00f3 un precedente en inversiones hist\u00f3ricas en obra p\u00fablica. Adem\u00e1s, subray\u00f3 la prioridad dada a proyectos de infraestructura vial y a la mejora de servicios b\u00e1sicos esenciales, como el acceso al agua potable, favoreciendo as\u00ed a los habitantes de la ciudad.<\/p>\n<p>Entre los logros m\u00e1s relevantes, mencion\u00f3 las inversiones clave en el sistema de agua potable y drenaje, las cuales no solo han mejorado la distribuci\u00f3n del recurso en diversas colonias de la ciudad, sino que tambi\u00e9n han solucionado problemas hist\u00f3ricos y recurrentes, como la escasez de agua; incluso, calific\u00f3 al 2024 como &#8220;el a\u00f1o del agua potable&#8221;.<\/p>\n<p>Para este 2025, el Ayuntamiento de Cuernavaca destinar\u00e1 un presupuesto superior a los 220 millones de pesos para el Programa Anual de Obra P\u00fablica, que, al igual que desde el primer periodo de gesti\u00f3n de Jos\u00e9 Luis Uri\u00f3stegui Salgado, contempla proyectos de infraestructura urbana, mejoras en el sistema de agua potable y la creaci\u00f3n de espacios verdes para embellecer y fortalecer el entorno urbano.<\/p>\n\n\t\t<style type=\"text\/css\">\n\t\t\t#gallery-1 {\n\t\t\t\tmargin: auto;\n\t\t\t}\n\t\t\t#gallery-1 .gallery-item {\n\t\t\t\tfloat: left;\n\t\t\t\tmargin-top: 10px;\n\t\t\t\ttext-align: center;\n\t\t\t\twidth: 33%;\n\t\t\t}\n\t\t\t#gallery-1 img {\n\t\t\t\tborder: 2px solid #cfcfcf;\n\t\t\t}\n\t\t\t#gallery-1 .gallery-caption {\n\t\t\t\tmargin-left: 0;\n\t\t\t}\n\t\t\t\/* see gallery_shortcode() in wp-includes\/media.php *\/\n\t\t<\/style>\n\t\t<div id='gallery-1' class='gallery galleryid-48003 gallery-columns-3 gallery-size-thumbnail'><dl class='gallery-item'>\n\t\t\t<dt class='gallery-icon landscape'>\n\t\t\t\t<a href='https:\/\/cuernavaca.gob.mx\/?attachment_id=48004'><img width=\"150\" height=\"150\" src=\"https:\/\/cuernavaca.gob.mx\/wp-content\/uploads\/2025\/01\/GARANTIZA-JOSE\u0301-LUIS-URIO\u0301STEGUI-CALIDAD-TRANSPARENCIA-Y-EFICIENCIA-EN-OBRA-PU\u0301BLICA-1-150x150.jpg\" class=\"attachment-thumbnail size-thumbnail\" alt=\"\" loading=\"lazy\" \/><\/a>\n\t\t\t<\/dt><\/dl><dl class='gallery-item'>\n\t\t\t<dt class='gallery-icon landscape'>\n\t\t\t\t<a href='https:\/\/cuernavaca.gob.mx\/?attachment_id=48005'><img width=\"150\" height=\"150\" src=\"https:\/\/cuernavaca.gob.mx\/wp-content\/uploads\/2025\/01\/GARANTIZA-JOSE\u0301-LUIS-URIO\u0301STEGUI-CALIDAD-TRANSPARENCIA-Y-EFICIENCIA-EN-OBRA-PU\u0301BLICA-2-150x150.jpg\" class=\"attachment-thumbnail size-thumbnail\" alt=\"\" loading=\"lazy\" \/><\/a>\n\t\t\t<\/dt><\/dl><dl class='gallery-item'>\n\t\t\t<dt class='gallery-icon landscape'>\n\t\t\t\t<a href='https:\/\/cuernavaca.gob.mx\/?attachment_id=48006'><img width=\"150\" height=\"150\" src=\"https:\/\/cuernavaca.gob.mx\/wp-content\/uploads\/2025\/01\/GARANTIZA-JOSE\u0301-LUIS-URIO\u0301STEGUI-CALIDAD-TRANSPARENCIA-Y-EFICIENCIA-EN-OBRA-PU\u0301BLICA-3-150x150.jpg\" class=\"attachment-thumbnail size-thumbnail\" alt=\"\" loading=\"lazy\" \/><\/a>\n\t\t\t<\/dt><\/dl><br style=\"clear: both\" \/>\n\t\t<\/div>\n\n","protected":false},"excerpt":{"rendered":"<p>\u2022 Con la instalaci\u00f3n del Comit\u00e9 de Obras P\u00fablicas, el presidente municipal de Cuernavaca resalt\u00f3 la importancia de seguir generando condiciones que abonen al desarrollo de la capital morelense En un acto que reafirma el compromiso de su administraci\u00f3n con el desarrollo urbano y la mejora de la calidad de vida, el alcalde de Cuernavaca, [&hellip;]<\/p>\n","protected":false},"author":1,"featured_media":48006,"comment_status":"closed","ping_status":"open","sticky":false,"template":"","format":"standard","meta":[],"categories":[20],"tags":[121,515,120,206,356,232,127],"aioseo_notices":[],"_links":{"self":[{"href":"https:\/\/cuernavaca.gob.mx\/index.php?rest_route=\/wp\/v2\/posts\/48003"}],"collection":[{"href":"https:\/\/cuernavaca.gob.mx\/index.php?rest_route=\/wp\/v2\/posts"}],"about":[{"href":"https:\/\/cuernavaca.gob.mx\/index.php?rest_route=\/wp\/v2\/types\/post"}],"author":[{"embeddable":true,"href":"https:\/\/cuernavaca.gob.mx\/index.php?rest_route=\/wp\/v2\/users\/1"}],"replies":[{"embeddable":true,"href":"https:\/\/cuernavaca.gob.mx\/index.php?rest_route=%2Fwp%2Fv2%2Fcomments&post=48003"}],"version-history":[{"count":1,"href":"https:\/\/cuernavaca.gob.mx\/index.php?rest_route=\/wp\/v2\/posts\/48003\/revisions"}],"predecessor-version":[{"id":48007,"href":"https:\/\/cuernavaca.gob.mx\/index.php?rest_route=\/wp\/v2\/posts\/48003\/revisions\/48007"}],"wp:featuredmedia":[{"embeddable":true,"href":"https:\/\/cuernavaca.gob.mx\/index.php?rest_route=\/wp\/v2\/media\/48006"}],"wp:attachment":[{"href":"https:\/\/cuernavaca.gob.mx\/index.php?rest_route=%2Fwp%2Fv2%2Fmedia&parent=48003"}],"wp:term":[{"taxonomy":"category","embeddable":true,"href":"https:\/\/cuernavaca.gob.mx\/index.php?rest_route=%2Fwp%2Fv2%2Fcategories&post=48003"},{"taxonomy":"post_tag","embeddable":true,"href":"https:\/\/cuernavaca.gob.mx\/index.php?rest_route=%2Fwp%2Fv2%2Ftags&post=48003"}],"curies":[{"name":"wp","href":"https:\/\/api.w.org\/{rel}","templated":true}]}}