{"id":48008,"date":"2025-01-28T12:01:11","date_gmt":"2025-01-28T18:01:11","guid":{"rendered":"https:\/\/cuernavaca.gob.mx\/?p=48008"},"modified":"2025-01-28T15:06:11","modified_gmt":"2025-01-28T21:06:11","slug":"b42-28-01-25-cuernavaca-busca-convertir-a-la-ciudadania-en-agentes-de-cambio-para-enfrentar-los-retos-ambientales","status":"publish","type":"post","link":"https:\/\/cuernavaca.gob.mx\/?p=48008","title":{"rendered":"B42 28\/01\/25 CUERNAVACA BUSCA CONVERTIR A LA CIUDADAN\u00cdA EN AGENTES DE CAMBIO PARA ENFRENTAR LOS RETOS AMBIENTALES"},"content":{"rendered":"<p><strong>\u2022 Con el arranque del Programa de Educaci\u00f3n Ambiental 2025, Jos\u00e9 Luis Uri\u00f3stegui Salgado refleja el compromiso de su administraci\u00f3n con el medio ambiente<\/strong><\/p>\n<p>Bajo el compromiso del presidente municipal, Jos\u00e9 Luis Uri\u00f3stegui Salgado, con el medio ambiente, este martes, se llev\u00f3 a cabo la presentaci\u00f3n del Programa de Educaci\u00f3n Ambiental 2025, a cargo del titular de la Secretar\u00eda de Desarrollo Sustentable y Servicios P\u00fablicos (SDSySP), Guillermo L\u00f3pez Mej\u00eda, acompa\u00f1ado de Alfredo Rodr\u00edguez Sancipri\u00e1n, director general del \u00e1rea de Desarrollo Sustentable.<\/p>\n<p>En el emblem\u00e1tico Parque Melchor Ocampo, uno de los pulmones m\u00e1s importantes de la capital, se dio a conocer el objetivo de esta estrategia que busca convertir a las y los ciudadanos, as\u00ed como a las nuevas generaciones, en agentes de cambio para enfrentar los retos ambientales que nos rodean, y as\u00ed construir un futuro m\u00e1s sostenible.<\/p>\n<p>El director general de Desarrollo Sustentable indic\u00f3 que dicho proyecto se estar\u00e1 trabajando una vez al mes en cada poblado de Cuernavaca, donde participar\u00e1n de manera paulatina las brigadas de las distintas \u00e1reas de servicios p\u00fablicos, y habr\u00e1 una estrecha colaboraci\u00f3n con las Ayudant\u00edas Municipales para el Programa de Limpieza de Barrancas, que va de la mano del Programa de Donaci\u00f3n de \u00c1rboles Frutales y Nativos, para ser donados entre la comunidad.<\/p>\n<p>La puesta en marcha del Programa de Educaci\u00f3n Ambiental cont\u00f3 con la asistencia y respaldo de Sandra Abelina Pinz\u00f3n S\u00e1nchez\u201a secretar\u00eda de Desarrollo Humano y Participaci\u00f3n Social\u201a adem\u00e1s de los distintos representantes de las y los regidores del Cabildo de Cuernavaca, quienes se encuentran al frente de las comisiones de Protecci\u00f3n Ambiental\u201a Bienestar Social y Hacienda\u201a Programaci\u00f3n y Presupuesto\u201a y apoyan este tema prioritario que forma parte de la medida precautoria sustentable y del eje para el Desarrollo Sostenible de la Agenda 2030, perteneciente a la Asamblea General de la ONU para M\u00e9xico.<\/p>\n<p>El titular de la SDSySP destac\u00f3 que la educaci\u00f3n ambiental es un camino que se debe recorrer en unidad con la ciudadan\u00eda, ya que trabajando en equipo se lograr\u00e1 un impacto positivo para el planeta.<\/p>\n<p>Para concluir\u201a se realiz\u00f3 una din\u00e1mica entre las y los asistentes a fin de fomentar la cultura ambiental y difundir el conocimiento de la flora y fauna que alberga el municipio de Cuernavaca.<\/p>\n\n\t\t<style type=\"text\/css\">\n\t\t\t#gallery-1 {\n\t\t\t\tmargin: auto;\n\t\t\t}\n\t\t\t#gallery-1 .gallery-item {\n\t\t\t\tfloat: left;\n\t\t\t\tmargin-top: 10px;\n\t\t\t\ttext-align: center;\n\t\t\t\twidth: 33%;\n\t\t\t}\n\t\t\t#gallery-1 img {\n\t\t\t\tborder: 2px solid #cfcfcf;\n\t\t\t}\n\t\t\t#gallery-1 .gallery-caption {\n\t\t\t\tmargin-left: 0;\n\t\t\t}\n\t\t\t\/* see gallery_shortcode() in wp-includes\/media.php *\/\n\t\t<\/style>\n\t\t<div id='gallery-1' class='gallery galleryid-48008 gallery-columns-3 gallery-size-thumbnail'><dl class='gallery-item'>\n\t\t\t<dt class='gallery-icon landscape'>\n\t\t\t\t<a href='https:\/\/cuernavaca.gob.mx\/?attachment_id=48009'><img width=\"150\" height=\"150\" src=\"https:\/\/cuernavaca.gob.mx\/wp-content\/uploads\/2025\/01\/CUERNAVACA-BUSCA-CONVERTIR-A-LA-CIUDADANI\u0301A-EN-AGENTES-DE-CAMBIO-PARA-ENFRENTAR-LOS-RETOS-AMBIENTALES-1-150x150.jpg\" class=\"attachment-thumbnail size-thumbnail\" alt=\"\" loading=\"lazy\" \/><\/a>\n\t\t\t<\/dt><\/dl><dl class='gallery-item'>\n\t\t\t<dt class='gallery-icon landscape'>\n\t\t\t\t<a href='https:\/\/cuernavaca.gob.mx\/?attachment_id=48010'><img width=\"150\" height=\"150\" src=\"https:\/\/cuernavaca.gob.mx\/wp-content\/uploads\/2025\/01\/CUERNAVACA-BUSCA-CONVERTIR-A-LA-CIUDADANI\u0301A-EN-AGENTES-DE-CAMBIO-PARA-ENFRENTAR-LOS-RETOS-AMBIENTALES-2-150x150.jpg\" class=\"attachment-thumbnail size-thumbnail\" alt=\"\" loading=\"lazy\" \/><\/a>\n\t\t\t<\/dt><\/dl><dl class='gallery-item'>\n\t\t\t<dt class='gallery-icon landscape'>\n\t\t\t\t<a href='https:\/\/cuernavaca.gob.mx\/?attachment_id=48011'><img width=\"150\" height=\"150\" src=\"https:\/\/cuernavaca.gob.mx\/wp-content\/uploads\/2025\/01\/CUERNAVACA-BUSCA-CONVERTIR-A-LA-CIUDADANI\u0301A-EN-AGENTES-DE-CAMBIO-PARA-ENFRENTAR-LOS-RETOS-AMBIENTALES-3-150x150.jpg\" class=\"attachment-thumbnail size-thumbnail\" alt=\"\" loading=\"lazy\" \/><\/a>\n\t\t\t<\/dt><\/dl><br style=\"clear: both\" \/><dl class='gallery-item'>\n\t\t\t<dt class='gallery-icon landscape'>\n\t\t\t\t<a href='https:\/\/cuernavaca.gob.mx\/?attachment_id=48012'><img width=\"150\" height=\"150\" src=\"https:\/\/cuernavaca.gob.mx\/wp-content\/uploads\/2025\/01\/CUERNAVACA-BUSCA-CONVERTIR-A-LA-CIUDADANI\u0301A-EN-AGENTES-DE-CAMBIO-PARA-ENFRENTAR-LOS-RETOS-AMBIENTALES-4-150x150.jpg\" class=\"attachment-thumbnail size-thumbnail\" alt=\"\" loading=\"lazy\" \/><\/a>\n\t\t\t<\/dt><\/dl>\n\t\t\t<br style='clear: both' \/>\n\t\t<\/div>\n\n","protected":false},"excerpt":{"rendered":"<p>\u2022 Con el arranque del Programa de Educaci\u00f3n Ambiental 2025, Jos\u00e9 Luis Uri\u00f3stegui Salgado refleja el compromiso de su administraci\u00f3n con el medio ambiente Bajo el compromiso del presidente municipal, Jos\u00e9 Luis Uri\u00f3stegui Salgado, con el medio ambiente, este martes, se llev\u00f3 a cabo la presentaci\u00f3n del Programa de Educaci\u00f3n Ambiental 2025, a cargo del [&hellip;]<\/p>\n","protected":false},"author":1,"featured_media":48012,"comment_status":"closed","ping_status":"open","sticky":false,"template":"","format":"standard","meta":[],"categories":[1],"tags":[121,652,120,422,127,1616],"aioseo_notices":[],"_links":{"self":[{"href":"https:\/\/cuernavaca.gob.mx\/index.php?rest_route=\/wp\/v2\/posts\/48008"}],"collection":[{"href":"https:\/\/cuernavaca.gob.mx\/index.php?rest_route=\/wp\/v2\/posts"}],"about":[{"href":"https:\/\/cuernavaca.gob.mx\/index.php?rest_route=\/wp\/v2\/types\/post"}],"author":[{"embeddable":true,"href":"https:\/\/cuernavaca.gob.mx\/index.php?rest_route=\/wp\/v2\/users\/1"}],"replies":[{"embeddable":true,"href":"https:\/\/cuernavaca.gob.mx\/index.php?rest_route=%2Fwp%2Fv2%2Fcomments&post=48008"}],"version-history":[{"count":1,"href":"https:\/\/cuernavaca.gob.mx\/index.php?rest_route=\/wp\/v2\/posts\/48008\/revisions"}],"predecessor-version":[{"id":48013,"href":"https:\/\/cuernavaca.gob.mx\/index.php?rest_route=\/wp\/v2\/posts\/48008\/revisions\/48013"}],"wp:featuredmedia":[{"embeddable":true,"href":"https:\/\/cuernavaca.gob.mx\/index.php?rest_route=\/wp\/v2\/media\/48012"}],"wp:attachment":[{"href":"https:\/\/cuernavaca.gob.mx\/index.php?rest_route=%2Fwp%2Fv2%2Fmedia&parent=48008"}],"wp:term":[{"taxonomy":"category","embeddable":true,"href":"https:\/\/cuernavaca.gob.mx\/index.php?rest_route=%2Fwp%2Fv2%2Fcategories&post=48008"},{"taxonomy":"post_tag","embeddable":true,"href":"https:\/\/cuernavaca.gob.mx\/index.php?rest_route=%2Fwp%2Fv2%2Ftags&post=48008"}],"curies":[{"name":"wp","href":"https:\/\/api.w.org\/{rel}","templated":true}]}}