{"id":48030,"date":"2025-01-29T10:00:55","date_gmt":"2025-01-29T16:00:55","guid":{"rendered":"https:\/\/cuernavaca.gob.mx\/?p=48030"},"modified":"2025-01-29T13:29:26","modified_gmt":"2025-01-29T19:29:26","slug":"b43-29-01-25-jose-luis-uriostegui-presenta-innovadora-estrategia-para-garantizar-el-suministro-eficiente-del-agua-potable-en-cuernavava","status":"publish","type":"post","link":"https:\/\/cuernavaca.gob.mx\/?p=48030","title":{"rendered":"B43 29\/01\/25 JOS\u00c9 LUIS URI\u00d3STEGUI PRESENTA INNOVADORA ESTRATEGIA PARA GARANTIZAR EL SUMINISTRO EFICIENTE DEL AGUA POTABLE EN CUERNAVAVA"},"content":{"rendered":"<p><strong>\u2022 Con una inversi\u00f3n de 71 millones de pesos, el Ayuntamiento de Cuernavaca implementar\u00e1 el Programa de Inversi\u00f3n H\u00eddrica 2025, que contempla la construcci\u00f3n de cinco tanques de regulaci\u00f3n y el cambio de m\u00e1s de ocho kil\u00f3metros de tuber\u00eda de las l\u00edneas de conducci\u00f3n y distribuci\u00f3n de agua potable<\/strong><\/p>\n<p>El presidente municipal de Cuernavaca, Jos\u00e9 Luis Uri\u00f3stegui Salgado, present\u00f3 el Programa de Inversi\u00f3n H\u00eddrica 2025, una iniciativa estrat\u00e9gica para optimizar la distribuci\u00f3n del agua potable en la ciudad, con el objetivo de mejorar la operatividad del sistema de suministro en las zonas m\u00e1s cr\u00edticas y con menor presi\u00f3n que garantice un servicio m\u00e1s eficiente y equitativo para toda la poblaci\u00f3n, en especial ante la temporada de estiaje.<\/p>\n<p>Durante el evento, que se llev\u00f3 a cabo en el Museo de la Ciudad de Cuernavaca (MuCiC), el edil detall\u00f3 que continuando con la visi\u00f3n de cuidado del agua que se ha impulsado desde su anterior administraci\u00f3n, este a\u00f1o la inversi\u00f3n m\u00ednima en materia de infraestructura h\u00eddrica ser\u00e1 de 220 millones de pesos, de los cuales 71 millones ser\u00e1n destinados directamente a este programa que iniciar\u00e1 a la brevedad para contrarrestar el temporal de estiaje, que inici\u00f3 desde finales del mes de noviembre del a\u00f1o pasado y que ha dejado a otras latitudes del pa\u00eds pr\u00e1cticamente sin agua.<\/p>\n<p>Acompa\u00f1ado de integrantes del Cabildo, Jos\u00e9 Luis Uri\u00f3stegui refiri\u00f3 que si bien en el a\u00f1o 2024 los mantos fre\u00e1ticos se recargaron por las lluvias, no ha sido suficiente debido a que el gran problema que tiene la ciudad es que las l\u00edneas de conducci\u00f3n de agua o de distribuci\u00f3n de agua potable tienen un desgaste natural por el paso del vital l\u00edquido a altas presiones, por lo cual, se ha tomado la decisi\u00f3n de primero sustituir tuber\u00eda de agua potable, segundo colocar tuber\u00eda de drenaje sanitario y drenaje pluvial en las zonas donde m\u00e1s se necesite, y tercero, hasta donde el recurso alcance ir mejorando el asfalto de las vialidades.<\/p>\n<p>A decir del director del Sistema de Agua Potable y Alcantarillado de Cuernavaca (SAPAC), Arnoldo Heredia Romero, el Programa de Inversi\u00f3n H\u00eddrica 2025 contempla la construcci\u00f3n de cinco tanques de regulaci\u00f3n, los cuales mejorar\u00e1n el sistema de bombeo y distribuci\u00f3n, lo que permitir\u00e1 que sufran menor estr\u00e9s por los cambios de presi\u00f3n y menor \u00edndice de fugas, puesto que se distribuir\u00e1 por gravedad; adem\u00e1s, habr\u00e1 un ahorro de energ\u00eda que evitar\u00e1 la operaci\u00f3n continua a la red de los equipos de bombeo, y prolongar\u00e1 su vida \u00fatil.<\/p>\n<p>Asimismo, destac\u00f3 el cambio de m\u00e1s de ocho kil\u00f3metros de tuber\u00eda de las l\u00edneas de conducci\u00f3n y distribuci\u00f3n, a trav\u00e9s de 16 acciones que con tecnolog\u00eda de \u00faltima generaci\u00f3n mejorar\u00e1 la operatividad del servicio al prevenir la p\u00e9rdida del agua potable, garantizando que llegue de manera m\u00e1s confiable y con mejor presi\u00f3n a las zonas m\u00e1s necesitadas de Cuernavaca.<\/p>\n<p>Este programa que fue respaldo por la s\u00edndica municipal, Paula Trade Hidalgo; las regidoras Elia Ortiz Garc\u00eda, Miriam Barajas Basilio, Paz Hern\u00e1ndez Pardo, Arnett Jim\u00e9nez Gaspar, y Erika Lastra Jaimes, as\u00ed como por los regidores Sergio Bar\u00f3n Pulido, Salvador Aguilar Rea, Juan Miguel Serrano Gastelum y Alfredo Gonz\u00e1lez S\u00e1nchez, forma parte de las estrategias que el Gobierno Municipal de Cuernavaca ha puesto en marcha, para atender los desaf\u00edos de infraestructura h\u00eddrica que garanticen la sustentabilidad del recurso en la ciudad y den cumplimiento al derecho fundamental de acceso al agua potable.<\/p>\n\n\t\t<style type=\"text\/css\">\n\t\t\t#gallery-1 {\n\t\t\t\tmargin: auto;\n\t\t\t}\n\t\t\t#gallery-1 .gallery-item {\n\t\t\t\tfloat: left;\n\t\t\t\tmargin-top: 10px;\n\t\t\t\ttext-align: center;\n\t\t\t\twidth: 33%;\n\t\t\t}\n\t\t\t#gallery-1 img {\n\t\t\t\tborder: 2px solid #cfcfcf;\n\t\t\t}\n\t\t\t#gallery-1 .gallery-caption {\n\t\t\t\tmargin-left: 0;\n\t\t\t}\n\t\t\t\/* see gallery_shortcode() in wp-includes\/media.php *\/\n\t\t<\/style>\n\t\t<div id='gallery-1' class='gallery galleryid-48030 gallery-columns-3 gallery-size-thumbnail'><dl class='gallery-item'>\n\t\t\t<dt class='gallery-icon landscape'>\n\t\t\t\t<a href='https:\/\/cuernavaca.gob.mx\/?attachment_id=48031'><img width=\"150\" height=\"150\" src=\"https:\/\/cuernavaca.gob.mx\/wp-content\/uploads\/2025\/01\/JOSE\u0301-LUIS-URIO\u0301STEGUI-PRESENTA-INNOVADORA-ESTRATEGIA-PARA-GARANTIZAR-EL-SUMINISTRO-EFICIENTE-DEL-AGUA-POTABLE-EN-CUERNAVAVA-1-150x150.jpg\" class=\"attachment-thumbnail size-thumbnail\" alt=\"\" loading=\"lazy\" \/><\/a>\n\t\t\t<\/dt><\/dl><dl class='gallery-item'>\n\t\t\t<dt class='gallery-icon landscape'>\n\t\t\t\t<a href='https:\/\/cuernavaca.gob.mx\/?attachment_id=48032'><img width=\"150\" height=\"150\" src=\"https:\/\/cuernavaca.gob.mx\/wp-content\/uploads\/2025\/01\/JOSE\u0301-LUIS-URIO\u0301STEGUI-PRESENTA-INNOVADORA-ESTRATEGIA-PARA-GARANTIZAR-EL-SUMINISTRO-EFICIENTE-DEL-AGUA-POTABLE-EN-CUERNAVAVA-2-150x150.jpg\" class=\"attachment-thumbnail size-thumbnail\" alt=\"\" loading=\"lazy\" \/><\/a>\n\t\t\t<\/dt><\/dl>\n\t\t\t<br style='clear: both' \/>\n\t\t<\/div>\n\n","protected":false},"excerpt":{"rendered":"<p>\u2022 Con una inversi\u00f3n de 71 millones de pesos, el Ayuntamiento de Cuernavaca implementar\u00e1 el Programa de Inversi\u00f3n H\u00eddrica 2025, que contempla la construcci\u00f3n de cinco tanques de regulaci\u00f3n y el cambio de m\u00e1s de ocho kil\u00f3metros de tuber\u00eda de las l\u00edneas de conducci\u00f3n y distribuci\u00f3n de agua potable El presidente municipal de Cuernavaca, Jos\u00e9 [&hellip;]<\/p>\n","protected":false},"author":1,"featured_media":48032,"comment_status":"closed","ping_status":"open","sticky":false,"template":"","format":"standard","meta":[],"categories":[1],"tags":[615,916,121,120,206,356,127,3994],"aioseo_notices":[],"_links":{"self":[{"href":"https:\/\/cuernavaca.gob.mx\/index.php?rest_route=\/wp\/v2\/posts\/48030"}],"collection":[{"href":"https:\/\/cuernavaca.gob.mx\/index.php?rest_route=\/wp\/v2\/posts"}],"about":[{"href":"https:\/\/cuernavaca.gob.mx\/index.php?rest_route=\/wp\/v2\/types\/post"}],"author":[{"embeddable":true,"href":"https:\/\/cuernavaca.gob.mx\/index.php?rest_route=\/wp\/v2\/users\/1"}],"replies":[{"embeddable":true,"href":"https:\/\/cuernavaca.gob.mx\/index.php?rest_route=%2Fwp%2Fv2%2Fcomments&post=48030"}],"version-history":[{"count":1,"href":"https:\/\/cuernavaca.gob.mx\/index.php?rest_route=\/wp\/v2\/posts\/48030\/revisions"}],"predecessor-version":[{"id":48033,"href":"https:\/\/cuernavaca.gob.mx\/index.php?rest_route=\/wp\/v2\/posts\/48030\/revisions\/48033"}],"wp:featuredmedia":[{"embeddable":true,"href":"https:\/\/cuernavaca.gob.mx\/index.php?rest_route=\/wp\/v2\/media\/48032"}],"wp:attachment":[{"href":"https:\/\/cuernavaca.gob.mx\/index.php?rest_route=%2Fwp%2Fv2%2Fmedia&parent=48030"}],"wp:term":[{"taxonomy":"category","embeddable":true,"href":"https:\/\/cuernavaca.gob.mx\/index.php?rest_route=%2Fwp%2Fv2%2Fcategories&post=48030"},{"taxonomy":"post_tag","embeddable":true,"href":"https:\/\/cuernavaca.gob.mx\/index.php?rest_route=%2Fwp%2Fv2%2Ftags&post=48030"}],"curies":[{"name":"wp","href":"https:\/\/api.w.org\/{rel}","templated":true}]}}