{"id":48040,"date":"2025-01-29T16:00:05","date_gmt":"2025-01-29T22:00:05","guid":{"rendered":"https:\/\/cuernavaca.gob.mx\/?p=48040"},"modified":"2025-01-29T16:54:18","modified_gmt":"2025-01-29T22:54:18","slug":"f08-29-01-24-jose-luis-uriostegui-refrenda-su-respaldo-a-la-justicia-de-paz-en-cuernavaca","status":"publish","type":"post","link":"https:\/\/cuernavaca.gob.mx\/?p=48040","title":{"rendered":"F08 29\/01\/24 JOS\u00c9 LUIS URI\u00d3STEGUI REFRENDA SU RESPALDO A LA JUSTICIA DE PAZ EN CUERNAVACA"},"content":{"rendered":"<p>Con el objetivo de fortalecer el sistema de justicia en el municipio, el alcalde de Cuernavaca, Jos\u00e9 Luis Uri\u00f3stegui Salgado, presidi\u00f3 este mi\u00e9rcoles la toma de protesta de la nueva jueza de paz del Ayuntamiento, Jennyfer Urioso Hern\u00e1ndez, a quien le refrend\u00f3 el apoyo total de la administraci\u00f3n, a fin de seguir impulsando su importante labor de mediaci\u00f3n y conciliaci\u00f3n para la resoluci\u00f3n pac\u00edfica de conflictos.<\/p>\n<p>En su mensaje, el presidente municipal de Cuernavaca se\u00f1al\u00f3 la trascendencia que representa la justicia de paz en los municipios, al ser la m\u00e1s cercana a la poblaci\u00f3n, y que en los \u00faltimos a\u00f1os ha registrado mayores facultades, estando inclusive a cargo de procedimientos mercantiles y civiles que han incrementado su carga de trabajo, siendo necesario que la administraci\u00f3n municipal pueda respaldarles de manera econ\u00f3mica para resolver la problem\u00e1tica que enfrentan.<\/p>\n<p>Uri\u00f3stegui Salgado destac\u00f3 el hito hist\u00f3rico que marc\u00f3 este evento, al contar con la asistencia por primera ocasi\u00f3n del magistrado presidente del Tribunal Superior de Justicia (TSJ) del Estado de Morelos, Luis Jorge Gamboa Olea, as\u00ed como de integrantes de la Junta de Administraci\u00f3n, Vigilancia y Disciplina del Tribunal que designaron derivado de una terna a Jennyfer Urioso Hern\u00e1ndez como jueza de paz del municipio de Cuernavaca, figura que administrativamente pertenece al Ayuntamiento, pero org\u00e1nicamente al Poder Judicial.<\/p>\n\n\t\t<style type=\"text\/css\">\n\t\t\t#gallery-1 {\n\t\t\t\tmargin: auto;\n\t\t\t}\n\t\t\t#gallery-1 .gallery-item {\n\t\t\t\tfloat: left;\n\t\t\t\tmargin-top: 10px;\n\t\t\t\ttext-align: center;\n\t\t\t\twidth: 33%;\n\t\t\t}\n\t\t\t#gallery-1 img {\n\t\t\t\tborder: 2px solid #cfcfcf;\n\t\t\t}\n\t\t\t#gallery-1 .gallery-caption {\n\t\t\t\tmargin-left: 0;\n\t\t\t}\n\t\t\t\/* see gallery_shortcode() in wp-includes\/media.php *\/\n\t\t<\/style>\n\t\t<div id='gallery-1' class='gallery galleryid-48040 gallery-columns-3 gallery-size-thumbnail'><dl class='gallery-item'>\n\t\t\t<dt class='gallery-icon landscape'>\n\t\t\t\t<a href='https:\/\/cuernavaca.gob.mx\/?attachment_id=48041'><img width=\"150\" height=\"150\" src=\"https:\/\/cuernavaca.gob.mx\/wp-content\/uploads\/2025\/01\/JOSE\u0301-LUIS-URIO\u0301STEGUI-REFRENDA-SU-RESPALDO-A-LA-JUSTICIA-DE-PAZ-EN-CUERNAVACA-1-150x150.jpg\" class=\"attachment-thumbnail size-thumbnail\" alt=\"\" loading=\"lazy\" \/><\/a>\n\t\t\t<\/dt><\/dl><dl class='gallery-item'>\n\t\t\t<dt class='gallery-icon landscape'>\n\t\t\t\t<a href='https:\/\/cuernavaca.gob.mx\/?attachment_id=48042'><img width=\"150\" height=\"150\" src=\"https:\/\/cuernavaca.gob.mx\/wp-content\/uploads\/2025\/01\/JOSE\u0301-LUIS-URIO\u0301STEGUI-REFRENDA-SU-RESPALDO-A-LA-JUSTICIA-DE-PAZ-EN-CUERNAVACA-2-150x150.jpg\" class=\"attachment-thumbnail size-thumbnail\" alt=\"\" loading=\"lazy\" \/><\/a>\n\t\t\t<\/dt><\/dl>\n\t\t\t<br style='clear: both' \/>\n\t\t<\/div>\n\n","protected":false},"excerpt":{"rendered":"<p>Con el objetivo de fortalecer el sistema de justicia en el municipio, el alcalde de Cuernavaca, Jos\u00e9 Luis Uri\u00f3stegui Salgado, presidi\u00f3 este mi\u00e9rcoles la toma de protesta de la nueva jueza de paz del Ayuntamiento, Jennyfer Urioso Hern\u00e1ndez, a quien le refrend\u00f3 el apoyo total de la administraci\u00f3n, a fin de seguir impulsando su importante [&hellip;]<\/p>\n","protected":false},"author":1,"featured_media":48041,"comment_status":"closed","ping_status":"open","sticky":false,"template":"","format":"standard","meta":[],"categories":[3047],"tags":[121,120,2744,2213,2266,206,127],"aioseo_notices":[],"_links":{"self":[{"href":"https:\/\/cuernavaca.gob.mx\/index.php?rest_route=\/wp\/v2\/posts\/48040"}],"collection":[{"href":"https:\/\/cuernavaca.gob.mx\/index.php?rest_route=\/wp\/v2\/posts"}],"about":[{"href":"https:\/\/cuernavaca.gob.mx\/index.php?rest_route=\/wp\/v2\/types\/post"}],"author":[{"embeddable":true,"href":"https:\/\/cuernavaca.gob.mx\/index.php?rest_route=\/wp\/v2\/users\/1"}],"replies":[{"embeddable":true,"href":"https:\/\/cuernavaca.gob.mx\/index.php?rest_route=%2Fwp%2Fv2%2Fcomments&post=48040"}],"version-history":[{"count":1,"href":"https:\/\/cuernavaca.gob.mx\/index.php?rest_route=\/wp\/v2\/posts\/48040\/revisions"}],"predecessor-version":[{"id":48043,"href":"https:\/\/cuernavaca.gob.mx\/index.php?rest_route=\/wp\/v2\/posts\/48040\/revisions\/48043"}],"wp:featuredmedia":[{"embeddable":true,"href":"https:\/\/cuernavaca.gob.mx\/index.php?rest_route=\/wp\/v2\/media\/48041"}],"wp:attachment":[{"href":"https:\/\/cuernavaca.gob.mx\/index.php?rest_route=%2Fwp%2Fv2%2Fmedia&parent=48040"}],"wp:term":[{"taxonomy":"category","embeddable":true,"href":"https:\/\/cuernavaca.gob.mx\/index.php?rest_route=%2Fwp%2Fv2%2Fcategories&post=48040"},{"taxonomy":"post_tag","embeddable":true,"href":"https:\/\/cuernavaca.gob.mx\/index.php?rest_route=%2Fwp%2Fv2%2Ftags&post=48040"}],"curies":[{"name":"wp","href":"https:\/\/api.w.org\/{rel}","templated":true}]}}