{"id":48059,"date":"2025-01-30T14:00:12","date_gmt":"2025-01-30T20:00:12","guid":{"rendered":"https:\/\/cuernavaca.gob.mx\/?p=48059"},"modified":"2025-01-30T16:29:58","modified_gmt":"2025-01-30T22:29:58","slug":"b46-30-01-25-impulsa-jose-luis-uriostegui-apoyos-economicos-para-el-desarrollo-integral-de-las-nuevas-generaciones","status":"publish","type":"post","link":"https:\/\/cuernavaca.gob.mx\/?p=48059","title":{"rendered":"B46 30\/01\/25 IMPULSA JOS\u00c9 LUIS URI\u00d3STEGUI APOYOS ECON\u00d3MICOS PARA EL DESARROLLO INTEGRAL DE LAS NUEVAS GENERACIONES"},"content":{"rendered":"<p><strong>\u2022 Este a\u00f1o se estar\u00e1n destinando cuatro millones de pesos para la entrega de becas por vulnerabilidad econ\u00f3mica, excelencia acad\u00e9mica, deportivas y culturales<\/strong><\/p>\n<p>El presidente municipal de Cuernavaca, Jos\u00e9 Luis Uri\u00f3stegui Salgado, encabez\u00f3 este jueves la instalaci\u00f3n y toma de protesta del Consejo para la Evaluaci\u00f3n, Entrega y Seguimiento de Becas del Municipio que, en su primera sesi\u00f3n, aprob\u00f3 importantes inversiones para el presente a\u00f1o, con un \u00e9nfasis especial en aquellos sectores que m\u00e1s lo necesitan, con el objetivo de impulsar el bienestar de las familias cuernavaquenses al crear mayores oportunidades de crecimiento en el \u00e1mbito educativo, deportivo y cultural.<\/p>\n<p>En el Museo de la Ciudad de Cuernavaca (MuCiC), el alcalde destac\u00f3 que los apoyos forman parte de las pol\u00edticas de austeridad adoptadas desde su pasada administraci\u00f3n. Estas pol\u00edticas fueron clave para superar problemas de deuda p\u00fablica y, al mismo tiempo, generar un aumento en la inversi\u00f3n p\u00fablica. Gracias a ello, se han implementado programas sociales, como las becas por vulnerabilidad econ\u00f3mica, excelencia acad\u00e9mica, deportivas y culturales, que este a\u00f1o cuentan con una inversi\u00f3n total de cuatro millones de pesos.<\/p>\n<p>Durante la sesi\u00f3n, se definieron los montos y las categor\u00edas para la entrega de becas, estableciendo que para el rubro de vulnerabilidad econ\u00f3mica se estar\u00e1n destinando dos millones de pesos, solo para alumnas y alumnos de sexto grado de primaria que est\u00e9n incorporados al Sistema de Educaci\u00f3n P\u00fablica Federal o Estatal, toda vez que, si bien en a\u00f1os anteriores, tambi\u00e9n se daba cobertura a estudiantes de primero de secundaria, se busca evitar duplicar programas sociales, al estarse aplicando a nivel nacional una beca universal para secundaria.<\/p>\n<p>Cabe mencionar que, las becas por vulnerabilidad econ\u00f3mica est\u00e1n destinadas a apoyar a aquellas y aquellos estudiantes que, por su situaci\u00f3n econ\u00f3mica, corren el riesgo de abandonar sus estudios, reduciendo con este apoyo \u00fanico la deserci\u00f3n escolar, al brindarles un respaldo a las familias en situaci\u00f3n vulnerable.<\/p>\n<p>En el caso de las becas deportivas y culturales se invertir\u00e1 un mill\u00f3n de pesos para promover su participaci\u00f3n activa en eventos estatales, nacionales e internacionales que fortalezcan su identidad cultural y deportiva; en tanto, para premiar a las y los estudiantes con los mejores promedios acad\u00e9micos se estar\u00e1 destinando un mill\u00f3n de pesos para becas por excelencia acad\u00e9mica.<\/p>\n<p>Las convocatorias para la entrega de estas becas, a cargo de la Secretar\u00eda de Desarrollo Humano y Participaci\u00f3n Social, estar\u00e1n disponibles en las redes sociales oficiales del Municipio de Cuernavaca y en las instituciones educativas seleccionadas por el mismo comit\u00e9, en base a la necesidad y situaci\u00f3n que enfrentan. Se invita a todas las familias y estudiantes interesados a aprovechar estos apoyos que fortalecen el tejido social y reducen la desigualdad.<\/p>\n\n\t\t<style type=\"text\/css\">\n\t\t\t#gallery-1 {\n\t\t\t\tmargin: auto;\n\t\t\t}\n\t\t\t#gallery-1 .gallery-item {\n\t\t\t\tfloat: left;\n\t\t\t\tmargin-top: 10px;\n\t\t\t\ttext-align: center;\n\t\t\t\twidth: 33%;\n\t\t\t}\n\t\t\t#gallery-1 img {\n\t\t\t\tborder: 2px solid #cfcfcf;\n\t\t\t}\n\t\t\t#gallery-1 .gallery-caption {\n\t\t\t\tmargin-left: 0;\n\t\t\t}\n\t\t\t\/* see gallery_shortcode() in wp-includes\/media.php *\/\n\t\t<\/style>\n\t\t<div id='gallery-1' class='gallery galleryid-48059 gallery-columns-3 gallery-size-thumbnail'><dl class='gallery-item'>\n\t\t\t<dt class='gallery-icon landscape'>\n\t\t\t\t<a href='https:\/\/cuernavaca.gob.mx\/?attachment_id=48060'><img width=\"150\" height=\"150\" src=\"https:\/\/cuernavaca.gob.mx\/wp-content\/uploads\/2025\/01\/IMPULSA-JOSE\u0301-LUIS-URIO\u0301STEGUI-APOYOS-ECONO\u0301MICOS-PARA-EL-DESARROLLO-INTEGRAL-DE-LAS-NUEVAS-GENERACIONES-1-150x150.jpg\" class=\"attachment-thumbnail size-thumbnail\" alt=\"\" loading=\"lazy\" \/><\/a>\n\t\t\t<\/dt><\/dl><dl class='gallery-item'>\n\t\t\t<dt class='gallery-icon landscape'>\n\t\t\t\t<a href='https:\/\/cuernavaca.gob.mx\/?attachment_id=48061'><img width=\"150\" height=\"150\" src=\"https:\/\/cuernavaca.gob.mx\/wp-content\/uploads\/2025\/01\/IMPULSA-JOSE\u0301-LUIS-URIO\u0301STEGUI-APOYOS-ECONO\u0301MICOS-PARA-EL-DESARROLLO-INTEGRAL-DE-LAS-NUEVAS-GENERACIONES-2-150x150.jpg\" class=\"attachment-thumbnail size-thumbnail\" alt=\"\" loading=\"lazy\" \/><\/a>\n\t\t\t<\/dt><\/dl><dl class='gallery-item'>\n\t\t\t<dt class='gallery-icon landscape'>\n\t\t\t\t<a href='https:\/\/cuernavaca.gob.mx\/?attachment_id=48062'><img width=\"150\" height=\"150\" src=\"https:\/\/cuernavaca.gob.mx\/wp-content\/uploads\/2025\/01\/IMPULSA-JOSE\u0301-LUIS-URIO\u0301STEGUI-APOYOS-ECONO\u0301MICOS-PARA-EL-DESARROLLO-INTEGRAL-DE-LAS-NUEVAS-GENERACIONES-3-150x150.jpg\" class=\"attachment-thumbnail size-thumbnail\" alt=\"\" loading=\"lazy\" \/><\/a>\n\t\t\t<\/dt><\/dl><br style=\"clear: both\" \/><dl class='gallery-item'>\n\t\t\t<dt class='gallery-icon landscape'>\n\t\t\t\t<a href='https:\/\/cuernavaca.gob.mx\/?attachment_id=48063'><img width=\"150\" height=\"150\" src=\"https:\/\/cuernavaca.gob.mx\/wp-content\/uploads\/2025\/01\/IMPULSA-JOSE\u0301-LUIS-URIO\u0301STEGUI-APOYOS-ECONO\u0301MICOS-PARA-EL-DESARROLLO-INTEGRAL-DE-LAS-NUEVAS-GENERACIONES-4-150x150.jpg\" class=\"attachment-thumbnail size-thumbnail\" alt=\"\" loading=\"lazy\" \/><\/a>\n\t\t\t<\/dt><\/dl>\n\t\t\t<br style='clear: both' \/>\n\t\t<\/div>\n\n","protected":false},"excerpt":{"rendered":"<p>\u2022 Este a\u00f1o se estar\u00e1n destinando cuatro millones de pesos para la entrega de becas por vulnerabilidad econ\u00f3mica, excelencia acad\u00e9mica, deportivas y culturales El presidente municipal de Cuernavaca, Jos\u00e9 Luis Uri\u00f3stegui Salgado, encabez\u00f3 este jueves la instalaci\u00f3n y toma de protesta del Consejo para la Evaluaci\u00f3n, Entrega y Seguimiento de Becas del Municipio que, en [&hellip;]<\/p>\n","protected":false},"author":1,"featured_media":48063,"comment_status":"closed","ping_status":"open","sticky":false,"template":"","format":"standard","meta":[],"categories":[862],"tags":[381,2297,2268,121,576,1268,1510,3249,120,206,379,380,127],"aioseo_notices":[],"_links":{"self":[{"href":"https:\/\/cuernavaca.gob.mx\/index.php?rest_route=\/wp\/v2\/posts\/48059"}],"collection":[{"href":"https:\/\/cuernavaca.gob.mx\/index.php?rest_route=\/wp\/v2\/posts"}],"about":[{"href":"https:\/\/cuernavaca.gob.mx\/index.php?rest_route=\/wp\/v2\/types\/post"}],"author":[{"embeddable":true,"href":"https:\/\/cuernavaca.gob.mx\/index.php?rest_route=\/wp\/v2\/users\/1"}],"replies":[{"embeddable":true,"href":"https:\/\/cuernavaca.gob.mx\/index.php?rest_route=%2Fwp%2Fv2%2Fcomments&post=48059"}],"version-history":[{"count":1,"href":"https:\/\/cuernavaca.gob.mx\/index.php?rest_route=\/wp\/v2\/posts\/48059\/revisions"}],"predecessor-version":[{"id":48064,"href":"https:\/\/cuernavaca.gob.mx\/index.php?rest_route=\/wp\/v2\/posts\/48059\/revisions\/48064"}],"wp:featuredmedia":[{"embeddable":true,"href":"https:\/\/cuernavaca.gob.mx\/index.php?rest_route=\/wp\/v2\/media\/48063"}],"wp:attachment":[{"href":"https:\/\/cuernavaca.gob.mx\/index.php?rest_route=%2Fwp%2Fv2%2Fmedia&parent=48059"}],"wp:term":[{"taxonomy":"category","embeddable":true,"href":"https:\/\/cuernavaca.gob.mx\/index.php?rest_route=%2Fwp%2Fv2%2Fcategories&post=48059"},{"taxonomy":"post_tag","embeddable":true,"href":"https:\/\/cuernavaca.gob.mx\/index.php?rest_route=%2Fwp%2Fv2%2Ftags&post=48059"}],"curies":[{"name":"wp","href":"https:\/\/api.w.org\/{rel}","templated":true}]}}