{"id":48065,"date":"2025-01-30T16:00:09","date_gmt":"2025-01-30T22:00:09","guid":{"rendered":"https:\/\/cuernavaca.gob.mx\/?p=48065"},"modified":"2025-01-30T17:26:13","modified_gmt":"2025-01-30T23:26:13","slug":"b47-30-01-25-jose-luis-uriostegui-reafirma-su-compromiso-con-la-seguridad-a-traves-de-una-colaboracion-activa-entre-los-tres-ordenes-de-gobierno","status":"publish","type":"post","link":"https:\/\/cuernavaca.gob.mx\/?p=48065","title":{"rendered":"B47 30\/01\/25 JOS\u00c9 LUIS URI\u00d3STEGUI REAFIRMA SU COMPROMISO CON LA SEGURIDAD A TRAV\u00c9S DE UNA COLABORACI\u00d3N ACTIVA ENTRE LOS TRES \u00d3RDENES DE GOBIERNO"},"content":{"rendered":"<p><strong>\u2022 Al instalar el Consejo Municipal de Seguridad P\u00fablica, el presidente municipal de Cuernavaca destac\u00f3 la importancia de abordar la seguridad a partir de una perspectiva integral que contemple factores sociales, econ\u00f3micos y culturales<\/strong><\/p>\n<p>Con el compromiso de garantizar un entorno de paz y seguridad para la ciudadan\u00eda, el presidente municipal de Cuernavaca, Jos\u00e9 Luis Uri\u00f3stegui Salgado, instal\u00f3 formalmente este jueves el Consejo Municipal de Seguridad P\u00fablica, donde destac\u00f3 la necesidad de mantener un enfoque preventivo y de colaboraci\u00f3n activa con las autoridades estatales y federales, particularmente en lo que respecta a las pol\u00edticas de seguridad y prevenci\u00f3n.<\/p>\n<p>En el Museo de la Ciudad de Cuernavaca (MuCiC), el alcalde en su calidad de presidente del cuerpo colegiado tom\u00f3 protesta a sus integrantes representantes del Cabildo y Gabinete municipal, pero tambi\u00e9n de diversas instituciones gubernamentales a nivel federal y estatal, as\u00ed como de la academia y de la sociedad civil, quienes tienen la misi\u00f3n de asesorar al Gobierno Municipal en el dise\u00f1o de estrategias para la prevenci\u00f3n del delito y la mejora de la seguridad p\u00fablica en la capital morelense.<\/p>\n<p>Jos\u00e9 Luis Uri\u00f3stegui Salgado acompa\u00f1ado de su esposa, Luz Mar\u00eda Zagal Guzm\u00e1n, presidenta del Sistema Municipal DIF Cuernavaca, puntualiz\u00f3 que la seguridad no puede abordarse de forma aislada, por lo cual, tal y como lo ha dado a conocer a la gobernadora del estado, Margarita Gonz\u00e1lez Saravia, y al secretario de Seguridad y Protecci\u00f3n Ciudadana de Morelos, Miguel \u00c1ngel Urrutia Lozano, tienen la voluntad de sumar esfuerzos para que todas las pol\u00edticas de prevenci\u00f3n que se implementen desde el estado y se legislen en el Congreso puedan aplicarse en Cuernavaca.<\/p>\n<p>\u201cNo hay celos, no hay envidias, hay deseos de sumar, y el Cabildo lo ha demostrado, y hoy lo demuestra con la presencia de la s\u00edndica, de regidoras y regidores, y del propio Gabinete del Municipio de Cuernavaca\u201d, acent\u00fao.<\/p>\n<p>Asimismo, el edil subray\u00f3 la importancia de abordar la seguridad desde una perspectiva integral que contemple factores sociales, econ\u00f3micos y culturales, enfatizando la necesidad de integrar a todos los sectores de la sociedad en la prevenci\u00f3n del delito, pero tambi\u00e9n contemplando el an\u00e1lisis de estad\u00edsticas, no solo las que la ley les obliga a presentar de manera peri\u00f3dica, sino otras m\u00e1s que les ayuden a determinar las circunstancias reales en las que se encuentran cada una de las regiones del municipio, ya que no padecen las mismas problem\u00e1ticas.<\/p>\n<p>En el marco de la sesi\u00f3n, se design\u00f3 y tom\u00f3 protesta a las vocales ciudadanas del Consejo de Honor y Justicia de la Secretar\u00eda de Protecci\u00f3n y Auxilio Ciudadano (SEPRAC), Mar\u00eda Luisa de Jes\u00fas Rodr\u00edguez Cadena, presidenta de la Asociaci\u00f3n de Abogadas del Estado de Morelos A.C., y a Stephania Moreno Dom\u00ednguez, representante estudiantil del Instituto Nacional de Salud P\u00fablica (INSP).<\/p>\n<p>Adem\u00e1s, se hizo la integraci\u00f3n de las comisiones de apoyo al Consejo Municipal de Seguridad P\u00fablica que estudian y eval\u00faan las pol\u00edticas y acciones en la materia.<\/p>\n<p>Cabe mencionar que, el Consejo Municipal de Seguridad P\u00fablica de Cuernavaca est\u00e1 conformado por representantes del Ej\u00e9rcito Mexicano, de la Guardia Nacional, del Sistema Ejecutivo de Seguridad P\u00fablica del Estado, de la Secretar\u00eda de Seguridad y Protecci\u00f3n Ciudadana de Morelos, de la Mesa Regional de Coordinaci\u00f3n para la Construcci\u00f3n de la Paz y Seguridad, de asociaciones civiles, as\u00ed como de diputadas y diputados locales, contando en este \u00faltimo caso, con la participaci\u00f3n del 20 por ciento de los integrantes del Congreso de Morelos.<\/p>\n\n\t\t<style type=\"text\/css\">\n\t\t\t#gallery-1 {\n\t\t\t\tmargin: auto;\n\t\t\t}\n\t\t\t#gallery-1 .gallery-item {\n\t\t\t\tfloat: left;\n\t\t\t\tmargin-top: 10px;\n\t\t\t\ttext-align: center;\n\t\t\t\twidth: 33%;\n\t\t\t}\n\t\t\t#gallery-1 img {\n\t\t\t\tborder: 2px solid #cfcfcf;\n\t\t\t}\n\t\t\t#gallery-1 .gallery-caption {\n\t\t\t\tmargin-left: 0;\n\t\t\t}\n\t\t\t\/* see gallery_shortcode() in wp-includes\/media.php *\/\n\t\t<\/style>\n\t\t<div id='gallery-1' class='gallery galleryid-48065 gallery-columns-3 gallery-size-thumbnail'><dl class='gallery-item'>\n\t\t\t<dt class='gallery-icon landscape'>\n\t\t\t\t<a href='https:\/\/cuernavaca.gob.mx\/?attachment_id=48066'><img width=\"150\" height=\"150\" src=\"https:\/\/cuernavaca.gob.mx\/wp-content\/uploads\/2025\/01\/JOSE\u0301-LUIS-URIO\u0301STEGUI-REAFIRMA-SU-COMPROMISO-CON-LA-SEGURIDAD-A-TRAVE\u0301S-DE-UNA-COLABORACIO\u0301N-ACTIVA-ENTRE-LOS-TRES-O\u0301RDENES-DE-GOBIERNO-1-150x150.jpg\" class=\"attachment-thumbnail size-thumbnail\" alt=\"\" loading=\"lazy\" \/><\/a>\n\t\t\t<\/dt><\/dl><dl class='gallery-item'>\n\t\t\t<dt class='gallery-icon landscape'>\n\t\t\t\t<a href='https:\/\/cuernavaca.gob.mx\/?attachment_id=48067'><img width=\"150\" height=\"150\" src=\"https:\/\/cuernavaca.gob.mx\/wp-content\/uploads\/2025\/01\/JOSE\u0301-LUIS-URIO\u0301STEGUI-REAFIRMA-SU-COMPROMISO-CON-LA-SEGURIDAD-A-TRAVE\u0301S-DE-UNA-COLABORACIO\u0301N-ACTIVA-ENTRE-LOS-TRES-O\u0301RDENES-DE-GOBIERNO-2-150x150.jpg\" class=\"attachment-thumbnail size-thumbnail\" alt=\"\" loading=\"lazy\" \/><\/a>\n\t\t\t<\/dt><\/dl><dl class='gallery-item'>\n\t\t\t<dt class='gallery-icon landscape'>\n\t\t\t\t<a href='https:\/\/cuernavaca.gob.mx\/?attachment_id=48068'><img width=\"150\" height=\"150\" src=\"https:\/\/cuernavaca.gob.mx\/wp-content\/uploads\/2025\/01\/JOSE\u0301-LUIS-URIO\u0301STEGUI-REAFIRMA-SU-COMPROMISO-CON-LA-SEGURIDAD-A-TRAVE\u0301S-DE-UNA-COLABORACIO\u0301N-ACTIVA-ENTRE-LOS-TRES-O\u0301RDENES-DE-GOBIERNO-3-150x150.jpg\" class=\"attachment-thumbnail size-thumbnail\" alt=\"\" loading=\"lazy\" \/><\/a>\n\t\t\t<\/dt><\/dl><br style=\"clear: both\" \/>\n\t\t<\/div>\n\n","protected":false},"excerpt":{"rendered":"<p>\u2022 Al instalar el Consejo Municipal de Seguridad P\u00fablica, el presidente municipal de Cuernavaca destac\u00f3 la importancia de abordar la seguridad a partir de una perspectiva integral que contemple factores sociales, econ\u00f3micos y culturales Con el compromiso de garantizar un entorno de paz y seguridad para la ciudadan\u00eda, el presidente municipal de Cuernavaca, Jos\u00e9 Luis [&hellip;]<\/p>\n","protected":false},"author":1,"featured_media":48068,"comment_status":"closed","ping_status":"open","sticky":false,"template":"","format":"standard","meta":[],"categories":[17],"tags":[2912,121,120,206,2285,141,3235,127,414,125],"aioseo_notices":[],"_links":{"self":[{"href":"https:\/\/cuernavaca.gob.mx\/index.php?rest_route=\/wp\/v2\/posts\/48065"}],"collection":[{"href":"https:\/\/cuernavaca.gob.mx\/index.php?rest_route=\/wp\/v2\/posts"}],"about":[{"href":"https:\/\/cuernavaca.gob.mx\/index.php?rest_route=\/wp\/v2\/types\/post"}],"author":[{"embeddable":true,"href":"https:\/\/cuernavaca.gob.mx\/index.php?rest_route=\/wp\/v2\/users\/1"}],"replies":[{"embeddable":true,"href":"https:\/\/cuernavaca.gob.mx\/index.php?rest_route=%2Fwp%2Fv2%2Fcomments&post=48065"}],"version-history":[{"count":1,"href":"https:\/\/cuernavaca.gob.mx\/index.php?rest_route=\/wp\/v2\/posts\/48065\/revisions"}],"predecessor-version":[{"id":48069,"href":"https:\/\/cuernavaca.gob.mx\/index.php?rest_route=\/wp\/v2\/posts\/48065\/revisions\/48069"}],"wp:featuredmedia":[{"embeddable":true,"href":"https:\/\/cuernavaca.gob.mx\/index.php?rest_route=\/wp\/v2\/media\/48068"}],"wp:attachment":[{"href":"https:\/\/cuernavaca.gob.mx\/index.php?rest_route=%2Fwp%2Fv2%2Fmedia&parent=48065"}],"wp:term":[{"taxonomy":"category","embeddable":true,"href":"https:\/\/cuernavaca.gob.mx\/index.php?rest_route=%2Fwp%2Fv2%2Fcategories&post=48065"},{"taxonomy":"post_tag","embeddable":true,"href":"https:\/\/cuernavaca.gob.mx\/index.php?rest_route=%2Fwp%2Fv2%2Ftags&post=48065"}],"curies":[{"name":"wp","href":"https:\/\/api.w.org\/{rel}","templated":true}]}}