{"id":48084,"date":"2025-02-01T08:40:07","date_gmt":"2025-02-01T14:40:07","guid":{"rendered":"https:\/\/cuernavaca.gob.mx\/?p=48084"},"modified":"2025-02-01T08:40:07","modified_gmt":"2025-02-01T14:40:07","slug":"invita-jose-luis-uriotegui-salgado-a-explorar-la-ciudad-y-sus-emblematicos-espacios","status":"publish","type":"post","link":"https:\/\/cuernavaca.gob.mx\/?p=48084","title":{"rendered":"INVITA JOS\u00c9 LUIS URI\u00d3TEGUI SALGADO A EXPLORAR LA CIUDAD Y SUS EMBLEM\u00c1TICOS ESPACIOS"},"content":{"rendered":"<p>Con la llegada del primer fin de semana largo del a\u00f1o, Cuernavaca se consolida como uno de los destinos tur\u00edsticos m\u00e1s atractivos del centro del pa\u00eds. Su combinaci\u00f3n de historia, cultura, arquitectura y naturaleza la convierte en la opci\u00f3n perfecta para disfrutar de unos d\u00edas de descanso en familia, pareja o con amigos.<\/p>\n<p>En 2024, Cuernavaca alcanz\u00f3 un hito importante al superar el n\u00famero de turistas atendidos en comparaci\u00f3n con toda la administraci\u00f3n anterior, lo que refleja el crecimiento constante del turismo en la regi\u00f3n.<\/p>\n<p>El presidente municipal, Jos\u00e9 Luis Uri\u00f3tegui Salgado, destac\u00f3 que uno de los ejes fundamentales de la administraci\u00f3n ha sido embellecer la ciudad, en especial el acceso a la ciudad por la entrada norte con la rehabilitaci\u00f3n de la Glorieta de la Paloma de la Paz, as\u00ed como a trav\u00e9s del cuidado y conservaci\u00f3n del Centro Hist\u00f3rico, un lugar que, gracias a esfuerzos conjuntos con la sociedad civil y empresarios, sigue siendo un espacio atractivo para los turistas.<\/p>\n<p>La oferta tur\u00edstica de Cuernavaca incluye una rica variedad de museos, monumentos hist\u00f3ricos, espacios culturales y espacios p\u00fablicos que atraen, tanto a visitantes nacionales como internacionales.<\/p>\n<p>Entre los principales atractivos se destacan la Catedral de Cuernavaca, un impresionante ejemplo de arquitectura barroca y patrimonio de la humanidad; el Museo Regional de los Pueblos de Morelos, que alberga valiosas colecciones sobre la historia de la regi\u00f3n, y desde el 2024, la Glorieta de la Identidad antes Glorieta de Tlaltenango, que, con una inversi\u00f3n hecha con recursos propios del municipio, se cambi\u00f3 en su totalidad como un escaparate de la historia de los 12 pueblos originarios de la capital morelense.<\/p>\n<p>Adem\u00e1s, el Centro Cultural Teopanzolco, frente a la zona arqueol\u00f3gica de Teopanzolco, que ofrece una programaci\u00f3n cultural de primer nivel, con conciertos, exposiciones y teatro. Para los amantes de la naturaleza, el Jard\u00edn Borda, el Jard\u00edn Ju\u00e1rez y el Parque Porfirio D\u00edaz, son espacios ideales para relajarse y disfrutar del c\u00e1lido clima de la ciudad, este \u00faltimo incluso fue rescatado en su totalidad por el Gobierno Municipal de Cuernavaca.<\/p>\n<p>Pero tambi\u00e9n la ciudad de la Eterna Primavera cuenta desde 2022 con un corredor cultural que, mediante la suma de esfuerzos con artistas pl\u00e1sticos reconocidos internacionalmente que donaron sus obras, se ha posicionado como una galer\u00eda de arte al aire libre para el disfrute de todas las personas y visitantes que desean conocer la historia, arquitectura, arte y cultura de Cuernavaca. Este corredor se ubica desde la entrada norte de la ciudad hasta la avenida R\u00edo Mayo.<\/p>\n<p>Es as\u00ed, como Cuernavaca promete un fin de semana largo lleno de experiencias para todos los gustos. Si desean m\u00e1s informaci\u00f3n sobre los lugares y actividades disponibles, el M\u00f3dulo de Informaci\u00f3n Tur\u00edstica Permanente, ubicado en la calle Agust\u00edn G\u00fcemes, junto al Parque Porfirio D\u00edaz, est\u00e1 disponible para brindar recomendaciones y orientaci\u00f3n.<\/p>\n\n\t\t<style type=\"text\/css\">\n\t\t\t#gallery-1 {\n\t\t\t\tmargin: auto;\n\t\t\t}\n\t\t\t#gallery-1 .gallery-item {\n\t\t\t\tfloat: left;\n\t\t\t\tmargin-top: 10px;\n\t\t\t\ttext-align: center;\n\t\t\t\twidth: 33%;\n\t\t\t}\n\t\t\t#gallery-1 img {\n\t\t\t\tborder: 2px solid #cfcfcf;\n\t\t\t}\n\t\t\t#gallery-1 .gallery-caption {\n\t\t\t\tmargin-left: 0;\n\t\t\t}\n\t\t\t\/* see gallery_shortcode() in wp-includes\/media.php *\/\n\t\t<\/style>\n\t\t<div id='gallery-1' class='gallery galleryid-48084 gallery-columns-3 gallery-size-thumbnail'><dl class='gallery-item'>\n\t\t\t<dt class='gallery-icon landscape'>\n\t\t\t\t<a href='https:\/\/cuernavaca.gob.mx\/?attachment_id=48085'><img width=\"150\" height=\"150\" src=\"https:\/\/cuernavaca.gob.mx\/wp-content\/uploads\/2025\/02\/INVITA-JOSE-LUIS-URIOTEGUI-SALGADO-A-EXPLORAR-LA-CIUDAD-Y-SUS-EMBLEMATICOS-ESPACIOS-1-150x150.jpeg\" class=\"attachment-thumbnail size-thumbnail\" alt=\"\" loading=\"lazy\" \/><\/a>\n\t\t\t<\/dt><\/dl><dl class='gallery-item'>\n\t\t\t<dt class='gallery-icon landscape'>\n\t\t\t\t<a href='https:\/\/cuernavaca.gob.mx\/?attachment_id=48086'><img width=\"150\" height=\"150\" src=\"https:\/\/cuernavaca.gob.mx\/wp-content\/uploads\/2025\/02\/INVITA-JOSE-LUIS-URIOTEGUI-SALGADO-A-EXPLORAR-LA-CIUDAD-Y-SUS-EMBLEMATICOS-ESPACIOS-2-150x150.jpeg\" class=\"attachment-thumbnail size-thumbnail\" alt=\"\" loading=\"lazy\" \/><\/a>\n\t\t\t<\/dt><\/dl><dl class='gallery-item'>\n\t\t\t<dt class='gallery-icon landscape'>\n\t\t\t\t<a href='https:\/\/cuernavaca.gob.mx\/?attachment_id=48087'><img width=\"150\" height=\"150\" src=\"https:\/\/cuernavaca.gob.mx\/wp-content\/uploads\/2025\/02\/INVITA-JOSE-LUIS-URIOTEGUI-SALGADO-A-EXPLORAR-LA-CIUDAD-Y-SUS-EMBLEMATICOS-ESPACIOS-3-150x150.jpeg\" class=\"attachment-thumbnail size-thumbnail\" alt=\"\" loading=\"lazy\" \/><\/a>\n\t\t\t<\/dt><\/dl><br style=\"clear: both\" \/><dl class='gallery-item'>\n\t\t\t<dt class='gallery-icon portrait'>\n\t\t\t\t<a href='https:\/\/cuernavaca.gob.mx\/?attachment_id=48088'><img width=\"150\" height=\"150\" src=\"https:\/\/cuernavaca.gob.mx\/wp-content\/uploads\/2025\/02\/INVITA-JOSE-LUIS-URIOTEGUI-SALGADO-A-EXPLORAR-LA-CIUDAD-Y-SUS-EMBLEMATICOS-ESPACIOS-4-150x150.jpeg\" class=\"attachment-thumbnail size-thumbnail\" alt=\"\" loading=\"lazy\" \/><\/a>\n\t\t\t<\/dt><\/dl><dl class='gallery-item'>\n\t\t\t<dt class='gallery-icon landscape'>\n\t\t\t\t<a href='https:\/\/cuernavaca.gob.mx\/?attachment_id=48089'><img width=\"150\" height=\"150\" src=\"https:\/\/cuernavaca.gob.mx\/wp-content\/uploads\/2025\/02\/INVITA-JOSE-LUIS-URIOTEGUI-SALGADO-A-EXPLORAR-LA-CIUDAD-Y-SUS-EMBLEMATICOS-ESPACIOS-5-150x150.jpeg\" class=\"attachment-thumbnail size-thumbnail\" alt=\"\" loading=\"lazy\" \/><\/a>\n\t\t\t<\/dt><\/dl><dl class='gallery-item'>\n\t\t\t<dt class='gallery-icon landscape'>\n\t\t\t\t<a href='https:\/\/cuernavaca.gob.mx\/?attachment_id=48090'><img width=\"150\" height=\"150\" src=\"https:\/\/cuernavaca.gob.mx\/wp-content\/uploads\/2025\/02\/INVITA-JOSE-LUIS-URIOTEGUI-SALGADO-A-EXPLORAR-LA-CIUDAD-Y-SUS-EMBLEMATICOS-ESPACIOS-6-150x150.jpeg\" class=\"attachment-thumbnail size-thumbnail\" alt=\"\" loading=\"lazy\" \/><\/a>\n\t\t\t<\/dt><\/dl><br style=\"clear: both\" \/><dl class='gallery-item'>\n\t\t\t<dt class='gallery-icon landscape'>\n\t\t\t\t<a href='https:\/\/cuernavaca.gob.mx\/?attachment_id=48091'><img width=\"150\" height=\"150\" src=\"https:\/\/cuernavaca.gob.mx\/wp-content\/uploads\/2025\/02\/INVITA-JOSE-LUIS-URIOTEGUI-SALGADO-A-EXPLORAR-LA-CIUDAD-Y-SUS-EMBLEMATICOS-ESPACIOS-7-150x150.jpeg\" class=\"attachment-thumbnail size-thumbnail\" alt=\"\" loading=\"lazy\" \/><\/a>\n\t\t\t<\/dt><\/dl><dl class='gallery-item'>\n\t\t\t<dt class='gallery-icon landscape'>\n\t\t\t\t<a href='https:\/\/cuernavaca.gob.mx\/?attachment_id=48092'><img width=\"150\" height=\"150\" src=\"https:\/\/cuernavaca.gob.mx\/wp-content\/uploads\/2025\/02\/INVITA-JOSE-LUIS-URIOTEGUI-SALGADO-A-EXPLORAR-LA-CIUDAD-Y-SUS-EMBLEMATICOS-ESPACIOS-8-150x150.jpeg\" class=\"attachment-thumbnail size-thumbnail\" alt=\"\" loading=\"lazy\" \/><\/a>\n\t\t\t<\/dt><\/dl>\n\t\t\t<br style='clear: both' \/>\n\t\t<\/div>\n\n","protected":false},"excerpt":{"rendered":"<p>Con la llegada del primer fin de semana largo del a\u00f1o, Cuernavaca se consolida como uno de los destinos tur\u00edsticos m\u00e1s atractivos del centro del pa\u00eds. Su combinaci\u00f3n de historia, cultura, arquitectura y naturaleza la convierte en la opci\u00f3n perfecta para disfrutar de unos d\u00edas de descanso en familia, pareja o con amigos. En 2024, [&hellip;]<\/p>\n","protected":false},"author":1,"featured_media":48092,"comment_status":"closed","ping_status":"open","sticky":false,"template":"","format":"standard","meta":[],"categories":[21],"tags":[121,190,2337,3995,120,3996,206,193,127,194,1375],"aioseo_notices":[],"_links":{"self":[{"href":"https:\/\/cuernavaca.gob.mx\/index.php?rest_route=\/wp\/v2\/posts\/48084"}],"collection":[{"href":"https:\/\/cuernavaca.gob.mx\/index.php?rest_route=\/wp\/v2\/posts"}],"about":[{"href":"https:\/\/cuernavaca.gob.mx\/index.php?rest_route=\/wp\/v2\/types\/post"}],"author":[{"embeddable":true,"href":"https:\/\/cuernavaca.gob.mx\/index.php?rest_route=\/wp\/v2\/users\/1"}],"replies":[{"embeddable":true,"href":"https:\/\/cuernavaca.gob.mx\/index.php?rest_route=%2Fwp%2Fv2%2Fcomments&post=48084"}],"version-history":[{"count":1,"href":"https:\/\/cuernavaca.gob.mx\/index.php?rest_route=\/wp\/v2\/posts\/48084\/revisions"}],"predecessor-version":[{"id":48093,"href":"https:\/\/cuernavaca.gob.mx\/index.php?rest_route=\/wp\/v2\/posts\/48084\/revisions\/48093"}],"wp:featuredmedia":[{"embeddable":true,"href":"https:\/\/cuernavaca.gob.mx\/index.php?rest_route=\/wp\/v2\/media\/48092"}],"wp:attachment":[{"href":"https:\/\/cuernavaca.gob.mx\/index.php?rest_route=%2Fwp%2Fv2%2Fmedia&parent=48084"}],"wp:term":[{"taxonomy":"category","embeddable":true,"href":"https:\/\/cuernavaca.gob.mx\/index.php?rest_route=%2Fwp%2Fv2%2Fcategories&post=48084"},{"taxonomy":"post_tag","embeddable":true,"href":"https:\/\/cuernavaca.gob.mx\/index.php?rest_route=%2Fwp%2Fv2%2Ftags&post=48084"}],"curies":[{"name":"wp","href":"https:\/\/api.w.org\/{rel}","templated":true}]}}