{"id":48094,"date":"2025-02-02T10:00:11","date_gmt":"2025-02-02T16:00:11","guid":{"rendered":"https:\/\/cuernavaca.gob.mx\/?p=48094"},"modified":"2025-02-02T11:28:14","modified_gmt":"2025-02-02T17:28:14","slug":"b51-02-02-25-dif-cuernavaca-invita-a-la-jornada-de-matrimonios-comunitarios-2025-si-acepto","status":"publish","type":"post","link":"https:\/\/cuernavaca.gob.mx\/?p=48094","title":{"rendered":"B51 02\/02\/25 DIF CUERNAVACA INVITA A LA JORNADA DE MATRIMONIOS COMUNITARIOS 2025 &#8220;S\u00cd, ACEPTO\u201d"},"content":{"rendered":"<p><strong>* En esta edici\u00f3n cien parejas mayores de 18 a\u00f1os podr\u00e1n unir su vida en matrimonio de manera gratuita y con todas las facilidades a iniciativa del Sistema Municipal DIF<\/strong><\/p>\n<p>Con el prop\u00f3sito de brindar certeza jur\u00eddica a las parejas y fortalecer los lazos familiares, en el marco de las pol\u00edticas p\u00fablicas que promueven el bienestar social y familiar, el Sistema Municipal DIF Cuernavaca invita a la ciudadan\u00eda a participar en la Jornada de Matrimonios Comunitarios 2025 &#8220;S\u00ed, acepto\u201d, que se llevar\u00e1 a cabo el pr\u00f3ximo martes 11 de marzo a las 11:00 horas, en el jard\u00edn de eventos &#8220;La Estancia\u201d.<\/p>\n<p>La jornada, retomada por iniciativa de la presidenta del organismo, Luz Mar\u00eda Zagal Guzm\u00e1n, tras su exitosa implementaci\u00f3n en los \u00faltimos tres a\u00f1os, tiene como objetivo promover la estabilidad familiar, apoyar la igualdad de derechos y prevenir situaciones de vulnerabilidad legal para las parejas no casadas. Todo ello desde una visi\u00f3n inclusiva y respetuosa de las diversas realidades familiares.<\/p>\n<p>En la primera gesti\u00f3n gubernamental del alcalde de Cuernavaca, Jos\u00e9 Luis Uri\u00f3stegui Salgado, de 2022 a 2024, un total de 547 parejas legalizaron su uni\u00f3n, a trav\u00e9s de este programa que les otorga seguridad jur\u00eddica para acceder a derechos, como el seguro social, pensiones, herencias y beneficios sociales que fomentan la estabilidad emocional, financiera y patrimonial de las parejas y sus hijos, lo que a su vez contribuye a la construcci\u00f3n de una sociedad m\u00e1s fuerte y cohesionada.<\/p>\n<p>Las parejas mayores de 18 a\u00f1os interesadas deber\u00e1n realizar su registro en las oficinas del Sistema Municipal DIF Cuernavaca, los d\u00edas martes y jueves en un horario de 9:00 a 13:00 horas; en tanto, teniendo como l\u00edmite el 28 de febrero, las Oficial\u00edas del Registro Civil No. 1 y No. 3 ser\u00e1n sede para la recepci\u00f3n de documentos, de lunes a viernes de 8:00 a 15:00 horas.<\/p>\n<p>Cabe destacar que esta campa\u00f1a est\u00e1 contemplada para un m\u00e1ximo de cien personas. Si requieren conocer todos los requisitos, pueden visitar las redes sociales oficiales del Municipio de Cuernavaca y del DIF Cuernavaca.<\/p>\n\n\t\t<style type=\"text\/css\">\n\t\t\t#gallery-1 {\n\t\t\t\tmargin: auto;\n\t\t\t}\n\t\t\t#gallery-1 .gallery-item {\n\t\t\t\tfloat: left;\n\t\t\t\tmargin-top: 10px;\n\t\t\t\ttext-align: center;\n\t\t\t\twidth: 33%;\n\t\t\t}\n\t\t\t#gallery-1 img {\n\t\t\t\tborder: 2px solid #cfcfcf;\n\t\t\t}\n\t\t\t#gallery-1 .gallery-caption {\n\t\t\t\tmargin-left: 0;\n\t\t\t}\n\t\t\t\/* see gallery_shortcode() in wp-includes\/media.php *\/\n\t\t<\/style>\n\t\t<div id='gallery-1' class='gallery galleryid-48094 gallery-columns-3 gallery-size-thumbnail'><dl class='gallery-item'>\n\t\t\t<dt class='gallery-icon landscape'>\n\t\t\t\t<a href='https:\/\/cuernavaca.gob.mx\/?attachment_id=48095'><img width=\"150\" height=\"150\" src=\"https:\/\/cuernavaca.gob.mx\/wp-content\/uploads\/2025\/02\/DIF-CUERNAVACA-INVITA-A-LA-JORNADA-DE-MATRIMONIOS-COMUNITARIOS-2025-22SI-ACEPTO-1-150x150.jpeg\" class=\"attachment-thumbnail size-thumbnail\" alt=\"\" loading=\"lazy\" \/><\/a>\n\t\t\t<\/dt><\/dl><dl class='gallery-item'>\n\t\t\t<dt class='gallery-icon landscape'>\n\t\t\t\t<a href='https:\/\/cuernavaca.gob.mx\/?attachment_id=48096'><img width=\"150\" height=\"150\" src=\"https:\/\/cuernavaca.gob.mx\/wp-content\/uploads\/2025\/02\/DIF-CUERNAVACA-INVITA-A-LA-JORNADA-DE-MATRIMONIOS-COMUNITARIOS-2025-22SI-ACEPTO-2-150x150.jpeg\" class=\"attachment-thumbnail size-thumbnail\" alt=\"\" loading=\"lazy\" \/><\/a>\n\t\t\t<\/dt><\/dl><dl class='gallery-item'>\n\t\t\t<dt class='gallery-icon landscape'>\n\t\t\t\t<a href='https:\/\/cuernavaca.gob.mx\/?attachment_id=48097'><img width=\"150\" height=\"150\" src=\"https:\/\/cuernavaca.gob.mx\/wp-content\/uploads\/2025\/02\/DIF-CUERNAVACA-INVITA-A-LA-JORNADA-DE-MATRIMONIOS-COMUNITARIOS-2025-22SI-ACEPTO-3-150x150.jpeg\" class=\"attachment-thumbnail size-thumbnail\" alt=\"\" loading=\"lazy\" \/><\/a>\n\t\t\t<\/dt><\/dl><br style=\"clear: both\" \/><dl class='gallery-item'>\n\t\t\t<dt class='gallery-icon portrait'>\n\t\t\t\t<a href='https:\/\/cuernavaca.gob.mx\/?attachment_id=48098'><img width=\"150\" height=\"150\" src=\"https:\/\/cuernavaca.gob.mx\/wp-content\/uploads\/2025\/02\/DIF-CUERNAVACA-INVITA-A-LA-JORNADA-DE-MATRIMONIOS-COMUNITARIOS-2025-22SI-ACEPTO-4-150x150.jpeg\" class=\"attachment-thumbnail size-thumbnail\" alt=\"\" loading=\"lazy\" \/><\/a>\n\t\t\t<\/dt><\/dl><dl class='gallery-item'>\n\t\t\t<dt class='gallery-icon landscape'>\n\t\t\t\t<a href='https:\/\/cuernavaca.gob.mx\/?attachment_id=48099'><img width=\"150\" height=\"150\" src=\"https:\/\/cuernavaca.gob.mx\/wp-content\/uploads\/2025\/02\/DIF-CUERNAVACA-INVITA-A-LA-JORNADA-DE-MATRIMONIOS-COMUNITARIOS-2025-22SI-ACEPTO-5-150x150.jpeg\" class=\"attachment-thumbnail size-thumbnail\" alt=\"\" loading=\"lazy\" \/><\/a>\n\t\t\t<\/dt><\/dl>\n\t\t\t<br style='clear: both' \/>\n\t\t<\/div>\n\n","protected":false},"excerpt":{"rendered":"<p>* En esta edici\u00f3n cien parejas mayores de 18 a\u00f1os podr\u00e1n unir su vida en matrimonio de manera gratuita y con todas las facilidades a iniciativa del Sistema Municipal DIF Con el prop\u00f3sito de brindar certeza jur\u00eddica a las parejas y fortalecer los lazos familiares, en el marco de las pol\u00edticas p\u00fablicas que promueven el [&hellip;]<\/p>\n","protected":false},"author":1,"featured_media":48099,"comment_status":"closed","ping_status":"open","sticky":false,"template":"","format":"standard","meta":[],"categories":[16],"tags":[2915,2530,2532,121,2337,841,3997,120,2914,206,2531,127],"aioseo_notices":[],"_links":{"self":[{"href":"https:\/\/cuernavaca.gob.mx\/index.php?rest_route=\/wp\/v2\/posts\/48094"}],"collection":[{"href":"https:\/\/cuernavaca.gob.mx\/index.php?rest_route=\/wp\/v2\/posts"}],"about":[{"href":"https:\/\/cuernavaca.gob.mx\/index.php?rest_route=\/wp\/v2\/types\/post"}],"author":[{"embeddable":true,"href":"https:\/\/cuernavaca.gob.mx\/index.php?rest_route=\/wp\/v2\/users\/1"}],"replies":[{"embeddable":true,"href":"https:\/\/cuernavaca.gob.mx\/index.php?rest_route=%2Fwp%2Fv2%2Fcomments&post=48094"}],"version-history":[{"count":1,"href":"https:\/\/cuernavaca.gob.mx\/index.php?rest_route=\/wp\/v2\/posts\/48094\/revisions"}],"predecessor-version":[{"id":48100,"href":"https:\/\/cuernavaca.gob.mx\/index.php?rest_route=\/wp\/v2\/posts\/48094\/revisions\/48100"}],"wp:featuredmedia":[{"embeddable":true,"href":"https:\/\/cuernavaca.gob.mx\/index.php?rest_route=\/wp\/v2\/media\/48099"}],"wp:attachment":[{"href":"https:\/\/cuernavaca.gob.mx\/index.php?rest_route=%2Fwp%2Fv2%2Fmedia&parent=48094"}],"wp:term":[{"taxonomy":"category","embeddable":true,"href":"https:\/\/cuernavaca.gob.mx\/index.php?rest_route=%2Fwp%2Fv2%2Fcategories&post=48094"},{"taxonomy":"post_tag","embeddable":true,"href":"https:\/\/cuernavaca.gob.mx\/index.php?rest_route=%2Fwp%2Fv2%2Ftags&post=48094"}],"curies":[{"name":"wp","href":"https:\/\/api.w.org\/{rel}","templated":true}]}}