{"id":48113,"date":"2025-02-04T14:43:34","date_gmt":"2025-02-04T20:43:34","guid":{"rendered":"https:\/\/cuernavaca.gob.mx\/?p=48113"},"modified":"2025-02-04T14:43:34","modified_gmt":"2025-02-04T20:43:34","slug":"b54-04-02-25-jose-luis-uriostegui-refuerza-su-compromiso-con-el-fortalecimiento-del-campo-de-cuernavaca","status":"publish","type":"post","link":"https:\/\/cuernavaca.gob.mx\/?p=48113","title":{"rendered":"B54 04\/02\/25 JOS\u00c9 LUIS URI\u00d3STEGUI REFUERZA SU COMPROMISO CON EL FORTALECIMIENTO DEL CAMPO DE CUERNAVACA"},"content":{"rendered":"<p><strong>\u2022 El presidente municipal de Cuernavaca encabez\u00f3 la instalaci\u00f3n del Comunders, un paso importante en la estrategia de apoyo a los sectores rurales, con el objetivo de mejorar las condiciones de vida de los habitantes de las zonas productivas de la ciudad<\/strong><\/p>\n<p>El presidente municipal de Cuernavaca, Jos\u00e9 Luis Uri\u00f3stegui Salgado, encabez\u00f3 este martes la sesi\u00f3n de instalaci\u00f3n del Consejo Municipal de Desarrollo Rural Sustentable (Comunders), donde confirm\u00f3 que la experiencia adquirida durante los tres a\u00f1os previos de trabajo conjunto con los productores locales permitir\u00e1 tomar decisiones m\u00e1s informadas y eficaces para seguir fortaleciendo a las diversas ramas productivas de la ciudad, con el objetivo de impulsar el desarrollo econ\u00f3mico y productivo en el municipio.<\/p>\n<p>En la sede Papagayo del Ayuntamiento capitalino, el alcalde refiri\u00f3 que a pesar de la percepci\u00f3n com\u00fan de que Cuernavaca, por ser un municipio predominantemente urbano, carece de espacios adecuados para la producci\u00f3n, el Comunders ha demostrado lo contrario, ya que, a trav\u00e9s de esta iniciativa se ha evidenciado que la capital morelense cuenta con una amplia diversidad de actividades productivas, que contribuyen significativamente al crecimiento y consolidaci\u00f3n econ\u00f3mica del municipio.<\/p>\n<p>En presencia de representantes de las ramas productivas de nopal, hortalizas, pan artesanal, ap\u00edcolas, fung\u00edcolas, aguacateros, ornamentales, y granos b\u00e1sicos, Jos\u00e9 Luis Uri\u00f3stegui Salgado precis\u00f3 que el compromiso de la administraci\u00f3n municipal es claro, lo que corresponde a su aportaci\u00f3n lo han hecho en tiempo, con la calidad y caracter\u00edsticas que verdaderamente beneficien a los productores, y no con lo que creen que es \u00fatil para cada una de las ramas, enfoque que es clave en el fortalecimiento de las distintas actividades productivas en la ciudad.<\/p>\n<p>En este sentido, puso como ejemplo el caso de la rama ganadera de Cuernavaca, cuya asociaci\u00f3n se ha posicionado como la n\u00famero uno en su sector, gracias a un trabajo coordinado y bien dirigido, que incluy\u00f3 la entrega, durante la pasada administraci\u00f3n de Jos\u00e9 Luis Uri\u00f3stegui, de 35 vaquillas en etapa de gestaci\u00f3n, las cuales contribuyeron a incrementar tanto su producci\u00f3n y productividad como su patrimonio.<\/p>\n<p>Antes de concluir su mensaje, el mandatario local resalt\u00f3 que el Comunders es una herramienta fundamental para avanzar en el posicionamiento de Cuernavaca como un referente en el desarrollo rural sustentable, y que la colaboraci\u00f3n entre autoridades y productores ser\u00e1 crucial para continuar impulsando el bienestar de todos los sectores productivos de la ciudad.<\/p>\n<p>En este evento, se hizo entrega de las constancias a los presidentes de las diferentes ramas productivas que fueron elegidos por asambleas en sus comunidades, contando con la presencia de la regidora Paz Hern\u00e1ndez Pardo, presidenta de la Comisi\u00f3n de Desarrollo Agropecuario y secretaria t\u00e9cnica del consejo; de la regidora Arnett Jim\u00e9nez Gaspar, del secretario de Desarrollo Econ\u00f3mico y Turismo de Cuernavaca, Marcos Manuel Su\u00e1rez Gerard; y del director de Fomento Agropecuario, Norberto Hern\u00e1ndez L\u00f3pez.<\/p>\n<p>De igual forma, asistieron en representaci\u00f3n de la Secretar\u00eda de Desarrollo Agropecuario del Estado de Morelos, Yahir \u00c1lvarez y el diputado local, Alfredo Dom\u00ednguez Mandujano.<\/p>\n\n\t\t<style type=\"text\/css\">\n\t\t\t#gallery-1 {\n\t\t\t\tmargin: auto;\n\t\t\t}\n\t\t\t#gallery-1 .gallery-item {\n\t\t\t\tfloat: left;\n\t\t\t\tmargin-top: 10px;\n\t\t\t\ttext-align: center;\n\t\t\t\twidth: 33%;\n\t\t\t}\n\t\t\t#gallery-1 img {\n\t\t\t\tborder: 2px solid #cfcfcf;\n\t\t\t}\n\t\t\t#gallery-1 .gallery-caption {\n\t\t\t\tmargin-left: 0;\n\t\t\t}\n\t\t\t\/* see gallery_shortcode() in wp-includes\/media.php *\/\n\t\t<\/style>\n\t\t<div id='gallery-1' class='gallery galleryid-48113 gallery-columns-3 gallery-size-thumbnail'><dl class='gallery-item'>\n\t\t\t<dt class='gallery-icon landscape'>\n\t\t\t\t<a href='https:\/\/cuernavaca.gob.mx\/?attachment_id=48114'><img width=\"150\" height=\"150\" src=\"https:\/\/cuernavaca.gob.mx\/wp-content\/uploads\/2025\/02\/JOSE\u0301-LUIS-URIO\u0301STEGUI-REFUERZA-SU-COMPROMISO-CON-EL-FORTALECIMIENTO-DEL-CAMPO-DE-CUERNAVACA-1-150x150.jpg\" class=\"attachment-thumbnail size-thumbnail\" alt=\"\" loading=\"lazy\" \/><\/a>\n\t\t\t<\/dt><\/dl><dl class='gallery-item'>\n\t\t\t<dt class='gallery-icon landscape'>\n\t\t\t\t<a href='https:\/\/cuernavaca.gob.mx\/?attachment_id=48115'><img width=\"150\" height=\"150\" src=\"https:\/\/cuernavaca.gob.mx\/wp-content\/uploads\/2025\/02\/JOSE\u0301-LUIS-URIO\u0301STEGUI-REFUERZA-SU-COMPROMISO-CON-EL-FORTALECIMIENTO-DEL-CAMPO-DE-CUERNAVACA-2-150x150.jpg\" class=\"attachment-thumbnail size-thumbnail\" alt=\"\" loading=\"lazy\" \/><\/a>\n\t\t\t<\/dt><\/dl><dl class='gallery-item'>\n\t\t\t<dt class='gallery-icon landscape'>\n\t\t\t\t<a href='https:\/\/cuernavaca.gob.mx\/?attachment_id=48116'><img width=\"150\" height=\"150\" src=\"https:\/\/cuernavaca.gob.mx\/wp-content\/uploads\/2025\/02\/JOSE\u0301-LUIS-URIO\u0301STEGUI-REFUERZA-SU-COMPROMISO-CON-EL-FORTALECIMIENTO-DEL-CAMPO-DE-CUERNAVACA-3-150x150.jpg\" class=\"attachment-thumbnail size-thumbnail\" alt=\"\" loading=\"lazy\" \/><\/a>\n\t\t\t<\/dt><\/dl><br style=\"clear: both\" \/><dl class='gallery-item'>\n\t\t\t<dt class='gallery-icon landscape'>\n\t\t\t\t<a href='https:\/\/cuernavaca.gob.mx\/?attachment_id=48117'><img width=\"150\" height=\"150\" src=\"https:\/\/cuernavaca.gob.mx\/wp-content\/uploads\/2025\/02\/JOSE\u0301-LUIS-URIO\u0301STEGUI-REFUERZA-SU-COMPROMISO-CON-EL-FORTALECIMIENTO-DEL-CAMPO-DE-CUERNAVACA-4-150x150.jpg\" class=\"attachment-thumbnail size-thumbnail\" alt=\"\" loading=\"lazy\" \/><\/a>\n\t\t\t<\/dt><\/dl><dl class='gallery-item'>\n\t\t\t<dt class='gallery-icon landscape'>\n\t\t\t\t<a href='https:\/\/cuernavaca.gob.mx\/?attachment_id=48118'><img width=\"150\" height=\"150\" src=\"https:\/\/cuernavaca.gob.mx\/wp-content\/uploads\/2025\/02\/JOSE\u0301-LUIS-URIO\u0301STEGUI-REFUERZA-SU-COMPROMISO-CON-EL-FORTALECIMIENTO-DEL-CAMPO-DE-CUERNAVACA-5-150x150.jpg\" class=\"attachment-thumbnail size-thumbnail\" alt=\"\" loading=\"lazy\" \/><\/a>\n\t\t\t<\/dt><\/dl><dl class='gallery-item'>\n\t\t\t<dt class='gallery-icon landscape'>\n\t\t\t\t<a href='https:\/\/cuernavaca.gob.mx\/?attachment_id=48119'><img width=\"150\" height=\"150\" src=\"https:\/\/cuernavaca.gob.mx\/wp-content\/uploads\/2025\/02\/JOSE\u0301-LUIS-URIO\u0301STEGUI-REFUERZA-SU-COMPROMISO-CON-EL-FORTALECIMIENTO-DEL-CAMPO-DE-CUERNAVACA-6-150x150.jpg\" class=\"attachment-thumbnail size-thumbnail\" alt=\"\" loading=\"lazy\" \/><\/a>\n\t\t\t<\/dt><\/dl><br style=\"clear: both\" \/>\n\t\t<\/div>\n\n","protected":false},"excerpt":{"rendered":"<p>\u2022 El presidente municipal de Cuernavaca encabez\u00f3 la instalaci\u00f3n del Comunders, un paso importante en la estrategia de apoyo a los sectores rurales, con el objetivo de mejorar las condiciones de vida de los habitantes de las zonas productivas de la ciudad El presidente municipal de Cuernavaca, Jos\u00e9 Luis Uri\u00f3stegui Salgado, encabez\u00f3 este martes la [&hellip;]<\/p>\n","protected":false},"author":1,"featured_media":48116,"comment_status":"closed","ping_status":"open","sticky":false,"template":"","format":"standard","meta":[],"categories":[2294],"tags":[1384,121,375,539,2127,120,206,127,490],"aioseo_notices":[],"_links":{"self":[{"href":"https:\/\/cuernavaca.gob.mx\/index.php?rest_route=\/wp\/v2\/posts\/48113"}],"collection":[{"href":"https:\/\/cuernavaca.gob.mx\/index.php?rest_route=\/wp\/v2\/posts"}],"about":[{"href":"https:\/\/cuernavaca.gob.mx\/index.php?rest_route=\/wp\/v2\/types\/post"}],"author":[{"embeddable":true,"href":"https:\/\/cuernavaca.gob.mx\/index.php?rest_route=\/wp\/v2\/users\/1"}],"replies":[{"embeddable":true,"href":"https:\/\/cuernavaca.gob.mx\/index.php?rest_route=%2Fwp%2Fv2%2Fcomments&post=48113"}],"version-history":[{"count":1,"href":"https:\/\/cuernavaca.gob.mx\/index.php?rest_route=\/wp\/v2\/posts\/48113\/revisions"}],"predecessor-version":[{"id":48120,"href":"https:\/\/cuernavaca.gob.mx\/index.php?rest_route=\/wp\/v2\/posts\/48113\/revisions\/48120"}],"wp:featuredmedia":[{"embeddable":true,"href":"https:\/\/cuernavaca.gob.mx\/index.php?rest_route=\/wp\/v2\/media\/48116"}],"wp:attachment":[{"href":"https:\/\/cuernavaca.gob.mx\/index.php?rest_route=%2Fwp%2Fv2%2Fmedia&parent=48113"}],"wp:term":[{"taxonomy":"category","embeddable":true,"href":"https:\/\/cuernavaca.gob.mx\/index.php?rest_route=%2Fwp%2Fv2%2Fcategories&post=48113"},{"taxonomy":"post_tag","embeddable":true,"href":"https:\/\/cuernavaca.gob.mx\/index.php?rest_route=%2Fwp%2Fv2%2Ftags&post=48113"}],"curies":[{"name":"wp","href":"https:\/\/api.w.org\/{rel}","templated":true}]}}