{"id":48127,"date":"2025-02-05T12:00:54","date_gmt":"2025-02-05T18:00:54","guid":{"rendered":"https:\/\/cuernavaca.gob.mx\/?p=48127"},"modified":"2025-02-05T13:29:35","modified_gmt":"2025-02-05T19:29:35","slug":"jose-luis-uriostegui-salgado-continua-mejorando-la-infraestructura-hidraulica-de-cuernavaca","status":"publish","type":"post","link":"https:\/\/cuernavaca.gob.mx\/?p=48127","title":{"rendered":"B56 05\/02\/25 JOS\u00c9 LUIS URI\u00d3STEGUI SALGADO CONTIN\u00daA MEJORANDO LA INFRAESTRUCTURA HIDR\u00c1ULICA DE CUERNAVACA"},"content":{"rendered":"<p><strong>\u2022 Nadie detiene el compromiso del Ayuntamiento de Cuernavaca con el desarrollo y bienestar de la ciudadan\u00eda<\/strong><\/p>\n<p>El Ayuntamiento de Cuernavaca encabezado por el presidente municipal, Jos\u00e9 Luis Uri\u00f3stegui Salgado, reafirma su compromiso con el bienestar de la ciudad y sus habitantes, ya que a pesar de los retos que presenta la ciudad, los proyectos de desarrollo no se detienen para continuar transformando al municipio, particularmente en materia h\u00eddrica a trav\u00e9s de obras que aseguren el abastecimiento del agua potable en todas las zonas del municipio, pero tambi\u00e9n que mitiguen las afectaciones por la temporada de estiaje que se presenta cada a\u00f1o, preservando este recurso vital para todos los sectores de la poblaci\u00f3n.<\/p>\n<p>Esto qued\u00f3 plasmado en la inauguraci\u00f3n de las obras de sustituci\u00f3n de 750 metros de la l\u00ednea de agua potable de la avenida \u00c1vila Camacho en las colonias Arboledas y la Pradera, as\u00ed como la puesta en marcha del pozo profundo &#8220;La Caba\u00f1a&#8221; en la colonia Buenavista, que en conjunto beneficiar\u00e1n a m\u00e1s de 16 mil habitantes; trabajos que se realizaron a trav\u00e9s del Programa de Devoluci\u00f3n de Derechos (PRODDER) de la Comisi\u00f3n Nacional del Agua (Conagua) y con recursos propios municipales, recibiendo adem\u00e1s el apoyo de particulares.<\/p>\n<p>En gira de obras h\u00eddricas, el alcalde Jos\u00e9 Luis Uri\u00f3stegui destac\u00f3 que el 2025 podr\u00eda ser declarado tambi\u00e9n el &#8220;A\u00f1o del Agua Potable&#8221;, continuando con las acciones iniciadas en 2023 durante su primera gesti\u00f3n. Estas labores buscan mejorar la infraestructura hidr\u00e1ulica, que por a\u00f1os sufri\u00f3 de falta de inversi\u00f3n, con el objetivo de garantizar el acceso al agua de calidad para todas y todos los cuernavaquenses.<\/p>\n<p>Acompa\u00f1ado de las regidoras Elia Ortiz Garc\u00eda, Erika Lastra Jaimes, Paz Hern\u00e1ndez Pardo, Miriam Barajas Basilio, Arnett Jim\u00e9nez Salazar, y de los regidores Alfredo S\u00e1nchez Gonz\u00e1lez, Salvador Aguilar Rea y Gabriel Rivas R\u00edos, record\u00f3 que en 2023 se rehabilitaron 22 pozos, en 2024 se sustituyeron m\u00e1s de 25 kil\u00f3metros de tuber\u00eda y este a\u00f1o, 2025, se invertir\u00e1n m\u00e1s de 70 millones de pesos para construir tanques elevados y seguir sustituyendo tuber\u00eda que garantice una vida \u00fatil por lo menos de entre 60 a 70 a\u00f1os.<\/p>\n<p>Cabe mencionar que para la obra de sustituci\u00f3n de 750 metros de la l\u00ednea de distribuci\u00f3n de agua potable, de ocho pulgadas de di\u00e1metro, en avenida \u00c1vila Camacho se tuvo un monto de inversi\u00f3n de tres millones 580 mil 951.31 pesos del programa PRODDER, en tanto la obra de perforaci\u00f3n del pozo profundo \u201cLa Caba\u00f1a\u201d tuvo una inversi\u00f3n de cuatro millones y medio de pesos de recursos propios municipales, misma que favorecer\u00e1 a las colonias Rancho Cort\u00e9s, Bellavista, Jard\u00edn Tetela, Rancho Tetela, Analco, Real del Bosque, Jard\u00edn de los Reyes, Vista del Valle, Quinta del Bosque y Cascadas del Bosque, as\u00ed como a los poblados de Tetela del Monte y Tlaltenango.<\/p>\n<p>A estas entregas de obra asistieron Arnoldo Heredia Romero, director del Sistema de Agua Potable y Alcantarillado de Cuernavaca (SAPAC), directivos de este organismo; los encargados de los programas Juan Carlos Salinas de Proagua y Jorge Benek Keil de PRODDER de Conagua.<\/p>\n\n\t\t<style type=\"text\/css\">\n\t\t\t#gallery-1 {\n\t\t\t\tmargin: auto;\n\t\t\t}\n\t\t\t#gallery-1 .gallery-item {\n\t\t\t\tfloat: left;\n\t\t\t\tmargin-top: 10px;\n\t\t\t\ttext-align: center;\n\t\t\t\twidth: 33%;\n\t\t\t}\n\t\t\t#gallery-1 img {\n\t\t\t\tborder: 2px solid #cfcfcf;\n\t\t\t}\n\t\t\t#gallery-1 .gallery-caption {\n\t\t\t\tmargin-left: 0;\n\t\t\t}\n\t\t\t\/* see gallery_shortcode() in wp-includes\/media.php *\/\n\t\t<\/style>\n\t\t<div id='gallery-1' class='gallery galleryid-48127 gallery-columns-3 gallery-size-thumbnail'><dl class='gallery-item'>\n\t\t\t<dt class='gallery-icon landscape'>\n\t\t\t\t<a href='https:\/\/cuernavaca.gob.mx\/?attachment_id=48128'><img width=\"150\" height=\"150\" src=\"https:\/\/cuernavaca.gob.mx\/wp-content\/uploads\/2025\/02\/JOSE\u0301-LUIS-URIO\u0301STEGUI-SALGADO-CONTINU\u0301A-MEJORANDO-LA-INFRAESTRUCTURA-HIDRA\u0301ULICA-DE-CUERNAVACA-1-150x150.jpg\" class=\"attachment-thumbnail size-thumbnail\" alt=\"\" loading=\"lazy\" \/><\/a>\n\t\t\t<\/dt><\/dl><dl class='gallery-item'>\n\t\t\t<dt class='gallery-icon landscape'>\n\t\t\t\t<a href='https:\/\/cuernavaca.gob.mx\/?attachment_id=48129'><img width=\"150\" height=\"150\" src=\"https:\/\/cuernavaca.gob.mx\/wp-content\/uploads\/2025\/02\/JOSE\u0301-LUIS-URIO\u0301STEGUI-SALGADO-CONTINU\u0301A-MEJORANDO-LA-INFRAESTRUCTURA-HIDRA\u0301ULICA-DE-CUERNAVACA-2-150x150.jpg\" class=\"attachment-thumbnail size-thumbnail\" alt=\"\" loading=\"lazy\" \/><\/a>\n\t\t\t<\/dt><\/dl><dl class='gallery-item'>\n\t\t\t<dt class='gallery-icon landscape'>\n\t\t\t\t<a href='https:\/\/cuernavaca.gob.mx\/?attachment_id=48130'><img width=\"150\" height=\"150\" src=\"https:\/\/cuernavaca.gob.mx\/wp-content\/uploads\/2025\/02\/JOSE\u0301-LUIS-URIO\u0301STEGUI-SALGADO-CONTINU\u0301A-MEJORANDO-LA-INFRAESTRUCTURA-HIDRA\u0301ULICA-DE-CUERNAVACA-3-150x150.jpg\" class=\"attachment-thumbnail size-thumbnail\" alt=\"\" loading=\"lazy\" \/><\/a>\n\t\t\t<\/dt><\/dl><br style=\"clear: both\" \/><dl class='gallery-item'>\n\t\t\t<dt class='gallery-icon landscape'>\n\t\t\t\t<a href='https:\/\/cuernavaca.gob.mx\/?attachment_id=48131'><img width=\"150\" height=\"150\" src=\"https:\/\/cuernavaca.gob.mx\/wp-content\/uploads\/2025\/02\/JOSE\u0301-LUIS-URIO\u0301STEGUI-SALGADO-CONTINU\u0301A-MEJORANDO-LA-INFRAESTRUCTURA-HIDRA\u0301ULICA-DE-CUERNAVACA-4-150x150.jpg\" class=\"attachment-thumbnail size-thumbnail\" alt=\"\" loading=\"lazy\" \/><\/a>\n\t\t\t<\/dt><\/dl>\n\t\t\t<br style='clear: both' \/>\n\t\t<\/div>\n\n","protected":false},"excerpt":{"rendered":"<p>\u2022 Nadie detiene el compromiso del Ayuntamiento de Cuernavaca con el desarrollo y bienestar de la ciudadan\u00eda El Ayuntamiento de Cuernavaca encabezado por el presidente municipal, Jos\u00e9 Luis Uri\u00f3stegui Salgado, reafirma su compromiso con el bienestar de la ciudad y sus habitantes, ya que a pesar de los retos que presenta la ciudad, los proyectos [&hellip;]<\/p>\n","protected":false},"author":1,"featured_media":48130,"comment_status":"closed","ping_status":"open","sticky":false,"template":"","format":"standard","meta":[],"categories":[145],"tags":[395,3998,615,916,121,515,1664,120,206,356,232,127,138],"aioseo_notices":[],"_links":{"self":[{"href":"https:\/\/cuernavaca.gob.mx\/index.php?rest_route=\/wp\/v2\/posts\/48127"}],"collection":[{"href":"https:\/\/cuernavaca.gob.mx\/index.php?rest_route=\/wp\/v2\/posts"}],"about":[{"href":"https:\/\/cuernavaca.gob.mx\/index.php?rest_route=\/wp\/v2\/types\/post"}],"author":[{"embeddable":true,"href":"https:\/\/cuernavaca.gob.mx\/index.php?rest_route=\/wp\/v2\/users\/1"}],"replies":[{"embeddable":true,"href":"https:\/\/cuernavaca.gob.mx\/index.php?rest_route=%2Fwp%2Fv2%2Fcomments&post=48127"}],"version-history":[{"count":2,"href":"https:\/\/cuernavaca.gob.mx\/index.php?rest_route=\/wp\/v2\/posts\/48127\/revisions"}],"predecessor-version":[{"id":48133,"href":"https:\/\/cuernavaca.gob.mx\/index.php?rest_route=\/wp\/v2\/posts\/48127\/revisions\/48133"}],"wp:featuredmedia":[{"embeddable":true,"href":"https:\/\/cuernavaca.gob.mx\/index.php?rest_route=\/wp\/v2\/media\/48130"}],"wp:attachment":[{"href":"https:\/\/cuernavaca.gob.mx\/index.php?rest_route=%2Fwp%2Fv2%2Fmedia&parent=48127"}],"wp:term":[{"taxonomy":"category","embeddable":true,"href":"https:\/\/cuernavaca.gob.mx\/index.php?rest_route=%2Fwp%2Fv2%2Fcategories&post=48127"},{"taxonomy":"post_tag","embeddable":true,"href":"https:\/\/cuernavaca.gob.mx\/index.php?rest_route=%2Fwp%2Fv2%2Ftags&post=48127"}],"curies":[{"name":"wp","href":"https:\/\/api.w.org\/{rel}","templated":true}]}}