{"id":48134,"date":"2025-02-05T13:00:08","date_gmt":"2025-02-05T19:00:08","guid":{"rendered":"https:\/\/cuernavaca.gob.mx\/?p=48134"},"modified":"2025-02-05T13:33:05","modified_gmt":"2025-02-05T19:33:05","slug":"b57-05-02-24-entrega-jose-luis-uriostegui-una-obra-mas-que-mejora-el-servicio-de-agua-potable-en-cuernavaca","status":"publish","type":"post","link":"https:\/\/cuernavaca.gob.mx\/?p=48134","title":{"rendered":"B57 05\/02\/24 ENTREGA JOS\u00c9 LUIS URI\u00d3STEGUI UNA OBRA M\u00c1S QUE MEJORA EL SERVICIO DE AGUA POTABLE EN CUERNAVACA"},"content":{"rendered":"<p><strong>\u2022 Con una inversi\u00f3n de cinco millones 594 mil 974 pesos se concret\u00f3 una obra esencial para la poblaci\u00f3n, sum\u00e1ndose a otras acciones postergadas por administraciones pasadas<\/strong><\/p>\n<p>Con una inversi\u00f3n de cinco millones 594 mil 974 pesos, el presidente municipal de Cuernavaca, Jos\u00e9 Luis Uri\u00f3stegui Salgado, entreg\u00f3 la obra de sustituci\u00f3n de 660 metros de la l\u00ednea de conducci\u00f3n de 12 pulgadas de di\u00e1metro, en las calles Le\u00f1eros y R\u00edo P\u00e1nuco de las colonias Volcanes y Vista Hermosa, que permitir\u00e1 optimizar la distribuci\u00f3n del agua potable y garantizar un servicio m\u00e1s eficiente y de mayor calidad para m\u00e1s de 15 mil habitantes.<\/p>\n<p>Este proyecto emana del Programa de Devoluci\u00f3n de Derechos (PRODDER) de la Comisi\u00f3n Nacional del Agua (Conagua), al cual la anterior administraci\u00f3n de Uri\u00f3stegui Salgado pudo acceder fruto del manejo eficiente de los recursos p\u00fablicos, a trav\u00e9s de la suma de esfuerzos econ\u00f3micos entre el Organismo Cuenca Balsas de Conagua y el Sistema de Agua Potable y Alcantarillado de Cuernavaca (SAPAC), para realizar obras que tradicionalmente se hab\u00edan dejado de hacer por anteriores administraciones y que son indispensables para la poblaci\u00f3n.<\/p>\n<p>Acompa\u00f1ado de las regidoras Elia Ortiz Garc\u00eda, Erika Lastra Jaimes, Miriam Barajas Basilio y Arnett Jim\u00e9nez Salazar, as\u00ed como de los regidores Alfredo S\u00e1nchez Gonz\u00e1lez, Salvador Aguilar Rea y Gabriel Rivas R\u00edos, el alcalde capitalino precis\u00f3 que esta obra beneficiar\u00e1 tambi\u00e9n a colonias como Flores Mag\u00f3n y Estrada Cajigal, asimismo a los pueblos de Amatitl\u00e1n y Chapultepec, entre otros, mitigando adem\u00e1s con el cambio de tuber\u00eda de m\u00e1s de un kil\u00f3metro, de la privada Le\u00f1eros hasta la Cruz Roja, la p\u00e9rdida del vital l\u00edquido ante la presencia constante de fugas.<\/p>\n<p>&#8220;Esperamos que el agua llegue en mayores vol\u00famenes a la gente que la necesita, con calidad y ciertos de que la pueden consumir sin problema&#8221;, subray\u00f3.<\/p>\n<p>En su mensaje, el director t\u00e9cnico de SAPAC, H\u00e9ctor Polanco Ch\u00e1vez, respaldado por el director del organismo, Arnoldo Heredia Romero, explic\u00f3 que los trabajos incluyeron no solo el cambio de la tuber\u00eda, sino tambi\u00e9n la sustituci\u00f3n del tren de descarga de una de las fuentes m\u00e1s emblem\u00e1ticas del organismo, ya que abastece al 30 por ciento de la ciudadan\u00eda con un gasto de extracci\u00f3n de m\u00e1s de 300 litros por segundo y que ten\u00eda m\u00e1s de 70 a\u00f1os de no haber sido rehabilitada.<\/p>\n<p>A la inauguraci\u00f3n de obra tambi\u00e9n asistieron los ayudantes municipales de Chapultepec y Amatitl\u00e1n, Edson Mor\u00e1n Cerro y Rodrigo Asael Quintana \u00c1valos, respectivamente.<\/p>\n\n\t\t<style type=\"text\/css\">\n\t\t\t#gallery-1 {\n\t\t\t\tmargin: auto;\n\t\t\t}\n\t\t\t#gallery-1 .gallery-item {\n\t\t\t\tfloat: left;\n\t\t\t\tmargin-top: 10px;\n\t\t\t\ttext-align: center;\n\t\t\t\twidth: 33%;\n\t\t\t}\n\t\t\t#gallery-1 img {\n\t\t\t\tborder: 2px solid #cfcfcf;\n\t\t\t}\n\t\t\t#gallery-1 .gallery-caption {\n\t\t\t\tmargin-left: 0;\n\t\t\t}\n\t\t\t\/* see gallery_shortcode() in wp-includes\/media.php *\/\n\t\t<\/style>\n\t\t<div id='gallery-1' class='gallery galleryid-48134 gallery-columns-3 gallery-size-thumbnail'><dl class='gallery-item'>\n\t\t\t<dt class='gallery-icon landscape'>\n\t\t\t\t<a href='https:\/\/cuernavaca.gob.mx\/?attachment_id=48135'><img width=\"150\" height=\"150\" src=\"https:\/\/cuernavaca.gob.mx\/wp-content\/uploads\/2025\/02\/ENTREGA-JOSE\u0301-LUIS-URIO\u0301STEGUI-UNA-OBRA-MA\u0301S-QUE-MEJORA-EL-SERVICIO-DE-AGUA-POTABLE-EN-CUERNAVACA-1-150x150.jpg\" class=\"attachment-thumbnail size-thumbnail\" alt=\"\" loading=\"lazy\" \/><\/a>\n\t\t\t<\/dt><\/dl><dl class='gallery-item'>\n\t\t\t<dt class='gallery-icon landscape'>\n\t\t\t\t<a href='https:\/\/cuernavaca.gob.mx\/?attachment_id=48136'><img width=\"150\" height=\"150\" src=\"https:\/\/cuernavaca.gob.mx\/wp-content\/uploads\/2025\/02\/ENTREGA-JOSE\u0301-LUIS-URIO\u0301STEGUI-UNA-OBRA-MA\u0301S-QUE-MEJORA-EL-SERVICIO-DE-AGUA-POTABLE-EN-CUERNAVACA-2-150x150.jpg\" class=\"attachment-thumbnail size-thumbnail\" alt=\"\" loading=\"lazy\" \/><\/a>\n\t\t\t<\/dt><\/dl><dl class='gallery-item'>\n\t\t\t<dt class='gallery-icon landscape'>\n\t\t\t\t<a href='https:\/\/cuernavaca.gob.mx\/?attachment_id=48137'><img width=\"150\" height=\"150\" src=\"https:\/\/cuernavaca.gob.mx\/wp-content\/uploads\/2025\/02\/ENTREGA-JOSE\u0301-LUIS-URIO\u0301STEGUI-UNA-OBRA-MA\u0301S-QUE-MEJORA-EL-SERVICIO-DE-AGUA-POTABLE-EN-CUERNAVACA-3-150x150.jpg\" class=\"attachment-thumbnail size-thumbnail\" alt=\"\" loading=\"lazy\" \/><\/a>\n\t\t\t<\/dt><\/dl><br style=\"clear: both\" \/><dl class='gallery-item'>\n\t\t\t<dt class='gallery-icon landscape'>\n\t\t\t\t<a href='https:\/\/cuernavaca.gob.mx\/?attachment_id=48138'><img width=\"150\" height=\"150\" src=\"https:\/\/cuernavaca.gob.mx\/wp-content\/uploads\/2025\/02\/ENTREGA-JOSE\u0301-LUIS-URIO\u0301STEGUI-UNA-OBRA-MA\u0301S-QUE-MEJORA-EL-SERVICIO-DE-AGUA-POTABLE-EN-CUERNAVACA-4-150x150.jpg\" class=\"attachment-thumbnail size-thumbnail\" alt=\"\" loading=\"lazy\" \/><\/a>\n\t\t\t<\/dt><\/dl>\n\t\t\t<br style='clear: both' \/>\n\t\t<\/div>\n\n","protected":false},"excerpt":{"rendered":"<p>\u2022 Con una inversi\u00f3n de cinco millones 594 mil 974 pesos se concret\u00f3 una obra esencial para la poblaci\u00f3n, sum\u00e1ndose a otras acciones postergadas por administraciones pasadas Con una inversi\u00f3n de cinco millones 594 mil 974 pesos, el presidente municipal de Cuernavaca, Jos\u00e9 Luis Uri\u00f3stegui Salgado, entreg\u00f3 la obra de sustituci\u00f3n de 660 metros de [&hellip;]<\/p>\n","protected":false},"author":1,"featured_media":48138,"comment_status":"closed","ping_status":"open","sticky":false,"template":"","format":"standard","meta":[],"categories":[145],"tags":[395,615,916,121,515,1160,120,127,138],"aioseo_notices":[],"_links":{"self":[{"href":"https:\/\/cuernavaca.gob.mx\/index.php?rest_route=\/wp\/v2\/posts\/48134"}],"collection":[{"href":"https:\/\/cuernavaca.gob.mx\/index.php?rest_route=\/wp\/v2\/posts"}],"about":[{"href":"https:\/\/cuernavaca.gob.mx\/index.php?rest_route=\/wp\/v2\/types\/post"}],"author":[{"embeddable":true,"href":"https:\/\/cuernavaca.gob.mx\/index.php?rest_route=\/wp\/v2\/users\/1"}],"replies":[{"embeddable":true,"href":"https:\/\/cuernavaca.gob.mx\/index.php?rest_route=%2Fwp%2Fv2%2Fcomments&post=48134"}],"version-history":[{"count":1,"href":"https:\/\/cuernavaca.gob.mx\/index.php?rest_route=\/wp\/v2\/posts\/48134\/revisions"}],"predecessor-version":[{"id":48139,"href":"https:\/\/cuernavaca.gob.mx\/index.php?rest_route=\/wp\/v2\/posts\/48134\/revisions\/48139"}],"wp:featuredmedia":[{"embeddable":true,"href":"https:\/\/cuernavaca.gob.mx\/index.php?rest_route=\/wp\/v2\/media\/48138"}],"wp:attachment":[{"href":"https:\/\/cuernavaca.gob.mx\/index.php?rest_route=%2Fwp%2Fv2%2Fmedia&parent=48134"}],"wp:term":[{"taxonomy":"category","embeddable":true,"href":"https:\/\/cuernavaca.gob.mx\/index.php?rest_route=%2Fwp%2Fv2%2Fcategories&post=48134"},{"taxonomy":"post_tag","embeddable":true,"href":"https:\/\/cuernavaca.gob.mx\/index.php?rest_route=%2Fwp%2Fv2%2Ftags&post=48134"}],"curies":[{"name":"wp","href":"https:\/\/api.w.org\/{rel}","templated":true}]}}