{"id":48232,"date":"2025-02-14T08:00:26","date_gmt":"2025-02-14T14:00:26","guid":{"rendered":"https:\/\/cuernavaca.gob.mx\/?p=48232"},"modified":"2025-02-14T11:42:43","modified_gmt":"2025-02-14T17:42:43","slug":"invita-ayuntamiento-de-cuernavaca-a-los-foros-de-consulta-ciudadana-para-la-elaboracion-del-plan-municipal-de-desarrollo-2025-2027","status":"publish","type":"post","link":"https:\/\/cuernavaca.gob.mx\/?p=48232","title":{"rendered":"INVITA AYUNTAMIENTO DE CUERNAVACA A LOS FOROS DE CONSULTA CIUDADANA PARA LA ELABORACI\u00d3N DEL PLAN MUNICIPAL DE DESARROLLO 2025- 2027"},"content":{"rendered":"<p><strong>\u2022 Estas mesas de trabajo brindar\u00e1n a la ciudadan\u00eda la oportunidad de presentar propuestas e inquietudes para la construcci\u00f3n de un proyecto de ciudad que refleje las necesidades, expectativas y propuestas de la comunidad<\/strong><\/p>\n<p>Con el objetivo de dar continuidad a la construcci\u00f3n de una ciudad m\u00e1s pr\u00f3spera, equitativa y sostenible, el Ayuntamiento de Cuernavaca encabezado por Jos\u00e9 Luis Uri\u00f3stegui Salgado ha emitido la convocatoria para que todas y todos los ciudadanos participen en los Foros de Consulta para la elaboraci\u00f3n del Plan Municipal de Desarrollo 2025- 2027.<\/p>\n<p>Estos foros, que iniciar\u00e1n a partir del martes 18 de febrero al 01 de abril del a\u00f1o en curso, tienen como prop\u00f3sito generar un espacio de di\u00e1logo abierto entre la poblaci\u00f3n, autoridades municipales, y expertos en la materia, para definir las prioridades y estrategias de desarrollo que guiar\u00e1n la gesti\u00f3n municipal durante los pr\u00f3ximos tres a\u00f1os, construyendo un proyecto de ciudad que refleje las necesidades, expectativas y propuestas de la comunidad.<\/p>\n<p>Las personas interesadas podr\u00e1n asistir a los foros programados en diferentes puntos de la ciudad, donde se abordar\u00e1n temas clave como Cuernavaca Segura, Cuernavaca Sustentable, Cuernavaca Solidario e Incluyente, Cuernavaca Productiva y Atractiva, Cuernavaca con Desarrollo Urbano y Movilidad Adecuada, y Gobierno Eficaz y Eficiente.<\/p>\n<p>En las mesas de trabajo, las y los asistentes tendr\u00e1n la oportunidad de presentar sus propuestas y compartir sus inquietudes, las cuales ser\u00e1n consideradas en la construcci\u00f3n del plan como ocurri\u00f3 hace tres a\u00f1os en la primera gesti\u00f3n gubernamental de Uri\u00f3stegui Salgado.<\/p>\n<p>Calendario de Foros:<br \/>\n1. \u201cCuernavaca Segura\u201d, 18 de febrero a las 10:00 horas en el Museo de la Ciudad de Cuernavaca (MuCiC).<br \/>\n2. \u201cCuernavaca Sustentable\u201d, 25 de febrero a las 10:00 horas en el Parque Melchor Ocampo.<br \/>\n3. \u201cCuernavaca Solidario e Incluyente\u201d, 04 de marzo a las 10:00 horas en el Parque Alameda Solidaridad.<br \/>\n4. \u201cCuernavaca Solidario e Incluyente\u201d, enfocado a temas de ni\u00f1as, adolescentes y mujeres, 11 de marzo a las 10:00 horas en el Parque Ecol\u00f3gico Cultural Tlaltenango.<br \/>\n5. \u201cCuernavaca Productiva y Atractiva\u201d, 18 de marzo a las 16:00 horas en el Jard\u00edn de Eventos \u201cLa Estancia\u201d.<br \/>\n6. \u201cCuernavaca con Desarrollo Urbano y Movilidad Adecuada\u201d, 25 de marzo a las 10:00 horas en el Parque Denver.<br \/>\n7. \u201cGobierno Eficaz y Eficiente\u201d, 01 de abril a las 10:00 horas en el Museo de la Ciudad de Cuernavaca (MuCiC).<\/p>\n<p>Cabe resaltar que, en esta ocasi\u00f3n, se llevar\u00e1n a cabo Foros Regionales en cinco fechas, que contar\u00e1n con seis mesas de trabajo relacionadas a los temas de cada Foro de Consulta, mismos que arrancar\u00e1n el 20 de febrero a las 10:00 horas en la Casa Ejidal del poblado de Chipitl\u00e1n, continuando el 27 de febrero a las 10:00 horas en la cancha de la Ayudant\u00eda del poblado de Ahuatepec.<\/p>\n<p>Asimismo, el 06 de marzo a las 10:00 horas tendr\u00e1 como sede el mercado de la colonia Altavista, el 13 de marzo a las 10:00 horas en la cancha de la Delegaci\u00f3n Antonio Barona y el 20 de marzo a las 10:00 horas en la cancha ubicada a un costado del Centro de Desarrollo Comunitario de la colonia Lomas de Cort\u00e9s.<\/p>\n<p>El Ayuntamiento de Cuernavaca invita a la comunidad a involucrarse activamente y aportar sus ideas para lograr un desarrollo integral y sostenible para la capital morelense. Si desean conocer m\u00e1s informaci\u00f3n sobre la convocatoria pueden acceder a las redes sociales oficiales del Municipio de Cuernavaca.<\/p>\n\n\t\t<style type=\"text\/css\">\n\t\t\t#gallery-1 {\n\t\t\t\tmargin: auto;\n\t\t\t}\n\t\t\t#gallery-1 .gallery-item {\n\t\t\t\tfloat: left;\n\t\t\t\tmargin-top: 10px;\n\t\t\t\ttext-align: center;\n\t\t\t\twidth: 33%;\n\t\t\t}\n\t\t\t#gallery-1 img {\n\t\t\t\tborder: 2px solid #cfcfcf;\n\t\t\t}\n\t\t\t#gallery-1 .gallery-caption {\n\t\t\t\tmargin-left: 0;\n\t\t\t}\n\t\t\t\/* see gallery_shortcode() in wp-includes\/media.php *\/\n\t\t<\/style>\n\t\t<div id='gallery-1' class='gallery galleryid-48232 gallery-columns-3 gallery-size-thumbnail'><dl class='gallery-item'>\n\t\t\t<dt class='gallery-icon portrait'>\n\t\t\t\t<a href='https:\/\/cuernavaca.gob.mx\/?attachment_id=48233'><img width=\"150\" height=\"150\" src=\"https:\/\/cuernavaca.gob.mx\/wp-content\/uploads\/2025\/02\/INVITA-AYUNTAMIENTO-DE-CUERNAVACA-A-LOS-FOROS-DE-CONSULTA-CIUDADANA-PARA-LA-ELABORACIO\u0301N-DEL-PLAN-MUNICIPAL-DE-DESARROLLO-2025-2027-1-150x150.jpg\" class=\"attachment-thumbnail size-thumbnail\" alt=\"\" loading=\"lazy\" \/><\/a>\n\t\t\t<\/dt><\/dl>\n\t\t\t<br style='clear: both' \/>\n\t\t<\/div>\n\n","protected":false},"excerpt":{"rendered":"<p>\u2022 Estas mesas de trabajo brindar\u00e1n a la ciudadan\u00eda la oportunidad de presentar propuestas e inquietudes para la construcci\u00f3n de un proyecto de ciudad que refleje las necesidades, expectativas y propuestas de la comunidad Con el objetivo de dar continuidad a la construcci\u00f3n de una ciudad m\u00e1s pr\u00f3spera, equitativa y sostenible, el Ayuntamiento de Cuernavaca [&hellip;]<\/p>\n","protected":false},"author":1,"featured_media":48233,"comment_status":"closed","ping_status":"open","sticky":false,"template":"","format":"standard","meta":[],"categories":[20],"tags":[1261,4013,121,515,3251,120,206,383,127,1699],"aioseo_notices":[],"_links":{"self":[{"href":"https:\/\/cuernavaca.gob.mx\/index.php?rest_route=\/wp\/v2\/posts\/48232"}],"collection":[{"href":"https:\/\/cuernavaca.gob.mx\/index.php?rest_route=\/wp\/v2\/posts"}],"about":[{"href":"https:\/\/cuernavaca.gob.mx\/index.php?rest_route=\/wp\/v2\/types\/post"}],"author":[{"embeddable":true,"href":"https:\/\/cuernavaca.gob.mx\/index.php?rest_route=\/wp\/v2\/users\/1"}],"replies":[{"embeddable":true,"href":"https:\/\/cuernavaca.gob.mx\/index.php?rest_route=%2Fwp%2Fv2%2Fcomments&post=48232"}],"version-history":[{"count":1,"href":"https:\/\/cuernavaca.gob.mx\/index.php?rest_route=\/wp\/v2\/posts\/48232\/revisions"}],"predecessor-version":[{"id":48234,"href":"https:\/\/cuernavaca.gob.mx\/index.php?rest_route=\/wp\/v2\/posts\/48232\/revisions\/48234"}],"wp:featuredmedia":[{"embeddable":true,"href":"https:\/\/cuernavaca.gob.mx\/index.php?rest_route=\/wp\/v2\/media\/48233"}],"wp:attachment":[{"href":"https:\/\/cuernavaca.gob.mx\/index.php?rest_route=%2Fwp%2Fv2%2Fmedia&parent=48232"}],"wp:term":[{"taxonomy":"category","embeddable":true,"href":"https:\/\/cuernavaca.gob.mx\/index.php?rest_route=%2Fwp%2Fv2%2Fcategories&post=48232"},{"taxonomy":"post_tag","embeddable":true,"href":"https:\/\/cuernavaca.gob.mx\/index.php?rest_route=%2Fwp%2Fv2%2Ftags&post=48232"}],"curies":[{"name":"wp","href":"https:\/\/api.w.org\/{rel}","templated":true}]}}