{"id":48269,"date":"2025-02-17T11:00:33","date_gmt":"2025-02-17T17:00:33","guid":{"rendered":"https:\/\/cuernavaca.gob.mx\/?p=48269"},"modified":"2025-02-17T13:37:17","modified_gmt":"2025-02-17T19:37:17","slug":"b80-cuernavaca-busca-romper-record-guinness-con-el-taco-acorazado-mas-grande-del-mundo","status":"publish","type":"post","link":"https:\/\/cuernavaca.gob.mx\/?p=48269","title":{"rendered":"B80  CUERNAVACA BUSCA ROMPER R\u00c9CORD GUINNESS CON EL TACO ACORAZADO M\u00c1S GRANDE DEL MUNDO"},"content":{"rendered":"<p><strong>* Este domingo 23 de febrero. restauranteros, empresarios, escuelas de gastronom\u00eda y sociedad organizada, con el apoyo del Ayuntamiento de Cuernavaca, realizar\u00e1n a cabo un evento para resaltar una tradici\u00f3n local<\/strong><\/p>\n<p>Dando continuidad a una tradici\u00f3n que se retom\u00f3 hace tres a\u00f1os, con el apoyo del Ayuntamiento de Cuernavaca, encabezado por Luis Uri\u00f3stegui Salgado, este domingo 23 de febrero restauranteros, empresarios, escuelas de gastronom\u00eda y sociedad organizada est\u00e1n listos para romper el r\u00e9cord Guinness con el taco acorazado m\u00e1s grande del mundo, el cual deber\u00e1 medir 80 metros de largo.<\/p>\n<p>En conferencia de prensa, los organizadores a cargo del presidente del Grupo Morelos Cuauhn\u00e1huac, C\u00e9sar Salgado Casta\u00f1eda, as\u00ed como del secretario de Desarrollo Econ\u00f3mico y Turismo de Cuernavaca, Marcos Manuel Su\u00e1rez Gerard, informaron que la cita ser\u00e1 a partir de las 11:00 horas en la calle Miguel Hidalgo en el Centro Hist\u00f3rico de Cuernavaca, (frente a las letras de la ciudad).<\/p>\n<p>Como ha ocurrido en a\u00f1os anteriores, cocineros de restaurantes de la ciudad de la Eterna Primavera, en colaboraci\u00f3n con el Consejo de la Industria de la Masa y la Tortilla de Morelos, ser\u00e1n los encargados de preparar el arroz y los guisados tradicionales en esta haza\u00f1a gastron\u00f3mica, donde la participaci\u00f3n ciudadana es fundamental, para seguir posicionando a Cuernavaca en el mapa tur\u00edstico nacional e internacional.<\/p>\n<p>Este magno evento tambi\u00e9n ser\u00e1 una excelente oportunidad para promover la visi\u00f3n positiva de Cuernavaca, destacando lo mejor de su gastronom\u00eda local y sus tradiciones. Adem\u00e1s, por primera ocasi\u00f3n, con el apoyo de la Secretar\u00eda de Educaci\u00f3n del Estado, se ofrecer\u00e1 una cartelera art\u00edstica y cultural para toda la familia, totalmente gratis, desde las 10:00 horas.<\/p>\n\n\t\t<style type=\"text\/css\">\n\t\t\t#gallery-1 {\n\t\t\t\tmargin: auto;\n\t\t\t}\n\t\t\t#gallery-1 .gallery-item {\n\t\t\t\tfloat: left;\n\t\t\t\tmargin-top: 10px;\n\t\t\t\ttext-align: center;\n\t\t\t\twidth: 33%;\n\t\t\t}\n\t\t\t#gallery-1 img {\n\t\t\t\tborder: 2px solid #cfcfcf;\n\t\t\t}\n\t\t\t#gallery-1 .gallery-caption {\n\t\t\t\tmargin-left: 0;\n\t\t\t}\n\t\t\t\/* see gallery_shortcode() in wp-includes\/media.php *\/\n\t\t<\/style>\n\t\t<div id='gallery-1' class='gallery galleryid-48269 gallery-columns-3 gallery-size-thumbnail'><dl class='gallery-item'>\n\t\t\t<dt class='gallery-icon landscape'>\n\t\t\t\t<a href='https:\/\/cuernavaca.gob.mx\/?attachment_id=48270'><img width=\"150\" height=\"150\" src=\"https:\/\/cuernavaca.gob.mx\/wp-content\/uploads\/2025\/02\/CUERNAVACA-BUSCA-ROMPER-RE\u0301CORD-GUINNESS-CON-EL-TACO-ACORAZADO-MA\u0301S-GRANDE-DEL-MUNDO-1-150x150.jpg\" class=\"attachment-thumbnail size-thumbnail\" alt=\"\" loading=\"lazy\" \/><\/a>\n\t\t\t<\/dt><\/dl><dl class='gallery-item'>\n\t\t\t<dt class='gallery-icon landscape'>\n\t\t\t\t<a href='https:\/\/cuernavaca.gob.mx\/?attachment_id=48271'><img width=\"150\" height=\"150\" src=\"https:\/\/cuernavaca.gob.mx\/wp-content\/uploads\/2025\/02\/CUERNAVACA-BUSCA-ROMPER-RE\u0301CORD-GUINNESS-CON-EL-TACO-ACORAZADO-MA\u0301S-GRANDE-DEL-MUNDO-2-150x150.jpg\" class=\"attachment-thumbnail size-thumbnail\" alt=\"\" loading=\"lazy\" \/><\/a>\n\t\t\t<\/dt><\/dl><dl class='gallery-item'>\n\t\t\t<dt class='gallery-icon landscape'>\n\t\t\t\t<a href='https:\/\/cuernavaca.gob.mx\/?attachment_id=48272'><img width=\"150\" height=\"150\" src=\"https:\/\/cuernavaca.gob.mx\/wp-content\/uploads\/2025\/02\/CUERNAVACA-BUSCA-ROMPER-RE\u0301CORD-GUINNESS-CON-EL-TACO-ACORAZADO-MA\u0301S-GRANDE-DEL-MUNDO-3-150x150.jpg\" class=\"attachment-thumbnail size-thumbnail\" alt=\"\" loading=\"lazy\" \/><\/a>\n\t\t\t<\/dt><\/dl><br style=\"clear: both\" \/><dl class='gallery-item'>\n\t\t\t<dt class='gallery-icon landscape'>\n\t\t\t\t<a href='https:\/\/cuernavaca.gob.mx\/?attachment_id=48273'><img width=\"150\" height=\"150\" src=\"https:\/\/cuernavaca.gob.mx\/wp-content\/uploads\/2025\/02\/CUERNAVACA-BUSCA-ROMPER-RE\u0301CORD-GUINNESS-CON-EL-TACO-ACORAZADO-MA\u0301S-GRANDE-DEL-MUNDO-4-150x150.jpg\" class=\"attachment-thumbnail size-thumbnail\" alt=\"\" loading=\"lazy\" \/><\/a>\n\t\t\t<\/dt><\/dl>\n\t\t\t<br style='clear: both' \/>\n\t\t<\/div>\n\n","protected":false},"excerpt":{"rendered":"<p>* Este domingo 23 de febrero. restauranteros, empresarios, escuelas de gastronom\u00eda y sociedad organizada, con el apoyo del Ayuntamiento de Cuernavaca, realizar\u00e1n a cabo un evento para resaltar una tradici\u00f3n local Dando continuidad a una tradici\u00f3n que se retom\u00f3 hace tres a\u00f1os, con el apoyo del Ayuntamiento de Cuernavaca, encabezado por Luis Uri\u00f3stegui Salgado, este [&hellip;]<\/p>\n","protected":false},"author":1,"featured_media":48273,"comment_status":"closed","ping_status":"open","sticky":false,"template":"","format":"standard","meta":[],"categories":[21],"tags":[121,375,2277,120,206,127,2855,2853,2869,194],"aioseo_notices":[],"_links":{"self":[{"href":"https:\/\/cuernavaca.gob.mx\/index.php?rest_route=\/wp\/v2\/posts\/48269"}],"collection":[{"href":"https:\/\/cuernavaca.gob.mx\/index.php?rest_route=\/wp\/v2\/posts"}],"about":[{"href":"https:\/\/cuernavaca.gob.mx\/index.php?rest_route=\/wp\/v2\/types\/post"}],"author":[{"embeddable":true,"href":"https:\/\/cuernavaca.gob.mx\/index.php?rest_route=\/wp\/v2\/users\/1"}],"replies":[{"embeddable":true,"href":"https:\/\/cuernavaca.gob.mx\/index.php?rest_route=%2Fwp%2Fv2%2Fcomments&post=48269"}],"version-history":[{"count":1,"href":"https:\/\/cuernavaca.gob.mx\/index.php?rest_route=\/wp\/v2\/posts\/48269\/revisions"}],"predecessor-version":[{"id":48274,"href":"https:\/\/cuernavaca.gob.mx\/index.php?rest_route=\/wp\/v2\/posts\/48269\/revisions\/48274"}],"wp:featuredmedia":[{"embeddable":true,"href":"https:\/\/cuernavaca.gob.mx\/index.php?rest_route=\/wp\/v2\/media\/48273"}],"wp:attachment":[{"href":"https:\/\/cuernavaca.gob.mx\/index.php?rest_route=%2Fwp%2Fv2%2Fmedia&parent=48269"}],"wp:term":[{"taxonomy":"category","embeddable":true,"href":"https:\/\/cuernavaca.gob.mx\/index.php?rest_route=%2Fwp%2Fv2%2Fcategories&post=48269"},{"taxonomy":"post_tag","embeddable":true,"href":"https:\/\/cuernavaca.gob.mx\/index.php?rest_route=%2Fwp%2Fv2%2Ftags&post=48269"}],"curies":[{"name":"wp","href":"https:\/\/api.w.org\/{rel}","templated":true}]}}