{"id":48275,"date":"2025-02-17T08:00:56","date_gmt":"2025-02-17T14:00:56","guid":{"rendered":"https:\/\/cuernavaca.gob.mx\/?p=48275"},"modified":"2025-02-17T13:40:59","modified_gmt":"2025-02-17T19:40:59","slug":"inician-los-foros-de-consulta-ciudadana-para-el-plan-municipal-de-desarrollo-2025-2027","status":"publish","type":"post","link":"https:\/\/cuernavaca.gob.mx\/?p=48275","title":{"rendered":"INICIAN LOS FOROS DE CONSULTA CIUDADANA PARA EL PLAN MUNICIPAL DE DESARROLLO 2025- 2027"},"content":{"rendered":"<p>El Ayuntamiento de Cuernavaca, a trav\u00e9s del Instituto Municipal de Planeaci\u00f3n y del Comit\u00e9 de Planeaci\u00f3n para el Desarrollo del Municipio (COPLADEMUN), invita a la poblaci\u00f3n a participar en el Primer Foro de Consulta Ciudadana para la elaboraci\u00f3n del Plan Municipal de Desarrollo 2025- 2027, denominado \u201cCuernavaca Segura\u201d.<\/p>\n<p>En este primer ejercicio, se podr\u00e1n recabar opiniones y propuestas para mejorar la seguridad p\u00fablica y promover una convivencia pac\u00edfica en la capital morelense, por medio de distintas tem\u00e1ticas como: Protecci\u00f3n y Auxilio Ciudadano, Fortalecimiento del cuerpo policial, Prevenci\u00f3n del delito, Equipamiento de Seguridad P\u00fablica, Corrupci\u00f3n: Cultura de la legalidad; adem\u00e1s de Protecci\u00f3n Civil y Bomberos.<\/p>\n<p>La cita ser\u00e1 ma\u00f1ana martes 18 de febrero, en punto de las 10:00 horas, en el Museo de la Ciudad de Cuernavaca (MuCiC), ubicado en avenida Morelos #265, colonia Centro.<\/p>\n\n\t\t<style type=\"text\/css\">\n\t\t\t#gallery-1 {\n\t\t\t\tmargin: auto;\n\t\t\t}\n\t\t\t#gallery-1 .gallery-item {\n\t\t\t\tfloat: left;\n\t\t\t\tmargin-top: 10px;\n\t\t\t\ttext-align: center;\n\t\t\t\twidth: 33%;\n\t\t\t}\n\t\t\t#gallery-1 img {\n\t\t\t\tborder: 2px solid #cfcfcf;\n\t\t\t}\n\t\t\t#gallery-1 .gallery-caption {\n\t\t\t\tmargin-left: 0;\n\t\t\t}\n\t\t\t\/* see gallery_shortcode() in wp-includes\/media.php *\/\n\t\t<\/style>\n\t\t<div id='gallery-1' class='gallery galleryid-48275 gallery-columns-3 gallery-size-thumbnail'><dl class='gallery-item'>\n\t\t\t<dt class='gallery-icon landscape'>\n\t\t\t\t<a href='https:\/\/cuernavaca.gob.mx\/?attachment_id=48276'><img width=\"150\" height=\"150\" src=\"https:\/\/cuernavaca.gob.mx\/wp-content\/uploads\/2025\/02\/INICIAN-LOS-FOROS-DE-CONSULTA-CIUDADANA-PARA-EL-PLAN-MUNICIPAL-DE-DESARROLLO-2025-2027-1-150x150.jpg\" class=\"attachment-thumbnail size-thumbnail\" alt=\"\" loading=\"lazy\" srcset=\"https:\/\/cuernavaca.gob.mx\/wp-content\/uploads\/2025\/02\/INICIAN-LOS-FOROS-DE-CONSULTA-CIUDADANA-PARA-EL-PLAN-MUNICIPAL-DE-DESARROLLO-2025-2027-1-150x150.jpg 150w, https:\/\/cuernavaca.gob.mx\/wp-content\/uploads\/2025\/02\/INICIAN-LOS-FOROS-DE-CONSULTA-CIUDADANA-PARA-EL-PLAN-MUNICIPAL-DE-DESARROLLO-2025-2027-1-300x300.jpg 300w, https:\/\/cuernavaca.gob.mx\/wp-content\/uploads\/2025\/02\/INICIAN-LOS-FOROS-DE-CONSULTA-CIUDADANA-PARA-EL-PLAN-MUNICIPAL-DE-DESARROLLO-2025-2027-1-1024x1024.jpg 1024w, https:\/\/cuernavaca.gob.mx\/wp-content\/uploads\/2025\/02\/INICIAN-LOS-FOROS-DE-CONSULTA-CIUDADANA-PARA-EL-PLAN-MUNICIPAL-DE-DESARROLLO-2025-2027-1-768x768.jpg 768w, https:\/\/cuernavaca.gob.mx\/wp-content\/uploads\/2025\/02\/INICIAN-LOS-FOROS-DE-CONSULTA-CIUDADANA-PARA-EL-PLAN-MUNICIPAL-DE-DESARROLLO-2025-2027-1-1536x1536.jpg 1536w, https:\/\/cuernavaca.gob.mx\/wp-content\/uploads\/2025\/02\/INICIAN-LOS-FOROS-DE-CONSULTA-CIUDADANA-PARA-EL-PLAN-MUNICIPAL-DE-DESARROLLO-2025-2027-1-600x600.jpg 600w, https:\/\/cuernavaca.gob.mx\/wp-content\/uploads\/2025\/02\/INICIAN-LOS-FOROS-DE-CONSULTA-CIUDADANA-PARA-EL-PLAN-MUNICIPAL-DE-DESARROLLO-2025-2027-1-560x560.jpg 560w, https:\/\/cuernavaca.gob.mx\/wp-content\/uploads\/2025\/02\/INICIAN-LOS-FOROS-DE-CONSULTA-CIUDADANA-PARA-EL-PLAN-MUNICIPAL-DE-DESARROLLO-2025-2027-1.jpg 1600w\" sizes=\"(max-width: 150px) 100vw, 150px\" \/><\/a>\n\t\t\t<\/dt><\/dl>\n\t\t\t<br style='clear: both' \/>\n\t\t<\/div>\n\n<p>&nbsp;<\/p>\n","protected":false},"excerpt":{"rendered":"<p>El Ayuntamiento de Cuernavaca, a trav\u00e9s del Instituto Municipal de Planeaci\u00f3n y del Comit\u00e9 de Planeaci\u00f3n para el Desarrollo del Municipio (COPLADEMUN), invita a la poblaci\u00f3n a participar en el Primer Foro de Consulta Ciudadana para la elaboraci\u00f3n del Plan Municipal de Desarrollo 2025- 2027, denominado \u201cCuernavaca Segura\u201d. En este primer ejercicio, se podr\u00e1n recabar [&hellip;]<\/p>\n","protected":false},"author":1,"featured_media":48276,"comment_status":"closed","ping_status":"open","sticky":false,"template":"","format":"standard","meta":[],"categories":[20],"tags":[3479,1885,121,515,3616,4017,120,206,1098,4018,127],"aioseo_notices":[],"_links":{"self":[{"href":"https:\/\/cuernavaca.gob.mx\/index.php?rest_route=\/wp\/v2\/posts\/48275"}],"collection":[{"href":"https:\/\/cuernavaca.gob.mx\/index.php?rest_route=\/wp\/v2\/posts"}],"about":[{"href":"https:\/\/cuernavaca.gob.mx\/index.php?rest_route=\/wp\/v2\/types\/post"}],"author":[{"embeddable":true,"href":"https:\/\/cuernavaca.gob.mx\/index.php?rest_route=\/wp\/v2\/users\/1"}],"replies":[{"embeddable":true,"href":"https:\/\/cuernavaca.gob.mx\/index.php?rest_route=%2Fwp%2Fv2%2Fcomments&post=48275"}],"version-history":[{"count":1,"href":"https:\/\/cuernavaca.gob.mx\/index.php?rest_route=\/wp\/v2\/posts\/48275\/revisions"}],"predecessor-version":[{"id":48277,"href":"https:\/\/cuernavaca.gob.mx\/index.php?rest_route=\/wp\/v2\/posts\/48275\/revisions\/48277"}],"wp:featuredmedia":[{"embeddable":true,"href":"https:\/\/cuernavaca.gob.mx\/index.php?rest_route=\/wp\/v2\/media\/48276"}],"wp:attachment":[{"href":"https:\/\/cuernavaca.gob.mx\/index.php?rest_route=%2Fwp%2Fv2%2Fmedia&parent=48275"}],"wp:term":[{"taxonomy":"category","embeddable":true,"href":"https:\/\/cuernavaca.gob.mx\/index.php?rest_route=%2Fwp%2Fv2%2Fcategories&post=48275"},{"taxonomy":"post_tag","embeddable":true,"href":"https:\/\/cuernavaca.gob.mx\/index.php?rest_route=%2Fwp%2Fv2%2Ftags&post=48275"}],"curies":[{"name":"wp","href":"https:\/\/api.w.org\/{rel}","templated":true}]}}