{"id":48285,"date":"2025-02-18T12:30:25","date_gmt":"2025-02-18T18:30:25","guid":{"rendered":"https:\/\/cuernavaca.gob.mx\/?p=48285"},"modified":"2025-02-18T13:47:13","modified_gmt":"2025-02-18T19:47:13","slug":"b81-18-02-25-aprueba-cabildo-de-cuernavaca-convocatoria-para-eleccion-de-ayudantes-municipales","status":"publish","type":"post","link":"https:\/\/cuernavaca.gob.mx\/?p=48285","title":{"rendered":"B81 18\/02\/25  APRUEBA CABILDO DE CUERNAVACA CONVOCATORIA PARA ELECCI\u00d3N DE AYUDANTES MUNICIPALES"},"content":{"rendered":"<p>\u2022 El alcalde Jos\u00e9 Luis Uri\u00f3stegui Salgado destac\u00f3 el cumplimiento a los principios de paridad de g\u00e9nero, as\u00ed como a la m\u00e1xima difusi\u00f3n de la convocatoria para garantizar un resultado leg\u00edtimo<\/p>\n<p>Dando cumplimiento a los plazos establecidos por ley, el Cabildo del Ayuntamiento de Cuernavaca, encabezado por el presidente municipal Jos\u00e9 Luis Uri\u00f3stegui Salgado, aprob\u00f3 este martes la convocatoria para la elecci\u00f3n de 10 ayudantes municipales, un proceso clave para fortalecer la gobernanza en las comunidades y que refuerza el compromiso de la administraci\u00f3n con la inclusi\u00f3n y la equidad en la participaci\u00f3n pol\u00edtica.<\/p>\n<p>En sesi\u00f3n extraordinaria de Cabildo, Jos\u00e9 Luis Uri\u00f3stegui Salgado resalt\u00f3 que la convocatoria cumple de manera rigurosa con los principios de paridad de g\u00e9nero estipulados por el Instituto Morelense de Procesos Electorales y Participaci\u00f3n Ciudadana (IMPEPAC), asegurando que, por primera ocasi\u00f3n, en aquellos poblados donde se hab\u00eda contado con ayudantes municipales mujeres, el cargo sea ocupado exclusivamente por una persona del sexo femenino, como en el caso de Acapantzingo, Tetela del Monte, Chamilpa, Buenavista del Monte, y Amatitl\u00e1n.<\/p>\n<p>En tanto, en los poblados de Santa Mar\u00eda Ahuacatitl\u00e1n, San Ant\u00f3n, Chipitl\u00e1n, Chapultepec y Tlaltenango se tendr\u00e1n candidatos mixtos, dando respuesta al inter\u00e9s de garantizar que las decisiones que afectan a las comunidades sean tomadas de manera equitativa y en funci\u00f3n a la diversidad que caracteriza a la ciudad.<\/p>\n<p>El alcalde asegur\u00f3 que una de las principales prioridades es llevar a cabo la jornada de forma transparente, garantizando que todas y todos los habitantes de los poblados tengan las mismas oportunidades de participar, adem\u00e1s de asegurar que el resultado de la elecci\u00f3n ser\u00e1 leg\u00edtimo y reflejar\u00e1 la voluntad de la comunidad.<\/p>\n<p>Cabe mencionar que la convocatoria establece que el registro de las y los candidatos iniciar\u00e1 a partir del 03 de marzo hasta el 07 de marzo en un horario de las 8:00 a 16:00 horas. El 11 de marzo, la Junta Electoral Municipal, integrada por autoridades municipales y la representaci\u00f3n del IMPEPAC, emitir\u00e1 el dictamen con la lista de planillas debidamente registradas.<\/p>\n<p>Las campa\u00f1as electorales, as\u00ed como los actos de promoci\u00f3n o proselitismo, podr\u00e1n arrancar una vez que los candidatos hayan quedado debidamente registrados y cumplan con todos los requisitos, concluyendo el d\u00eda viernes 21 de marzo. La elecci\u00f3n se llevar\u00e1 a cabo el domingo 23 de marzo, de 9:00 a 16:00 horas, mediante voto popular directo depositado en urna transparente.<\/p>\n<p>Las mesas receptoras de votaci\u00f3n se instalar\u00e1n en los lugares que acuerde la Junta Electoral Municipal, y dichos espacios ser\u00e1n difundidos a la poblaci\u00f3n con al menos 72 horas de antelaci\u00f3n a los comicios.<\/p>\n<p>La convocatoria ser\u00e1 difundida en breve a trav\u00e9s de las redes sociales oficiales del Municipio de Cuernavaca, as\u00ed como en distintos espacios p\u00fablicos de los 10 poblados, avalando el principio de m\u00e1xima publicidad.<\/p>\n\n\t\t<style type=\"text\/css\">\n\t\t\t#gallery-1 {\n\t\t\t\tmargin: auto;\n\t\t\t}\n\t\t\t#gallery-1 .gallery-item {\n\t\t\t\tfloat: left;\n\t\t\t\tmargin-top: 10px;\n\t\t\t\ttext-align: center;\n\t\t\t\twidth: 33%;\n\t\t\t}\n\t\t\t#gallery-1 img {\n\t\t\t\tborder: 2px solid #cfcfcf;\n\t\t\t}\n\t\t\t#gallery-1 .gallery-caption {\n\t\t\t\tmargin-left: 0;\n\t\t\t}\n\t\t\t\/* see gallery_shortcode() in wp-includes\/media.php *\/\n\t\t<\/style>\n\t\t<div id='gallery-1' class='gallery galleryid-48285 gallery-columns-3 gallery-size-thumbnail'><dl class='gallery-item'>\n\t\t\t<dt class='gallery-icon landscape'>\n\t\t\t\t<a href='https:\/\/cuernavaca.gob.mx\/?attachment_id=48286'><img width=\"150\" height=\"150\" src=\"https:\/\/cuernavaca.gob.mx\/wp-content\/uploads\/2025\/02\/APRUEBA-CABILDO-DE-CUERNAVACA-CONVOCATORIA-PARA-ELECCIO\u0301N-DE-AYUDANTES-MUNICIPALES-1-150x150.jpg\" class=\"attachment-thumbnail size-thumbnail\" alt=\"\" loading=\"lazy\" \/><\/a>\n\t\t\t<\/dt><\/dl><dl class='gallery-item'>\n\t\t\t<dt class='gallery-icon landscape'>\n\t\t\t\t<a href='https:\/\/cuernavaca.gob.mx\/?attachment_id=48287'><img width=\"150\" height=\"150\" src=\"https:\/\/cuernavaca.gob.mx\/wp-content\/uploads\/2025\/02\/APRUEBA-CABILDO-DE-CUERNAVACA-CONVOCATORIA-PARA-ELECCIO\u0301N-DE-AYUDANTES-MUNICIPALES-2-150x150.jpg\" class=\"attachment-thumbnail size-thumbnail\" alt=\"\" loading=\"lazy\" \/><\/a>\n\t\t\t<\/dt><\/dl>\n\t\t\t<br style='clear: both' \/>\n\t\t<\/div>\n\n","protected":false},"excerpt":{"rendered":"<p>\u2022 El alcalde Jos\u00e9 Luis Uri\u00f3stegui Salgado destac\u00f3 el cumplimiento a los principios de paridad de g\u00e9nero, as\u00ed como a la m\u00e1xima difusi\u00f3n de la convocatoria para garantizar un resultado leg\u00edtimo Dando cumplimiento a los plazos establecidos por ley, el Cabildo del Ayuntamiento de Cuernavaca, encabezado por el presidente municipal Jos\u00e9 Luis Uri\u00f3stegui Salgado, aprob\u00f3 [&hellip;]<\/p>\n","protected":false},"author":1,"featured_media":48287,"comment_status":"closed","ping_status":"open","sticky":false,"template":"","format":"standard","meta":[],"categories":[3047],"tags":[715,416,121,3395,321,804,120,206,1098,127,4019],"aioseo_notices":[],"_links":{"self":[{"href":"https:\/\/cuernavaca.gob.mx\/index.php?rest_route=\/wp\/v2\/posts\/48285"}],"collection":[{"href":"https:\/\/cuernavaca.gob.mx\/index.php?rest_route=\/wp\/v2\/posts"}],"about":[{"href":"https:\/\/cuernavaca.gob.mx\/index.php?rest_route=\/wp\/v2\/types\/post"}],"author":[{"embeddable":true,"href":"https:\/\/cuernavaca.gob.mx\/index.php?rest_route=\/wp\/v2\/users\/1"}],"replies":[{"embeddable":true,"href":"https:\/\/cuernavaca.gob.mx\/index.php?rest_route=%2Fwp%2Fv2%2Fcomments&post=48285"}],"version-history":[{"count":1,"href":"https:\/\/cuernavaca.gob.mx\/index.php?rest_route=\/wp\/v2\/posts\/48285\/revisions"}],"predecessor-version":[{"id":48288,"href":"https:\/\/cuernavaca.gob.mx\/index.php?rest_route=\/wp\/v2\/posts\/48285\/revisions\/48288"}],"wp:featuredmedia":[{"embeddable":true,"href":"https:\/\/cuernavaca.gob.mx\/index.php?rest_route=\/wp\/v2\/media\/48287"}],"wp:attachment":[{"href":"https:\/\/cuernavaca.gob.mx\/index.php?rest_route=%2Fwp%2Fv2%2Fmedia&parent=48285"}],"wp:term":[{"taxonomy":"category","embeddable":true,"href":"https:\/\/cuernavaca.gob.mx\/index.php?rest_route=%2Fwp%2Fv2%2Fcategories&post=48285"},{"taxonomy":"post_tag","embeddable":true,"href":"https:\/\/cuernavaca.gob.mx\/index.php?rest_route=%2Fwp%2Fv2%2Ftags&post=48285"}],"curies":[{"name":"wp","href":"https:\/\/api.w.org\/{rel}","templated":true}]}}