{"id":48291,"date":"2025-02-18T14:00:01","date_gmt":"2025-02-18T20:00:01","guid":{"rendered":"https:\/\/cuernavaca.gob.mx\/?p=48291"},"modified":"2025-02-18T15:27:36","modified_gmt":"2025-02-18T21:27:36","slug":"b82-18-02-25-con-cuernavaca-segura-inician-los-foros-de-consulta-ciudadana-para-el-plan-municipal-de-desarrollo-2025-2027","status":"publish","type":"post","link":"https:\/\/cuernavaca.gob.mx\/?p=48291","title":{"rendered":"B82 18\/02\/25 CON &#8220;CUERNAVACA SEGURA&#8221; INICIAN LOS FOROS DE CONSULTA CIUDADANA PARA EL PLAN MUNICIPAL DE DESARROLLO 2025- 2027"},"content":{"rendered":"<p><strong>\u2022 Ser\u00e1n 12 foros de consulta, siete tem\u00e1ticos y cinco regionales, donde se podr\u00e1n expresar sugerencias e inquietudes para garantizar el desarrollo de Cuernavaca<\/strong><\/p>\n<p>El Ayuntamiento de Cuernavaca inici\u00f3 este martes los Foros de Consulta Ciudadana para la elaboraci\u00f3n del Plan Municipal de Desarrollo 2025-2027, con el prop\u00f3sito de recoger las opiniones y propuestas de la ciudadan\u00eda en temas fundamentales para el bienestar y seguridad de la capital morelense. El primer foro, denominado &#8220;Cuernavaca Segura&#8221;, se llev\u00f3 a cabo con una activa participaci\u00f3n ciudadana, quienes expresaron sus inquietudes y plantearon soluciones en diversas \u00e1reas clave para mejorar la calidad de vida en el municipio.<\/p>\n<p>En el Museo de la Ciudad de Cuernavaca (MuCiC), el director general del Instituto Municipal de Planeaci\u00f3n (IMPLAN), Marco Olvera Benedicto, inform\u00f3 que, bajo la instrucci\u00f3n del presidente municipal, Jos\u00e9 Luis Uri\u00f3stegui Salgado, estos ejercicios de participaci\u00f3n ciudadana, que concluir\u00e1n hasta el 01 abril, est\u00e1n divididos en 12 foros de consulta, siete tem\u00e1ticos y cinco regionales, a fin de que todas y todos los cuernavaquenses tengan la oportunidad de participar.<\/p>\n<p>En este primer foro se establecieron seis mesas de trabajo con tem\u00e1ticas como Protecci\u00f3n y Auxilio Ciudadano, Fortalecimiento del Cuerpo Policial, Prevenci\u00f3n del Delito, Equipamiento de Seguridad P\u00fablica, Corrupci\u00f3n: Cultura de la Legalidad, as\u00ed como Protecci\u00f3n Civil y Bomberos, donde las y los participantes pudieron presentar sus propuestas a las autoridades municipales, tanto de la Secretar\u00eda de Protecci\u00f3n y Auxilio Ciudadano (SEPRAC) como del Secretariado Ejecutivo del Consejo Municipal de Seguridad P\u00fablica y del Instituto de la Mujer de Cuernavaca (IMC).<\/p>\n<p>Las sugerencias y propuestas recopiladas en estos foros ser\u00e1n incorporadas al Plan Municipal de Desarrollo de Cuernavaca 2025- 2027, garantizando que cada una de las pol\u00edticas p\u00fablicas y acciones que tome el municipio sean de manera colaborativa con la ciudadan\u00eda.<\/p>\n<p>Los Foros de Consulta Ciudadana 2025- 2027 se llevar\u00e1n a cabo cada martes; para m\u00e1s informaci\u00f3n sobre las fechas y lugares de los pr\u00f3ximos foros, consulte las redes sociales oficiales del Municipio de Cuernavaca.<\/p>\n\n\t\t<style type=\"text\/css\">\n\t\t\t#gallery-1 {\n\t\t\t\tmargin: auto;\n\t\t\t}\n\t\t\t#gallery-1 .gallery-item {\n\t\t\t\tfloat: left;\n\t\t\t\tmargin-top: 10px;\n\t\t\t\ttext-align: center;\n\t\t\t\twidth: 33%;\n\t\t\t}\n\t\t\t#gallery-1 img {\n\t\t\t\tborder: 2px solid #cfcfcf;\n\t\t\t}\n\t\t\t#gallery-1 .gallery-caption {\n\t\t\t\tmargin-left: 0;\n\t\t\t}\n\t\t\t\/* see gallery_shortcode() in wp-includes\/media.php *\/\n\t\t<\/style>\n\t\t<div id='gallery-1' class='gallery galleryid-48291 gallery-columns-3 gallery-size-thumbnail'><dl class='gallery-item'>\n\t\t\t<dt class='gallery-icon landscape'>\n\t\t\t\t<a href='https:\/\/cuernavaca.gob.mx\/?attachment_id=48292'><img width=\"150\" height=\"150\" src=\"https:\/\/cuernavaca.gob.mx\/wp-content\/uploads\/2025\/02\/CON-22CUERNAVACA-SEGURA22-INICIAN-LOS-FOROS-DE-CONSULTA-CIUDADANA-PARA-EL-PLAN-MUNICIPAL-DE-DESARROLLO-2025-2027-1-150x150.jpg\" class=\"attachment-thumbnail size-thumbnail\" alt=\"\" loading=\"lazy\" \/><\/a>\n\t\t\t<\/dt><\/dl><dl class='gallery-item'>\n\t\t\t<dt class='gallery-icon landscape'>\n\t\t\t\t<a href='https:\/\/cuernavaca.gob.mx\/?attachment_id=48293'><img width=\"150\" height=\"150\" src=\"https:\/\/cuernavaca.gob.mx\/wp-content\/uploads\/2025\/02\/CON-22CUERNAVACA-SEGURA22-INICIAN-LOS-FOROS-DE-CONSULTA-CIUDADANA-PARA-EL-PLAN-MUNICIPAL-DE-DESARROLLO-2025-2027-2-150x150.jpg\" class=\"attachment-thumbnail size-thumbnail\" alt=\"\" loading=\"lazy\" \/><\/a>\n\t\t\t<\/dt><\/dl><dl class='gallery-item'>\n\t\t\t<dt class='gallery-icon landscape'>\n\t\t\t\t<a href='https:\/\/cuernavaca.gob.mx\/?attachment_id=48294'><img width=\"150\" height=\"150\" src=\"https:\/\/cuernavaca.gob.mx\/wp-content\/uploads\/2025\/02\/CON-22CUERNAVACA-SEGURA22-INICIAN-LOS-FOROS-DE-CONSULTA-CIUDADANA-PARA-EL-PLAN-MUNICIPAL-DE-DESARROLLO-2025-2027-3-150x150.jpg\" class=\"attachment-thumbnail size-thumbnail\" alt=\"\" loading=\"lazy\" \/><\/a>\n\t\t\t<\/dt><\/dl><br style=\"clear: both\" \/>\n\t\t<\/div>\n\n","protected":false},"excerpt":{"rendered":"<p>\u2022 Ser\u00e1n 12 foros de consulta, siete tem\u00e1ticos y cinco regionales, donde se podr\u00e1n expresar sugerencias e inquietudes para garantizar el desarrollo de Cuernavaca El Ayuntamiento de Cuernavaca inici\u00f3 este martes los Foros de Consulta Ciudadana para la elaboraci\u00f3n del Plan Municipal de Desarrollo 2025-2027, con el prop\u00f3sito de recoger las opiniones y propuestas de [&hellip;]<\/p>\n","protected":false},"author":1,"featured_media":48292,"comment_status":"closed","ping_status":"open","sticky":false,"template":"","format":"standard","meta":[],"categories":[20],"tags":[121,515,3616,796,120,206,383,640,127,125],"aioseo_notices":[],"_links":{"self":[{"href":"https:\/\/cuernavaca.gob.mx\/index.php?rest_route=\/wp\/v2\/posts\/48291"}],"collection":[{"href":"https:\/\/cuernavaca.gob.mx\/index.php?rest_route=\/wp\/v2\/posts"}],"about":[{"href":"https:\/\/cuernavaca.gob.mx\/index.php?rest_route=\/wp\/v2\/types\/post"}],"author":[{"embeddable":true,"href":"https:\/\/cuernavaca.gob.mx\/index.php?rest_route=\/wp\/v2\/users\/1"}],"replies":[{"embeddable":true,"href":"https:\/\/cuernavaca.gob.mx\/index.php?rest_route=%2Fwp%2Fv2%2Fcomments&post=48291"}],"version-history":[{"count":1,"href":"https:\/\/cuernavaca.gob.mx\/index.php?rest_route=\/wp\/v2\/posts\/48291\/revisions"}],"predecessor-version":[{"id":48295,"href":"https:\/\/cuernavaca.gob.mx\/index.php?rest_route=\/wp\/v2\/posts\/48291\/revisions\/48295"}],"wp:featuredmedia":[{"embeddable":true,"href":"https:\/\/cuernavaca.gob.mx\/index.php?rest_route=\/wp\/v2\/media\/48292"}],"wp:attachment":[{"href":"https:\/\/cuernavaca.gob.mx\/index.php?rest_route=%2Fwp%2Fv2%2Fmedia&parent=48291"}],"wp:term":[{"taxonomy":"category","embeddable":true,"href":"https:\/\/cuernavaca.gob.mx\/index.php?rest_route=%2Fwp%2Fv2%2Fcategories&post=48291"},{"taxonomy":"post_tag","embeddable":true,"href":"https:\/\/cuernavaca.gob.mx\/index.php?rest_route=%2Fwp%2Fv2%2Ftags&post=48291"}],"curies":[{"name":"wp","href":"https:\/\/api.w.org\/{rel}","templated":true}]}}