{"id":48305,"date":"2025-02-19T09:35:50","date_gmt":"2025-02-19T15:35:50","guid":{"rendered":"https:\/\/cuernavaca.gob.mx\/?p=48305"},"modified":"2025-02-19T11:22:30","modified_gmt":"2025-02-19T17:22:30","slug":"reitera-jose-luis-uriostegui-coordinacion-con-el-ejercito-mexicano-a-favor-de-la-seguridad-de-cuernavaca","status":"publish","type":"post","link":"https:\/\/cuernavaca.gob.mx\/?p=48305","title":{"rendered":"REITERA JOS\u00c9 LUIS URI\u00d3STEGUI COORDINACI\u00d3N CON EL EJ\u00c9RCITO MEXICANO A FAVOR DE LA SEGURIDAD DE CUERNAVACA"},"content":{"rendered":"<p>* El alcalde de Cuernavaca conmemor\u00f3 el CXII Aniversario del Ej\u00e9rcito Mexicano con ceremonia de izamiento de bandera<\/p>\n<p>El presidente municipal de Cuernavaca, Jos\u00e9 Luis Uri\u00f3stegui Salgado, reafirm\u00f3 su compromiso con la seguridad, el orden y el respeto a las instituciones que velan por la integridad del pa\u00eds, al participar esta ma\u00f1ana en la ceremonia de izamiento de bandera en conmemoraci\u00f3n del CXII Aniversario del Ej\u00e9rcito Mexicano, que se celebr\u00f3 en Plazas de Armas de la capital morelense.<\/p>\n<p>Acompa\u00f1ado de la gobernadora de Morelos, Margarita Gonz\u00e1lez Saravia y del General de Brigada Diplomado de Estado Mayor Jos\u00e9 Luis Bucio Quiroz, comandante de la 24\/a. Zona Militar, el alcalde destac\u00f3 la importancia hist\u00f3rica del Ej\u00e9rcito Mexicano en la defensa de la soberan\u00eda nacional y en la preservaci\u00f3n del orden y la paz en el pa\u00eds, al tiempo que reiter\u00f3 el compromiso de su administraci\u00f3n para seguir trabajando de la mano con las instituciones de seguridad, a fin de promover la paz y el bienestar de las y los morelenses.<\/p>\n<p>Asimismo, hizo un llamado a la unidad y a la colaboraci\u00f3n entre las fuerzas armadas y la sociedad civil para continuar fortaleciendo los valores de libertad, respeto y justicia.<\/p>\n<p>En la ceremonia participaron el General de Brigada Diplomado de Estado Mayor Gaudencio Ramos Jim\u00e9nez, comisionado regional de la Guardia Nacional; el fiscal general del estado, Edgar Maldonado Ceballos; el magistrado presidente del Tribunal Superior de Justicia, Jorge Gamboa Olea, autoridades estatales y elementos del Ej\u00e9rcito Mexicano, quienes realizaron una formaci\u00f3n solemne en honor a esta significativa fecha<\/p>\n\n\t\t<style type=\"text\/css\">\n\t\t\t#gallery-1 {\n\t\t\t\tmargin: auto;\n\t\t\t}\n\t\t\t#gallery-1 .gallery-item {\n\t\t\t\tfloat: left;\n\t\t\t\tmargin-top: 10px;\n\t\t\t\ttext-align: center;\n\t\t\t\twidth: 33%;\n\t\t\t}\n\t\t\t#gallery-1 img {\n\t\t\t\tborder: 2px solid #cfcfcf;\n\t\t\t}\n\t\t\t#gallery-1 .gallery-caption {\n\t\t\t\tmargin-left: 0;\n\t\t\t}\n\t\t\t\/* see gallery_shortcode() in wp-includes\/media.php *\/\n\t\t<\/style>\n\t\t<div id='gallery-1' class='gallery galleryid-48305 gallery-columns-3 gallery-size-thumbnail'><dl class='gallery-item'>\n\t\t\t<dt class='gallery-icon landscape'>\n\t\t\t\t<a href='https:\/\/cuernavaca.gob.mx\/?attachment_id=48306'><img width=\"150\" height=\"150\" src=\"https:\/\/cuernavaca.gob.mx\/wp-content\/uploads\/2025\/02\/REITERA-JOSE\u0301-LUIS-URIO\u0301STEGUI-COORDINACIO\u0301N-CON-EL-EJE\u0301RCITO-MEXICANO-A-FAVOR-DE-LA-SEGURIDAD-DE-CUERNAVACA-1-150x150.jpg\" class=\"attachment-thumbnail size-thumbnail\" alt=\"\" loading=\"lazy\" \/><\/a>\n\t\t\t<\/dt><\/dl><dl class='gallery-item'>\n\t\t\t<dt class='gallery-icon landscape'>\n\t\t\t\t<a href='https:\/\/cuernavaca.gob.mx\/?attachment_id=48307'><img width=\"150\" height=\"150\" src=\"https:\/\/cuernavaca.gob.mx\/wp-content\/uploads\/2025\/02\/REITERA-JOSE\u0301-LUIS-URIO\u0301STEGUI-COORDINACIO\u0301N-CON-EL-EJE\u0301RCITO-MEXICANO-A-FAVOR-DE-LA-SEGURIDAD-DE-CUERNAVACA-2-150x150.jpg\" class=\"attachment-thumbnail size-thumbnail\" alt=\"\" loading=\"lazy\" \/><\/a>\n\t\t\t<\/dt><\/dl><dl class='gallery-item'>\n\t\t\t<dt class='gallery-icon landscape'>\n\t\t\t\t<a href='https:\/\/cuernavaca.gob.mx\/?attachment_id=48308'><img width=\"150\" height=\"150\" src=\"https:\/\/cuernavaca.gob.mx\/wp-content\/uploads\/2025\/02\/REITERA-JOSE\u0301-LUIS-URIO\u0301STEGUI-COORDINACIO\u0301N-CON-EL-EJE\u0301RCITO-MEXICANO-A-FAVOR-DE-LA-SEGURIDAD-DE-CUERNAVACA-3-150x150.jpg\" class=\"attachment-thumbnail size-thumbnail\" alt=\"\" loading=\"lazy\" \/><\/a>\n\t\t\t<\/dt><\/dl><br style=\"clear: both\" \/><dl class='gallery-item'>\n\t\t\t<dt class='gallery-icon landscape'>\n\t\t\t\t<a href='https:\/\/cuernavaca.gob.mx\/?attachment_id=48309'><img width=\"150\" height=\"150\" src=\"https:\/\/cuernavaca.gob.mx\/wp-content\/uploads\/2025\/02\/REITERA-JOSE\u0301-LUIS-URIO\u0301STEGUI-COORDINACIO\u0301N-CON-EL-EJE\u0301RCITO-MEXICANO-A-FAVOR-DE-LA-SEGURIDAD-DE-CUERNAVACA-4-150x150.jpg\" class=\"attachment-thumbnail size-thumbnail\" alt=\"\" loading=\"lazy\" \/><\/a>\n\t\t\t<\/dt><\/dl>\n\t\t\t<br style='clear: both' \/>\n\t\t<\/div>\n\n","protected":false},"excerpt":{"rendered":"<p>* El alcalde de Cuernavaca conmemor\u00f3 el CXII Aniversario del Ej\u00e9rcito Mexicano con ceremonia de izamiento de bandera El presidente municipal de Cuernavaca, Jos\u00e9 Luis Uri\u00f3stegui Salgado, reafirm\u00f3 su compromiso con la seguridad, el orden y el respeto a las instituciones que velan por la integridad del pa\u00eds, al participar esta ma\u00f1ana en la ceremonia [&hellip;]<\/p>\n","protected":false},"author":1,"featured_media":48306,"comment_status":"closed","ping_status":"open","sticky":false,"template":"","format":"standard","meta":[],"categories":[20],"tags":[121,1023,1284,120,206,127],"aioseo_notices":[],"_links":{"self":[{"href":"https:\/\/cuernavaca.gob.mx\/index.php?rest_route=\/wp\/v2\/posts\/48305"}],"collection":[{"href":"https:\/\/cuernavaca.gob.mx\/index.php?rest_route=\/wp\/v2\/posts"}],"about":[{"href":"https:\/\/cuernavaca.gob.mx\/index.php?rest_route=\/wp\/v2\/types\/post"}],"author":[{"embeddable":true,"href":"https:\/\/cuernavaca.gob.mx\/index.php?rest_route=\/wp\/v2\/users\/1"}],"replies":[{"embeddable":true,"href":"https:\/\/cuernavaca.gob.mx\/index.php?rest_route=%2Fwp%2Fv2%2Fcomments&post=48305"}],"version-history":[{"count":1,"href":"https:\/\/cuernavaca.gob.mx\/index.php?rest_route=\/wp\/v2\/posts\/48305\/revisions"}],"predecessor-version":[{"id":48310,"href":"https:\/\/cuernavaca.gob.mx\/index.php?rest_route=\/wp\/v2\/posts\/48305\/revisions\/48310"}],"wp:featuredmedia":[{"embeddable":true,"href":"https:\/\/cuernavaca.gob.mx\/index.php?rest_route=\/wp\/v2\/media\/48306"}],"wp:attachment":[{"href":"https:\/\/cuernavaca.gob.mx\/index.php?rest_route=%2Fwp%2Fv2%2Fmedia&parent=48305"}],"wp:term":[{"taxonomy":"category","embeddable":true,"href":"https:\/\/cuernavaca.gob.mx\/index.php?rest_route=%2Fwp%2Fv2%2Fcategories&post=48305"},{"taxonomy":"post_tag","embeddable":true,"href":"https:\/\/cuernavaca.gob.mx\/index.php?rest_route=%2Fwp%2Fv2%2Ftags&post=48305"}],"curies":[{"name":"wp","href":"https:\/\/api.w.org\/{rel}","templated":true}]}}