{"id":48311,"date":"2025-02-19T13:30:36","date_gmt":"2025-02-19T19:30:36","guid":{"rendered":"https:\/\/cuernavaca.gob.mx\/?p=48311"},"modified":"2025-02-19T15:13:37","modified_gmt":"2025-02-19T21:13:37","slug":"b85-19-02-25-cumple-ayuntamiento-de-cuernavaca-con-la-instalacion-del-comite-municipal-de-emergencias","status":"publish","type":"post","link":"https:\/\/cuernavaca.gob.mx\/?p=48311","title":{"rendered":"B85 19\/02\/25 CUMPLE AYUNTAMIENTO DE CUERNAVACA CON LA INSTALACI\u00d3N DEL COMIT\u00c9 MUNICIPAL DE EMERGENCIAS"},"content":{"rendered":"<p><strong>\u2022 Se hizo la presentaci\u00f3n del Plan Anual de Trabajo 2025, en el cual se destaca la coordinaci\u00f3n interinstitucional para atender de manera eficiente y oportuna situaciones de emergencia<\/strong><\/p>\n<p>Bajo la instrucci\u00f3n del presidente municipal de Cuernavaca, Jos\u00e9 Luis Uri\u00f3stegui Salgado, este mi\u00e9rcoles se llev\u00f3 a cabo la instalaci\u00f3n y toma de protesta del Comit\u00e9 Municipal de Emergencias, donde se reiter\u00f3 la importancia de reforzar la coordinaci\u00f3n interinstitucional y la capacitaci\u00f3n para garantizar una respuesta eficiente y oportuna en situaciones cr\u00edticas, garantizando la seguridad de la ciudadan\u00eda.<\/p>\n<p>El Comit\u00e9 Municipal de Emergencias est\u00e1 liderado por el secretario del Ayuntamiento, \u00d3scar Cano Mondrag\u00f3n y conformado por representantes de diversas dependencias municipales, como la Direcci\u00f3n de Bomberos, Rescate y Urgencias M\u00e9dicas de la Secretar\u00eda de Protecci\u00f3n y Auxilio Ciudadano (SEPRAC), as\u00ed como de ayudantes municipales.<\/p>\n<p>En su intervenci\u00f3n, la coordinadora municipal de Protecci\u00f3n Civil y secretaria t\u00e9cnica del Comit\u00e9, Nora Isabel Gonz\u00e1lez Cruz, present\u00f3 el Plan Anual de Trabajo 2025, en el que se destacan acciones de prevenci\u00f3n de incendios forestales y la implementaci\u00f3n de brechas cortafuego, la integraci\u00f3n de brigadas comunitarias y grupos voluntarios (PREMIAT), la activaci\u00f3n del sistema de emergencias.<\/p>\n<p>Adem\u00e1s, la atenci\u00f3n y vigilancia en situaciones de riesgo, emergencia o desastres, el establecimiento de refugios temporales ante emergencias, y la capacitaci\u00f3n para la aplicaci\u00f3n correcta del Sistema de Comando de Incendios.<\/p>\n<p>Con la instalaci\u00f3n del Comit\u00e9 Municipal de Emergencias, Cuernavaca reafirma su compromiso con la seguridad y el bienestar de sus habitantes, estableciendo una estructura s\u00f3lida y eficiente para enfrentar cualquier eventualidad que pueda presentarse.<\/p>\n\n\t\t<style type=\"text\/css\">\n\t\t\t#gallery-1 {\n\t\t\t\tmargin: auto;\n\t\t\t}\n\t\t\t#gallery-1 .gallery-item {\n\t\t\t\tfloat: left;\n\t\t\t\tmargin-top: 10px;\n\t\t\t\ttext-align: center;\n\t\t\t\twidth: 33%;\n\t\t\t}\n\t\t\t#gallery-1 img {\n\t\t\t\tborder: 2px solid #cfcfcf;\n\t\t\t}\n\t\t\t#gallery-1 .gallery-caption {\n\t\t\t\tmargin-left: 0;\n\t\t\t}\n\t\t\t\/* see gallery_shortcode() in wp-includes\/media.php *\/\n\t\t<\/style>\n\t\t<div id='gallery-1' class='gallery galleryid-48311 gallery-columns-3 gallery-size-thumbnail'><dl class='gallery-item'>\n\t\t\t<dt class='gallery-icon landscape'>\n\t\t\t\t<a href='https:\/\/cuernavaca.gob.mx\/?attachment_id=48312'><img width=\"150\" height=\"150\" src=\"https:\/\/cuernavaca.gob.mx\/wp-content\/uploads\/2025\/02\/CUMPLE-AYUNTAMIENTO-DE-CUERNAVACA-CON-LA-INSTALACIO\u0301N-DEL-COMITE\u0301-MUNICIPAL-DE-EMERGENCIAS-1-150x150.jpg\" class=\"attachment-thumbnail size-thumbnail\" alt=\"\" loading=\"lazy\" \/><\/a>\n\t\t\t<\/dt><\/dl><dl class='gallery-item'>\n\t\t\t<dt class='gallery-icon landscape'>\n\t\t\t\t<a href='https:\/\/cuernavaca.gob.mx\/?attachment_id=48313'><img width=\"150\" height=\"150\" src=\"https:\/\/cuernavaca.gob.mx\/wp-content\/uploads\/2025\/02\/CUMPLE-AYUNTAMIENTO-DE-CUERNAVACA-CON-LA-INSTALACIO\u0301N-DEL-COMITE\u0301-MUNICIPAL-DE-EMERGENCIAS-2-150x150.jpg\" class=\"attachment-thumbnail size-thumbnail\" alt=\"\" loading=\"lazy\" \/><\/a>\n\t\t\t<\/dt><\/dl><dl class='gallery-item'>\n\t\t\t<dt class='gallery-icon landscape'>\n\t\t\t\t<a href='https:\/\/cuernavaca.gob.mx\/?attachment_id=48314'><img width=\"150\" height=\"150\" src=\"https:\/\/cuernavaca.gob.mx\/wp-content\/uploads\/2025\/02\/CUMPLE-AYUNTAMIENTO-DE-CUERNAVACA-CON-LA-INSTALACIO\u0301N-DEL-COMITE\u0301-MUNICIPAL-DE-EMERGENCIAS-3-150x150.jpg\" class=\"attachment-thumbnail size-thumbnail\" alt=\"\" loading=\"lazy\" \/><\/a>\n\t\t\t<\/dt><\/dl><br style=\"clear: both\" \/>\n\t\t<\/div>\n\n","protected":false},"excerpt":{"rendered":"<p>\u2022 Se hizo la presentaci\u00f3n del Plan Anual de Trabajo 2025, en el cual se destaca la coordinaci\u00f3n interinstitucional para atender de manera eficiente y oportuna situaciones de emergencia Bajo la instrucci\u00f3n del presidente municipal de Cuernavaca, Jos\u00e9 Luis Uri\u00f3stegui Salgado, este mi\u00e9rcoles se llev\u00f3 a cabo la instalaci\u00f3n y toma de protesta del Comit\u00e9 [&hellip;]<\/p>\n","protected":false},"author":1,"featured_media":48313,"comment_status":"closed","ping_status":"open","sticky":false,"template":"","format":"standard","meta":[],"categories":[2227,1],"tags":[1120,121,238,120,206,127,1733,125],"aioseo_notices":[],"_links":{"self":[{"href":"https:\/\/cuernavaca.gob.mx\/index.php?rest_route=\/wp\/v2\/posts\/48311"}],"collection":[{"href":"https:\/\/cuernavaca.gob.mx\/index.php?rest_route=\/wp\/v2\/posts"}],"about":[{"href":"https:\/\/cuernavaca.gob.mx\/index.php?rest_route=\/wp\/v2\/types\/post"}],"author":[{"embeddable":true,"href":"https:\/\/cuernavaca.gob.mx\/index.php?rest_route=\/wp\/v2\/users\/1"}],"replies":[{"embeddable":true,"href":"https:\/\/cuernavaca.gob.mx\/index.php?rest_route=%2Fwp%2Fv2%2Fcomments&post=48311"}],"version-history":[{"count":1,"href":"https:\/\/cuernavaca.gob.mx\/index.php?rest_route=\/wp\/v2\/posts\/48311\/revisions"}],"predecessor-version":[{"id":48315,"href":"https:\/\/cuernavaca.gob.mx\/index.php?rest_route=\/wp\/v2\/posts\/48311\/revisions\/48315"}],"wp:featuredmedia":[{"embeddable":true,"href":"https:\/\/cuernavaca.gob.mx\/index.php?rest_route=\/wp\/v2\/media\/48313"}],"wp:attachment":[{"href":"https:\/\/cuernavaca.gob.mx\/index.php?rest_route=%2Fwp%2Fv2%2Fmedia&parent=48311"}],"wp:term":[{"taxonomy":"category","embeddable":true,"href":"https:\/\/cuernavaca.gob.mx\/index.php?rest_route=%2Fwp%2Fv2%2Fcategories&post=48311"},{"taxonomy":"post_tag","embeddable":true,"href":"https:\/\/cuernavaca.gob.mx\/index.php?rest_route=%2Fwp%2Fv2%2Ftags&post=48311"}],"curies":[{"name":"wp","href":"https:\/\/api.w.org\/{rel}","templated":true}]}}