{"id":48316,"date":"2025-02-20T08:00:55","date_gmt":"2025-02-20T14:00:55","guid":{"rendered":"https:\/\/cuernavaca.gob.mx\/?p=48316"},"modified":"2025-02-20T09:16:37","modified_gmt":"2025-02-20T15:16:37","slug":"b89-20-02-25-cuernavaca-pone-en-marcha-el-programa-de-brechas-cortafuego-para-la-conservacion-de-nuestros-bosques","status":"publish","type":"post","link":"https:\/\/cuernavaca.gob.mx\/?p=48316","title":{"rendered":"B89 20\/02\/25 CUERNAVACA PONE EN MARCHA EL PROGRAMA DE BRECHAS CORTAFUEGO PARA LA CONSERVACI\u00d3N DE NUESTROS BOSQUES"},"content":{"rendered":"<p><strong>\u2022 El alcalde Jos\u00e9 Luis Uri\u00f3stegui contin\u00faa promoviendo acciones para proteger las \u00e1reas boscosas de la ciudad y prevenir incendios forestales que amenazan la biodiversidad y la seguridad de la poblaci\u00f3n<\/strong><\/p>\n<p>El Ayuntamiento de Cuernavaca, a trav\u00e9s de la Secretar\u00eda de Desarrollo Sustentable y Servicios P\u00fablicos (SDSySP), anunci\u00f3 oficialmente el lanzamiento del Programa de Brechas Cortafuego en el poblado de Ocotepec, una iniciativa estrat\u00e9gica dise\u00f1ada por el Gobierno Federal y Estatal, que se ha convertido en una prioridad para la administraci\u00f3n del presidente municipal, Jos\u00e9 Luis Uri\u00f3stegui Salgado, para proteger las \u00e1reas boscosas de la ciudad y prevenir incendios forestales que amenazan la biodiversidad y la seguridad de las y los habitantes.<\/p>\n<p>Esta actividad se realiz\u00f3 en colaboraci\u00f3n con brigadistas y las Ayudant\u00edas Municipales de Ocotepec y Santa Mar\u00eda, as\u00ed como con la Presidencia de Bienes Comunales, la Junta de Mejoramiento y el Consejo de Vigilancia de estos poblados, y tienen como objetivo la creaci\u00f3n de barreras cortafuegos para frenar la propagaci\u00f3n de incendios. Estas barreras consisten en la limpieza y desbroce de vegetaci\u00f3n, y se ubicar\u00e1n en puntos estrat\u00e9gicos para reducir el riesgo de incendios durante las temporadas cr\u00edticas.<\/p>\n<p>&#8220;Para el Municipio de Cuernavaca es fundamental trabajar con responsabilidad y de la mano con las comunidades norte; estamos iniciando la temporada fuerte de calor y de estiaje, y estas brechas cortafuego cuidar\u00e1n y proteger\u00e1n los pulmones del municipio&#8221;, puntualiz\u00f3 Alfredo Rodr\u00edguez Sancipri\u00e1n, director de la SDSySP.<\/p>\n<p>La regi\u00f3n de la Eterna Primavera, que alberga una rica biodiversidad, es esencial para la regulaci\u00f3n del clima local. Sin embargo, el crecimiento urbano desmesurado y las condiciones clim\u00e1ticas adversas han aumentado su vulnerabilidad a los incendios forestales. Con la implementaci\u00f3n de este proyecto para proteger el Bosque de Agua, se busca reducir considerablemente los riesgos, al tiempo que se promueven pr\u00e1cticas sostenibles en las comunidades rurales.<\/p>\n<p>Las fechas y lugares espec\u00edficos de estas actividades se podr\u00e1n encontrar en las redes sociales de la SDSySP, de igual manera se invita a la poblaci\u00f3n a sumarse a esta iniciativa y a participar activamente en la protecci\u00f3n de nuestro entorno natural. \u00a1Juntos podemos hacer de Cuernavaca un lugar m\u00e1s seguro y sostenible!<\/p>\n\n\t\t<style type=\"text\/css\">\n\t\t\t#gallery-1 {\n\t\t\t\tmargin: auto;\n\t\t\t}\n\t\t\t#gallery-1 .gallery-item {\n\t\t\t\tfloat: left;\n\t\t\t\tmargin-top: 10px;\n\t\t\t\ttext-align: center;\n\t\t\t\twidth: 33%;\n\t\t\t}\n\t\t\t#gallery-1 img {\n\t\t\t\tborder: 2px solid #cfcfcf;\n\t\t\t}\n\t\t\t#gallery-1 .gallery-caption {\n\t\t\t\tmargin-left: 0;\n\t\t\t}\n\t\t\t\/* see gallery_shortcode() in wp-includes\/media.php *\/\n\t\t<\/style>\n\t\t<div id='gallery-1' class='gallery galleryid-48316 gallery-columns-3 gallery-size-thumbnail'><dl class='gallery-item'>\n\t\t\t<dt class='gallery-icon landscape'>\n\t\t\t\t<a href='https:\/\/cuernavaca.gob.mx\/?attachment_id=48317'><img width=\"150\" height=\"150\" src=\"https:\/\/cuernavaca.gob.mx\/wp-content\/uploads\/2025\/02\/CUERNAVACA-PONE-EN-MARCHA-EL-PROGRAMA-DE-BRECHAS-CORTAFUEGO-PARA-LA-CONSERVACIO\u0301N-DE-NUESTROS-BOSQUES-1-150x150.jpg\" class=\"attachment-thumbnail size-thumbnail\" alt=\"\" loading=\"lazy\" \/><\/a>\n\t\t\t<\/dt><\/dl><dl class='gallery-item'>\n\t\t\t<dt class='gallery-icon landscape'>\n\t\t\t\t<a href='https:\/\/cuernavaca.gob.mx\/?attachment_id=48318'><img width=\"150\" height=\"150\" src=\"https:\/\/cuernavaca.gob.mx\/wp-content\/uploads\/2025\/02\/CUERNAVACA-PONE-EN-MARCHA-EL-PROGRAMA-DE-BRECHAS-CORTAFUEGO-PARA-LA-CONSERVACIO\u0301N-DE-NUESTROS-BOSQUES-2-150x150.jpg\" class=\"attachment-thumbnail size-thumbnail\" alt=\"\" loading=\"lazy\" \/><\/a>\n\t\t\t<\/dt><\/dl><dl class='gallery-item'>\n\t\t\t<dt class='gallery-icon landscape'>\n\t\t\t\t<a href='https:\/\/cuernavaca.gob.mx\/?attachment_id=48319'><img width=\"150\" height=\"150\" src=\"https:\/\/cuernavaca.gob.mx\/wp-content\/uploads\/2025\/02\/CUERNAVACA-PONE-EN-MARCHA-EL-PROGRAMA-DE-BRECHAS-CORTAFUEGO-PARA-LA-CONSERVACIO\u0301N-DE-NUESTROS-BOSQUES-3-150x150.jpg\" class=\"attachment-thumbnail size-thumbnail\" alt=\"\" loading=\"lazy\" \/><\/a>\n\t\t\t<\/dt><\/dl><br style=\"clear: both\" \/>\n\t\t<\/div>\n\n","protected":false},"excerpt":{"rendered":"<p>\u2022 El alcalde Jos\u00e9 Luis Uri\u00f3stegui contin\u00faa promoviendo acciones para proteger las \u00e1reas boscosas de la ciudad y prevenir incendios forestales que amenazan la biodiversidad y la seguridad de la poblaci\u00f3n El Ayuntamiento de Cuernavaca, a trav\u00e9s de la Secretar\u00eda de Desarrollo Sustentable y Servicios P\u00fablicos (SDSySP), anunci\u00f3 oficialmente el lanzamiento del Programa de Brechas [&hellip;]<\/p>\n","protected":false},"author":1,"featured_media":48317,"comment_status":"closed","ping_status":"open","sticky":false,"template":"","format":"standard","meta":[],"categories":[2227],"tags":[4022,121,120,206,127,1734,1291,172,125,4023],"aioseo_notices":[],"_links":{"self":[{"href":"https:\/\/cuernavaca.gob.mx\/index.php?rest_route=\/wp\/v2\/posts\/48316"}],"collection":[{"href":"https:\/\/cuernavaca.gob.mx\/index.php?rest_route=\/wp\/v2\/posts"}],"about":[{"href":"https:\/\/cuernavaca.gob.mx\/index.php?rest_route=\/wp\/v2\/types\/post"}],"author":[{"embeddable":true,"href":"https:\/\/cuernavaca.gob.mx\/index.php?rest_route=\/wp\/v2\/users\/1"}],"replies":[{"embeddable":true,"href":"https:\/\/cuernavaca.gob.mx\/index.php?rest_route=%2Fwp%2Fv2%2Fcomments&post=48316"}],"version-history":[{"count":1,"href":"https:\/\/cuernavaca.gob.mx\/index.php?rest_route=\/wp\/v2\/posts\/48316\/revisions"}],"predecessor-version":[{"id":48320,"href":"https:\/\/cuernavaca.gob.mx\/index.php?rest_route=\/wp\/v2\/posts\/48316\/revisions\/48320"}],"wp:featuredmedia":[{"embeddable":true,"href":"https:\/\/cuernavaca.gob.mx\/index.php?rest_route=\/wp\/v2\/media\/48317"}],"wp:attachment":[{"href":"https:\/\/cuernavaca.gob.mx\/index.php?rest_route=%2Fwp%2Fv2%2Fmedia&parent=48316"}],"wp:term":[{"taxonomy":"category","embeddable":true,"href":"https:\/\/cuernavaca.gob.mx\/index.php?rest_route=%2Fwp%2Fv2%2Fcategories&post=48316"},{"taxonomy":"post_tag","embeddable":true,"href":"https:\/\/cuernavaca.gob.mx\/index.php?rest_route=%2Fwp%2Fv2%2Ftags&post=48316"}],"curies":[{"name":"wp","href":"https:\/\/api.w.org\/{rel}","templated":true}]}}