{"id":49031,"date":"2025-03-14T12:00:19","date_gmt":"2025-03-14T18:00:19","guid":{"rendered":"https:\/\/cuernavaca.gob.mx\/?p=49031"},"modified":"2025-03-14T14:07:57","modified_gmt":"2025-03-14T20:07:57","slug":"f15-14-03-24-continua-seprac-con-labores-intensas-de-busqueda-de-personas-desaparecidas-en-cuernavaca","status":"publish","type":"post","link":"https:\/\/cuernavaca.gob.mx\/?p=49031","title":{"rendered":"F15 14\/03\/24 CONTIN\u00daA SEPRAC CON LABORES INTENSAS DE B\u00daSQUEDA DE PERSONAS DESAPARECIDAS EN CUERNAVACA"},"content":{"rendered":"<p>La Secretar\u00eda de Protecci\u00f3n y Auxilio Ciudadano (SEPRAC), a trav\u00e9s de la Jefatura de Personas Desaparecidas, contin\u00faa brindando acompa\u00f1amiento en la b\u00fasqueda de personas desaparecidas en el municipio de Cuernavaca. Las labores se realizan en conjunto con la Agencia de Investigaci\u00f3n en Materia de Desaparici\u00f3n Forzada de la Fiscal\u00eda General del Estado (FGE) y la Comisi\u00f3n Estatal de B\u00fasqueda del Estado de Morelos.<\/p>\n<p>De enero a la fecha, en la ciudad se han localizado a ocho personas, una de ellas sin vida. De estas, cinco son mujeres, quienes contaban con carpeta de investigaci\u00f3n por haberse ausentado de manera voluntaria de sus domicilios, de las cuales cuatro son adolescentes.<\/p>\n<p>Al registrase estos meses como periodo de sequ\u00eda, la SEPRAC indica que es apto para llevar a cabo las diligencias en campo, es por ello que de manera intensa se comenzar\u00e1n a desarrollar estas acciones de b\u00fasqueda.<\/p>\n\n\t\t<style type=\"text\/css\">\n\t\t\t#gallery-1 {\n\t\t\t\tmargin: auto;\n\t\t\t}\n\t\t\t#gallery-1 .gallery-item {\n\t\t\t\tfloat: left;\n\t\t\t\tmargin-top: 10px;\n\t\t\t\ttext-align: center;\n\t\t\t\twidth: 33%;\n\t\t\t}\n\t\t\t#gallery-1 img {\n\t\t\t\tborder: 2px solid #cfcfcf;\n\t\t\t}\n\t\t\t#gallery-1 .gallery-caption {\n\t\t\t\tmargin-left: 0;\n\t\t\t}\n\t\t\t\/* see gallery_shortcode() in wp-includes\/media.php *\/\n\t\t<\/style>\n\t\t<div id='gallery-1' class='gallery galleryid-49031 gallery-columns-3 gallery-size-thumbnail'><dl class='gallery-item'>\n\t\t\t<dt class='gallery-icon landscape'>\n\t\t\t\t<a href='https:\/\/cuernavaca.gob.mx\/?attachment_id=49032'><img width=\"150\" height=\"150\" src=\"https:\/\/cuernavaca.gob.mx\/wp-content\/uploads\/2025\/03\/CONTINU\u0301A-SEPRAC-CON-LABORES-INTENSAS-DE-BU\u0301SQUEDA-DE-PERSONAS-DESAPARECIDAS-EN-CUERNAVACA-1-150x150.jpg\" class=\"attachment-thumbnail size-thumbnail\" alt=\"\" loading=\"lazy\" \/><\/a>\n\t\t\t<\/dt><\/dl><dl class='gallery-item'>\n\t\t\t<dt class='gallery-icon landscape'>\n\t\t\t\t<a href='https:\/\/cuernavaca.gob.mx\/?attachment_id=49033'><img width=\"150\" height=\"150\" src=\"https:\/\/cuernavaca.gob.mx\/wp-content\/uploads\/2025\/03\/CONTINU\u0301A-SEPRAC-CON-LABORES-INTENSAS-DE-BU\u0301SQUEDA-DE-PERSONAS-DESAPARECIDAS-EN-CUERNAVACA-2-150x150.jpg\" class=\"attachment-thumbnail size-thumbnail\" alt=\"\" loading=\"lazy\" \/><\/a>\n\t\t\t<\/dt><\/dl><dl class='gallery-item'>\n\t\t\t<dt class='gallery-icon landscape'>\n\t\t\t\t<a href='https:\/\/cuernavaca.gob.mx\/?attachment_id=49034'><img width=\"150\" height=\"150\" src=\"https:\/\/cuernavaca.gob.mx\/wp-content\/uploads\/2025\/03\/CONTINU\u0301A-SEPRAC-CON-LABORES-INTENSAS-DE-BU\u0301SQUEDA-DE-PERSONAS-DESAPARECIDAS-EN-CUERNAVACA-3-150x150.jpg\" class=\"attachment-thumbnail size-thumbnail\" alt=\"\" loading=\"lazy\" \/><\/a>\n\t\t\t<\/dt><\/dl><br style=\"clear: both\" \/><dl class='gallery-item'>\n\t\t\t<dt class='gallery-icon landscape'>\n\t\t\t\t<a href='https:\/\/cuernavaca.gob.mx\/?attachment_id=49035'><img width=\"150\" height=\"150\" src=\"https:\/\/cuernavaca.gob.mx\/wp-content\/uploads\/2025\/03\/CONTINU\u0301A-SEPRAC-CON-LABORES-INTENSAS-DE-BU\u0301SQUEDA-DE-PERSONAS-DESAPARECIDAS-EN-CUERNAVACA-4-150x150.jpg\" class=\"attachment-thumbnail size-thumbnail\" alt=\"\" loading=\"lazy\" \/><\/a>\n\t\t\t<\/dt><\/dl>\n\t\t\t<br style='clear: both' \/>\n\t\t<\/div>\n\n<p>&nbsp;<\/p>\n","protected":false},"excerpt":{"rendered":"<p>La Secretar\u00eda de Protecci\u00f3n y Auxilio Ciudadano (SEPRAC), a trav\u00e9s de la Jefatura de Personas Desaparecidas, contin\u00faa brindando acompa\u00f1amiento en la b\u00fasqueda de personas desaparecidas en el municipio de Cuernavaca. Las labores se realizan en conjunto con la Agencia de Investigaci\u00f3n en Materia de Desaparici\u00f3n Forzada de la Fiscal\u00eda General del Estado (FGE) y la [&hellip;]<\/p>\n","protected":false},"author":1,"featured_media":49035,"comment_status":"closed","ping_status":"open","sticky":false,"template":"","format":"standard","meta":[],"categories":[17],"tags":[2248,121,2723,120,206,127,414,125],"aioseo_notices":[],"_links":{"self":[{"href":"https:\/\/cuernavaca.gob.mx\/index.php?rest_route=\/wp\/v2\/posts\/49031"}],"collection":[{"href":"https:\/\/cuernavaca.gob.mx\/index.php?rest_route=\/wp\/v2\/posts"}],"about":[{"href":"https:\/\/cuernavaca.gob.mx\/index.php?rest_route=\/wp\/v2\/types\/post"}],"author":[{"embeddable":true,"href":"https:\/\/cuernavaca.gob.mx\/index.php?rest_route=\/wp\/v2\/users\/1"}],"replies":[{"embeddable":true,"href":"https:\/\/cuernavaca.gob.mx\/index.php?rest_route=%2Fwp%2Fv2%2Fcomments&post=49031"}],"version-history":[{"count":1,"href":"https:\/\/cuernavaca.gob.mx\/index.php?rest_route=\/wp\/v2\/posts\/49031\/revisions"}],"predecessor-version":[{"id":49036,"href":"https:\/\/cuernavaca.gob.mx\/index.php?rest_route=\/wp\/v2\/posts\/49031\/revisions\/49036"}],"wp:featuredmedia":[{"embeddable":true,"href":"https:\/\/cuernavaca.gob.mx\/index.php?rest_route=\/wp\/v2\/media\/49035"}],"wp:attachment":[{"href":"https:\/\/cuernavaca.gob.mx\/index.php?rest_route=%2Fwp%2Fv2%2Fmedia&parent=49031"}],"wp:term":[{"taxonomy":"category","embeddable":true,"href":"https:\/\/cuernavaca.gob.mx\/index.php?rest_route=%2Fwp%2Fv2%2Fcategories&post=49031"},{"taxonomy":"post_tag","embeddable":true,"href":"https:\/\/cuernavaca.gob.mx\/index.php?rest_route=%2Fwp%2Fv2%2Ftags&post=49031"}],"curies":[{"name":"wp","href":"https:\/\/api.w.org\/{rel}","templated":true}]}}