{"id":49362,"date":"2025-04-01T16:00:03","date_gmt":"2025-04-01T22:00:03","guid":{"rendered":"https:\/\/cuernavaca.gob.mx\/?p=49362"},"modified":"2025-04-02T11:18:27","modified_gmt":"2025-04-02T17:18:27","slug":"b152-01-04-25-administracion-de-jose-luis-uriostegui-fomenta-el-emprendedurismo-como-pilar-del-desarrollo-economico-local","status":"publish","type":"post","link":"https:\/\/cuernavaca.gob.mx\/?p=49362","title":{"rendered":"B152 01\/04\/25 ADMINISTRACI\u00d3N DE JOS\u00c9 LUIS URI\u00d3STEGUI FOMENTA EL EMPRENDEDURISMO COMO PILAR DEL DESARROLLO ECON\u00d3MICO LOCAL"},"content":{"rendered":"<p><strong>\u2022 El alcalde resalt\u00f3 la prioridad que se le ha dado a las y los emprendedores de Cuernavaca para tener espacios donde exhibir sus productos y recibir orientaci\u00f3n sobre como abrir negocios<\/strong><\/p>\n<p>La administraci\u00f3n municipal de Cuernavaca, encabezada por el alcalde Jos\u00e9 Luis Uri\u00f3stegui Salgado, contin\u00faa fomentando el emprendimiento como un eje clave para mejorar la econom\u00eda familiar y la calidad de vida de las y los cuernavaquenses. Durante la firma de un importante convenio entre la Universidad Latina (Unila) y el Centro de Competitividad de M\u00e9xico (CCMX), en el marco de la iniciativa CREO MX, que por primera vez tiene como sede el estado de Morelos, se destac\u00f3 el compromiso del municipio en apoyar a las PyMEs, emprendedores y startups locales.<\/p>\n<p>Durante su intervenci\u00f3n, Jos\u00e9 Luis Uri\u00f3stegui Salgado se\u00f1al\u00f3 que desde su primera administraci\u00f3n ha impulsado una serie de acciones y programas dise\u00f1ados para dar orientaci\u00f3n y visibilidad a los emprendedores locales, con el objetivo de construir una ciudad m\u00e1s pr\u00f3spera, din\u00e1mica y con mayores oportunidades para todas y todos.<\/p>\n<p>El evento tambi\u00e9n sirvi\u00f3 para presentar iniciativas clave de apoyo a emprendedores, como la Feria de la Primavera 2025, que se llevar\u00e1 a cabo del 11 al 20 de abril en el Club H\u00edpico Vista Hermosa, donde se brindar\u00e1n espacios para que exhiban y comercialicen sus productos, aumentando su alcance a un p\u00fablico m\u00e1s amplio. Asimismo, se destac\u00f3 el Concurso de Artesan\u00edas, que ha contribuido significativamente a la profesionalizaci\u00f3n de los artesanos locales, permiti\u00e9ndoles mostrar sus creaciones en espacios de renombre, como el Museo de la Ciudad de Cuernavaca (MuCiC).<\/p>\n<p>Acompa\u00f1ado por autoridades como Jos\u00e9 Guillermo Colorado G\u00e1ndara, rector institucional de Unila; Juan Carlos Ostolaza Cort\u00e9s, director general de CCMX; V\u00edctor S\u00e1nchez Trujillo, secretario de Desarrollo Econ\u00f3mico y del Trabajo de Morelos; y Paola Fernanda Hern\u00e1ndez Sosa, directora de Unila Campus Cuernavaca, el alcalde Uri\u00f3stegui Salgado concluy\u00f3 reafirmando la responsabilidad de su gobierno para seguir apoyando al emprendimiento, quienes son pieza clave en el desarrollo econ\u00f3mico de Cuernavaca y de Morelos.<\/p>\n\n\t\t<style type=\"text\/css\">\n\t\t\t#gallery-1 {\n\t\t\t\tmargin: auto;\n\t\t\t}\n\t\t\t#gallery-1 .gallery-item {\n\t\t\t\tfloat: left;\n\t\t\t\tmargin-top: 10px;\n\t\t\t\ttext-align: center;\n\t\t\t\twidth: 33%;\n\t\t\t}\n\t\t\t#gallery-1 img {\n\t\t\t\tborder: 2px solid #cfcfcf;\n\t\t\t}\n\t\t\t#gallery-1 .gallery-caption {\n\t\t\t\tmargin-left: 0;\n\t\t\t}\n\t\t\t\/* see gallery_shortcode() in wp-includes\/media.php *\/\n\t\t<\/style>\n\t\t<div id='gallery-1' class='gallery galleryid-49362 gallery-columns-3 gallery-size-thumbnail'><dl class='gallery-item'>\n\t\t\t<dt class='gallery-icon landscape'>\n\t\t\t\t<a href='https:\/\/cuernavaca.gob.mx\/?attachment_id=49363'><img width=\"150\" height=\"150\" src=\"https:\/\/cuernavaca.gob.mx\/wp-content\/uploads\/2025\/04\/ADMINISTRACIO\u0301N-DE-JOSE\u0301-LUIS-URIO\u0301STEGUI-FOMENTA-EL-EMPRENDEDURISMO-COMO-PILAR-DEL-DESARROLLO-ECONO\u0301MICO-LOCAL-1-150x150.jpg\" class=\"attachment-thumbnail size-thumbnail\" alt=\"\" loading=\"lazy\" \/><\/a>\n\t\t\t<\/dt><\/dl><dl class='gallery-item'>\n\t\t\t<dt class='gallery-icon landscape'>\n\t\t\t\t<a href='https:\/\/cuernavaca.gob.mx\/?attachment_id=49364'><img width=\"150\" height=\"150\" src=\"https:\/\/cuernavaca.gob.mx\/wp-content\/uploads\/2025\/04\/ADMINISTRACIO\u0301N-DE-JOSE\u0301-LUIS-URIO\u0301STEGUI-FOMENTA-EL-EMPRENDEDURISMO-COMO-PILAR-DEL-DESARROLLO-ECONO\u0301MICO-LOCAL-2-150x150.jpg\" class=\"attachment-thumbnail size-thumbnail\" alt=\"\" loading=\"lazy\" \/><\/a>\n\t\t\t<\/dt><\/dl><dl class='gallery-item'>\n\t\t\t<dt class='gallery-icon landscape'>\n\t\t\t\t<a href='https:\/\/cuernavaca.gob.mx\/?attachment_id=49365'><img width=\"150\" height=\"150\" src=\"https:\/\/cuernavaca.gob.mx\/wp-content\/uploads\/2025\/04\/ADMINISTRACIO\u0301N-DE-JOSE\u0301-LUIS-URIO\u0301STEGUI-FOMENTA-EL-EMPRENDEDURISMO-COMO-PILAR-DEL-DESARROLLO-ECONO\u0301MICO-LOCAL-3-150x150.jpg\" class=\"attachment-thumbnail size-thumbnail\" alt=\"\" loading=\"lazy\" \/><\/a>\n\t\t\t<\/dt><\/dl><br style=\"clear: both\" \/><dl class='gallery-item'>\n\t\t\t<dt class='gallery-icon landscape'>\n\t\t\t\t<a href='https:\/\/cuernavaca.gob.mx\/?attachment_id=49366'><img width=\"150\" height=\"150\" src=\"https:\/\/cuernavaca.gob.mx\/wp-content\/uploads\/2025\/04\/ADMINISTRACIO\u0301N-DE-JOSE\u0301-LUIS-URIO\u0301STEGUI-FOMENTA-EL-EMPRENDEDURISMO-COMO-PILAR-DEL-DESARROLLO-ECONO\u0301MICO-LOCAL-4-150x150.jpg\" class=\"attachment-thumbnail size-thumbnail\" alt=\"\" loading=\"lazy\" \/><\/a>\n\t\t\t<\/dt><\/dl><dl class='gallery-item'>\n\t\t\t<dt class='gallery-icon landscape'>\n\t\t\t\t<a href='https:\/\/cuernavaca.gob.mx\/?attachment_id=49367'><img width=\"150\" height=\"150\" src=\"https:\/\/cuernavaca.gob.mx\/wp-content\/uploads\/2025\/04\/ADMINISTRACIO\u0301N-DE-JOSE\u0301-LUIS-URIO\u0301STEGUI-FOMENTA-EL-EMPRENDEDURISMO-COMO-PILAR-DEL-DESARROLLO-ECONO\u0301MICO-LOCAL-5-150x150.jpg\" class=\"attachment-thumbnail size-thumbnail\" alt=\"\" loading=\"lazy\" \/><\/a>\n\t\t\t<\/dt><\/dl>\n\t\t\t<br style='clear: both' \/>\n\t\t<\/div>\n\n<p>&nbsp;<\/p>\n","protected":false},"excerpt":{"rendered":"<p>\u2022 El alcalde resalt\u00f3 la prioridad que se le ha dado a las y los emprendedores de Cuernavaca para tener espacios donde exhibir sus productos y recibir orientaci\u00f3n sobre como abrir negocios La administraci\u00f3n municipal de Cuernavaca, encabezada por el alcalde Jos\u00e9 Luis Uri\u00f3stegui Salgado, contin\u00faa fomentando el emprendimiento como un eje clave para mejorar [&hellip;]<\/p>\n","protected":false},"author":1,"featured_media":49367,"comment_status":"closed","ping_status":"open","sticky":false,"template":"","format":"standard","meta":[],"categories":[3090],"tags":[121,2127,120,693,206,127,4068,1557],"aioseo_notices":[],"_links":{"self":[{"href":"https:\/\/cuernavaca.gob.mx\/index.php?rest_route=\/wp\/v2\/posts\/49362"}],"collection":[{"href":"https:\/\/cuernavaca.gob.mx\/index.php?rest_route=\/wp\/v2\/posts"}],"about":[{"href":"https:\/\/cuernavaca.gob.mx\/index.php?rest_route=\/wp\/v2\/types\/post"}],"author":[{"embeddable":true,"href":"https:\/\/cuernavaca.gob.mx\/index.php?rest_route=\/wp\/v2\/users\/1"}],"replies":[{"embeddable":true,"href":"https:\/\/cuernavaca.gob.mx\/index.php?rest_route=%2Fwp%2Fv2%2Fcomments&post=49362"}],"version-history":[{"count":1,"href":"https:\/\/cuernavaca.gob.mx\/index.php?rest_route=\/wp\/v2\/posts\/49362\/revisions"}],"predecessor-version":[{"id":49368,"href":"https:\/\/cuernavaca.gob.mx\/index.php?rest_route=\/wp\/v2\/posts\/49362\/revisions\/49368"}],"wp:featuredmedia":[{"embeddable":true,"href":"https:\/\/cuernavaca.gob.mx\/index.php?rest_route=\/wp\/v2\/media\/49367"}],"wp:attachment":[{"href":"https:\/\/cuernavaca.gob.mx\/index.php?rest_route=%2Fwp%2Fv2%2Fmedia&parent=49362"}],"wp:term":[{"taxonomy":"category","embeddable":true,"href":"https:\/\/cuernavaca.gob.mx\/index.php?rest_route=%2Fwp%2Fv2%2Fcategories&post=49362"},{"taxonomy":"post_tag","embeddable":true,"href":"https:\/\/cuernavaca.gob.mx\/index.php?rest_route=%2Fwp%2Fv2%2Ftags&post=49362"}],"curies":[{"name":"wp","href":"https:\/\/api.w.org\/{rel}","templated":true}]}}