{"id":49369,"date":"2025-04-02T12:00:43","date_gmt":"2025-04-02T18:00:43","guid":{"rendered":"https:\/\/cuernavaca.gob.mx\/?p=49369"},"modified":"2025-04-02T12:34:43","modified_gmt":"2025-04-02T18:34:43","slug":"b154-02-04-25-reconocen-a-elementos-de-la-secretaria-de-proteccion-y-auxilio-ciudadano-de-cuernavaca","status":"publish","type":"post","link":"https:\/\/cuernavaca.gob.mx\/?p=49369","title":{"rendered":"B154 02\/04\/25 RECONOCEN A ELEMENTOS DE LA SECRETAR\u00cdA DE PROTECCI\u00d3N Y AUXILIO CIUDADANO DE CUERNAVACA"},"content":{"rendered":"<p><strong>\u2022 En un esfuerzo coordinado con la sociedad civil organizada, el alcalde Jos\u00e9 Luis Uri\u00f3stegui Salgado resalt\u00f3 las acciones de mejora a las condiciones laborales de las y los polic\u00edas municipales, quienes hoy cuentan con equipamiento, uniformes y armamento dignos para desempe\u00f1ar su labor<\/strong><\/p>\n<p>En un emotivo acto, autoridades estatales, municipales, instituciones de seguridad p\u00fablica y la Asociaci\u00f3n \u201cM\u00e9xico S.O.S.\u201d entregaron distinciones a tres elementos de la Secretar\u00eda de Protecci\u00f3n y Auxilio Ciudadano (SEPRAC) de Cuernavaca, en reconocimiento a su dedicaci\u00f3n y esfuerzo durante los primeros tres meses del a\u00f1o 2025.<\/p>\n<p>Los elementos distinguidos fueron: Miguel Alc\u00e1ntara Salgado, polic\u00eda tercero; Brenda Yobana Cuevas Catal\u00e1n, polic\u00eda y Juan Jorge Salazar Res\u00e9ndiz, polic\u00eda, quienes fueron seleccionados por su compromiso y profesionalismo, contribuyendo significativamente a la seguridad y bienestar de la ciudadan\u00eda de Cuernavaca.<\/p>\n<p>En su intervenci\u00f3n, el presidente municipal de Cuernavaca, Jos\u00e9 Luis Uri\u00f3stegui Salgado, indic\u00f3 que este reconocimiento forma parte del esfuerzo impulsado desde su primera administraci\u00f3n para dignificar las condiciones laborales de las y los polic\u00edas, quienes durante a\u00f1os estuvieron olvidados ante la falta de inversiones. Asegur\u00f3 que este tipo de distinciones buscan valorar el esfuerzo constante de quienes mantienen el orden en la capital de Morelos.<\/p>\n<p>Enfatiz\u00f3 que la presencia de autoridades de la Secretar\u00eda de la Defensa Nacional (Sedena), de la Secretar\u00eda de Seguridad y Protecci\u00f3n Ciudadana del Estado de Morelos, as\u00ed como de la sociedad civil representada por \u201cM\u00e9xico SOS\u201d, es un ejemplo de los esfuerzos que se han concretado para lograr mejorar diariamente la seguridad p\u00fablica, dando pasos con certeza para lograr que las estad\u00edsticas vayan disminuyendo y que las y los cuernavaquenses puedan sentirse m\u00e1s seguros dentro del territorio.<\/p>\n<p>Por su parte, el titular de la Polic\u00eda de Cuernavaca, Guillermo Garc\u00eda Delgado, reafirm\u00f3 su compromiso con la ciudadan\u00eda y el orgullo de liderar la SEPRAC. Asimismo, destac\u00f3 la labor de los tres elementos policiales de la dependencia y el riesgo que enfrentan al portar el uniforme y realizar las labores de seguridad.<\/p>\n<p>Cabe mencionar que los reconocimientos fueron una iniciativa de la asociaci\u00f3n \u201cM\u00e9xico S.O.S.\u201d, que lleva m\u00e1s de tres a\u00f1os trabajando en colaboraci\u00f3n con la SEPRAC. En su mensaje, \u00c1ngela Pla, coordinadora de la Mesa Ciudadana de Seguridad y Justicia, expres\u00f3 su apoyo a la labor de las y los polic\u00edas de Cuernavaca, resaltando que estos reconocimientos buscan incentivar y valorar el esfuerzo diario de los elementos que garantizan la tranquilidad de la poblaci\u00f3n.<\/p>\n<p>El evento tambi\u00e9n cont\u00f3 con la presencia del General de Brigada Diplomado de Estado Mayor Jos\u00e9 Luis Bucio Quiroz, comandante de la 24\/a. Zona Militar, as\u00ed como de Miguel \u00c1ngel Urrutia Lozano, secretario de Seguridad y Protecci\u00f3n Ciudadana del Estado de Morelos. Ambos coincidieron en destacar el trabajo del alcalde capitalino, quien ha transformado a la corporaci\u00f3n policial y mantiene una coordinaci\u00f3n constante con las autoridades para restablecer la paz y seguridad en la ciudad y el estado.<\/p>\n<p>De la misma forma, se cont\u00f3 con la presencia del General Brigadier de Estado Mayor Francisco Javier Hern\u00e1ndez Almanza, coordinador Estatal de la Guardia Nacional en Morelos, y de Marcos Oteiza, integrante del Comit\u00e9 de Dignificaci\u00f3n al Polic\u00eda de la Asociaci\u00f3n \u201cM\u00e9xico S.O.S.\u201d.<\/p>\n<p>La Secretar\u00eda de Protecci\u00f3n y Auxilio Ciudadano (SEPRAC) reitera su compromiso con la comunidad y reitera la importancia de reconocer y apoyar el trabajo de cada uno de sus elementos, agradeciendo a la Asociaci\u00f3n \u201cM\u00e9xico S.O.S.\u201d por su constante apoyo y colaboraci\u00f3n en la dignificaci\u00f3n y fortalecimiento de la corporaci\u00f3n.<\/p>\n\n\t\t<style type=\"text\/css\">\n\t\t\t#gallery-1 {\n\t\t\t\tmargin: auto;\n\t\t\t}\n\t\t\t#gallery-1 .gallery-item {\n\t\t\t\tfloat: left;\n\t\t\t\tmargin-top: 10px;\n\t\t\t\ttext-align: center;\n\t\t\t\twidth: 33%;\n\t\t\t}\n\t\t\t#gallery-1 img {\n\t\t\t\tborder: 2px solid #cfcfcf;\n\t\t\t}\n\t\t\t#gallery-1 .gallery-caption {\n\t\t\t\tmargin-left: 0;\n\t\t\t}\n\t\t\t\/* see gallery_shortcode() in wp-includes\/media.php *\/\n\t\t<\/style>\n\t\t<div id='gallery-1' class='gallery galleryid-49369 gallery-columns-3 gallery-size-thumbnail'><dl class='gallery-item'>\n\t\t\t<dt class='gallery-icon landscape'>\n\t\t\t\t<a href='https:\/\/cuernavaca.gob.mx\/?attachment_id=49370'><img width=\"150\" height=\"150\" src=\"https:\/\/cuernavaca.gob.mx\/wp-content\/uploads\/2025\/04\/RECONOCEN-A-ELEMENTOS-DE-LA-SECRETARI\u0301A-DE-PROTECCIO\u0301N-Y-AUXILIO-CIUDADANO-DE-CUERNAVACA-1-150x150.jpg\" class=\"attachment-thumbnail size-thumbnail\" alt=\"\" loading=\"lazy\" \/><\/a>\n\t\t\t<\/dt><\/dl><dl class='gallery-item'>\n\t\t\t<dt class='gallery-icon landscape'>\n\t\t\t\t<a href='https:\/\/cuernavaca.gob.mx\/?attachment_id=49371'><img width=\"150\" height=\"150\" src=\"https:\/\/cuernavaca.gob.mx\/wp-content\/uploads\/2025\/04\/RECONOCEN-A-ELEMENTOS-DE-LA-SECRETARI\u0301A-DE-PROTECCIO\u0301N-Y-AUXILIO-CIUDADANO-DE-CUERNAVACA-2-150x150.jpg\" class=\"attachment-thumbnail size-thumbnail\" alt=\"\" loading=\"lazy\" \/><\/a>\n\t\t\t<\/dt><\/dl><dl class='gallery-item'>\n\t\t\t<dt class='gallery-icon landscape'>\n\t\t\t\t<a href='https:\/\/cuernavaca.gob.mx\/?attachment_id=49372'><img width=\"150\" height=\"150\" src=\"https:\/\/cuernavaca.gob.mx\/wp-content\/uploads\/2025\/04\/RECONOCEN-A-ELEMENTOS-DE-LA-SECRETARI\u0301A-DE-PROTECCIO\u0301N-Y-AUXILIO-CIUDADANO-DE-CUERNAVACA-3-150x150.jpg\" class=\"attachment-thumbnail size-thumbnail\" alt=\"\" loading=\"lazy\" \/><\/a>\n\t\t\t<\/dt><\/dl><br style=\"clear: both\" \/><dl class='gallery-item'>\n\t\t\t<dt class='gallery-icon landscape'>\n\t\t\t\t<a href='https:\/\/cuernavaca.gob.mx\/?attachment_id=49373'><img width=\"150\" height=\"150\" src=\"https:\/\/cuernavaca.gob.mx\/wp-content\/uploads\/2025\/04\/RECONOCEN-A-ELEMENTOS-DE-LA-SECRETARI\u0301A-DE-PROTECCIO\u0301N-Y-AUXILIO-CIUDADANO-DE-CUERNAVACA-4-150x150.jpg\" class=\"attachment-thumbnail size-thumbnail\" alt=\"\" loading=\"lazy\" \/><\/a>\n\t\t\t<\/dt><\/dl><dl class='gallery-item'>\n\t\t\t<dt class='gallery-icon landscape'>\n\t\t\t\t<a href='https:\/\/cuernavaca.gob.mx\/?attachment_id=49374'><img width=\"150\" height=\"150\" src=\"https:\/\/cuernavaca.gob.mx\/wp-content\/uploads\/2025\/04\/RECONOCEN-A-ELEMENTOS-DE-LA-SECRETARI\u0301A-DE-PROTECCIO\u0301N-Y-AUXILIO-CIUDADANO-DE-CUERNAVACA-5-150x150.jpg\" class=\"attachment-thumbnail size-thumbnail\" alt=\"\" loading=\"lazy\" \/><\/a>\n\t\t\t<\/dt><\/dl><dl class='gallery-item'>\n\t\t\t<dt class='gallery-icon landscape'>\n\t\t\t\t<a href='https:\/\/cuernavaca.gob.mx\/?attachment_id=49375'><img width=\"150\" height=\"150\" src=\"https:\/\/cuernavaca.gob.mx\/wp-content\/uploads\/2025\/04\/RECONOCEN-A-ELEMENTOS-DE-LA-SECRETARI\u0301A-DE-PROTECCIO\u0301N-Y-AUXILIO-CIUDADANO-DE-CUERNAVACA-6-150x150.jpg\" class=\"attachment-thumbnail size-thumbnail\" alt=\"\" loading=\"lazy\" \/><\/a>\n\t\t\t<\/dt><\/dl><br style=\"clear: both\" \/><dl class='gallery-item'>\n\t\t\t<dt class='gallery-icon landscape'>\n\t\t\t\t<a href='https:\/\/cuernavaca.gob.mx\/?attachment_id=49376'><img width=\"150\" height=\"150\" src=\"https:\/\/cuernavaca.gob.mx\/wp-content\/uploads\/2025\/04\/RECONOCEN-A-ELEMENTOS-DE-LA-SECRETARI\u0301A-DE-PROTECCIO\u0301N-Y-AUXILIO-CIUDADANO-DE-CUERNAVACA-7-150x150.jpg\" class=\"attachment-thumbnail size-thumbnail\" alt=\"\" loading=\"lazy\" \/><\/a>\n\t\t\t<\/dt><\/dl><dl class='gallery-item'>\n\t\t\t<dt class='gallery-icon landscape'>\n\t\t\t\t<a href='https:\/\/cuernavaca.gob.mx\/?attachment_id=49377'><img width=\"150\" height=\"150\" src=\"https:\/\/cuernavaca.gob.mx\/wp-content\/uploads\/2025\/04\/RECONOCEN-A-ELEMENTOS-DE-LA-SECRETARI\u0301A-DE-PROTECCIO\u0301N-Y-AUXILIO-CIUDADANO-DE-CUERNAVACA-8-150x150.jpg\" class=\"attachment-thumbnail size-thumbnail\" alt=\"\" loading=\"lazy\" \/><\/a>\n\t\t\t<\/dt><\/dl><dl class='gallery-item'>\n\t\t\t<dt class='gallery-icon landscape'>\n\t\t\t\t<a href='https:\/\/cuernavaca.gob.mx\/?attachment_id=49378'><img width=\"150\" height=\"150\" src=\"https:\/\/cuernavaca.gob.mx\/wp-content\/uploads\/2025\/04\/RECONOCEN-A-ELEMENTOS-DE-LA-SECRETARI\u0301A-DE-PROTECCIO\u0301N-Y-AUXILIO-CIUDADANO-DE-CUERNAVACA-9-150x150.jpg\" class=\"attachment-thumbnail size-thumbnail\" alt=\"\" loading=\"lazy\" \/><\/a>\n\t\t\t<\/dt><\/dl><br style=\"clear: both\" \/><dl class='gallery-item'>\n\t\t\t<dt class='gallery-icon landscape'>\n\t\t\t\t<a href='https:\/\/cuernavaca.gob.mx\/?attachment_id=49379'><img width=\"150\" height=\"150\" src=\"https:\/\/cuernavaca.gob.mx\/wp-content\/uploads\/2025\/04\/RECONOCEN-A-ELEMENTOS-DE-LA-SECRETARI\u0301A-DE-PROTECCIO\u0301N-Y-AUXILIO-CIUDADANO-DE-CUERNAVACA-10-150x150.jpg\" class=\"attachment-thumbnail size-thumbnail\" alt=\"\" loading=\"lazy\" \/><\/a>\n\t\t\t<\/dt><\/dl><dl class='gallery-item'>\n\t\t\t<dt class='gallery-icon landscape'>\n\t\t\t\t<a href='https:\/\/cuernavaca.gob.mx\/?attachment_id=49380'><img width=\"150\" height=\"150\" src=\"https:\/\/cuernavaca.gob.mx\/wp-content\/uploads\/2025\/04\/RECONOCEN-A-ELEMENTOS-DE-LA-SECRETARI\u0301A-DE-PROTECCIO\u0301N-Y-AUXILIO-CIUDADANO-DE-CUERNAVACA-11-150x150.jpg\" class=\"attachment-thumbnail size-thumbnail\" alt=\"\" loading=\"lazy\" \/><\/a>\n\t\t\t<\/dt><\/dl><dl class='gallery-item'>\n\t\t\t<dt class='gallery-icon landscape'>\n\t\t\t\t<a href='https:\/\/cuernavaca.gob.mx\/?attachment_id=49381'><img width=\"150\" height=\"150\" src=\"https:\/\/cuernavaca.gob.mx\/wp-content\/uploads\/2025\/04\/RECONOCEN-A-ELEMENTOS-DE-LA-SECRETARI\u0301A-DE-PROTECCIO\u0301N-Y-AUXILIO-CIUDADANO-DE-CUERNAVACA-12-150x150.jpg\" class=\"attachment-thumbnail size-thumbnail\" alt=\"\" loading=\"lazy\" \/><\/a>\n\t\t\t<\/dt><\/dl><br style=\"clear: both\" \/><dl class='gallery-item'>\n\t\t\t<dt class='gallery-icon landscape'>\n\t\t\t\t<a href='https:\/\/cuernavaca.gob.mx\/?attachment_id=49382'><img width=\"150\" height=\"150\" src=\"https:\/\/cuernavaca.gob.mx\/wp-content\/uploads\/2025\/04\/RECONOCEN-A-ELEMENTOS-DE-LA-SECRETARI\u0301A-DE-PROTECCIO\u0301N-Y-AUXILIO-CIUDADANO-DE-CUERNAVACA-13-150x150.jpg\" class=\"attachment-thumbnail size-thumbnail\" alt=\"\" loading=\"lazy\" \/><\/a>\n\t\t\t<\/dt><\/dl>\n\t\t\t<br style='clear: both' \/>\n\t\t<\/div>\n\n","protected":false},"excerpt":{"rendered":"<p>\u2022 En un esfuerzo coordinado con la sociedad civil organizada, el alcalde Jos\u00e9 Luis Uri\u00f3stegui Salgado resalt\u00f3 las acciones de mejora a las condiciones laborales de las y los polic\u00edas municipales, quienes hoy cuentan con equipamiento, uniformes y armamento dignos para desempe\u00f1ar su labor En un emotivo acto, autoridades estatales, municipales, instituciones de seguridad p\u00fablica [&hellip;]<\/p>\n","protected":false},"author":1,"featured_media":49378,"comment_status":"closed","ping_status":"open","sticky":false,"template":"","format":"standard","meta":[],"categories":[17],"tags":[121,120,206,141,2628,3399,2629],"aioseo_notices":[],"_links":{"self":[{"href":"https:\/\/cuernavaca.gob.mx\/index.php?rest_route=\/wp\/v2\/posts\/49369"}],"collection":[{"href":"https:\/\/cuernavaca.gob.mx\/index.php?rest_route=\/wp\/v2\/posts"}],"about":[{"href":"https:\/\/cuernavaca.gob.mx\/index.php?rest_route=\/wp\/v2\/types\/post"}],"author":[{"embeddable":true,"href":"https:\/\/cuernavaca.gob.mx\/index.php?rest_route=\/wp\/v2\/users\/1"}],"replies":[{"embeddable":true,"href":"https:\/\/cuernavaca.gob.mx\/index.php?rest_route=%2Fwp%2Fv2%2Fcomments&post=49369"}],"version-history":[{"count":1,"href":"https:\/\/cuernavaca.gob.mx\/index.php?rest_route=\/wp\/v2\/posts\/49369\/revisions"}],"predecessor-version":[{"id":49383,"href":"https:\/\/cuernavaca.gob.mx\/index.php?rest_route=\/wp\/v2\/posts\/49369\/revisions\/49383"}],"wp:featuredmedia":[{"embeddable":true,"href":"https:\/\/cuernavaca.gob.mx\/index.php?rest_route=\/wp\/v2\/media\/49378"}],"wp:attachment":[{"href":"https:\/\/cuernavaca.gob.mx\/index.php?rest_route=%2Fwp%2Fv2%2Fmedia&parent=49369"}],"wp:term":[{"taxonomy":"category","embeddable":true,"href":"https:\/\/cuernavaca.gob.mx\/index.php?rest_route=%2Fwp%2Fv2%2Fcategories&post=49369"},{"taxonomy":"post_tag","embeddable":true,"href":"https:\/\/cuernavaca.gob.mx\/index.php?rest_route=%2Fwp%2Fv2%2Ftags&post=49369"}],"curies":[{"name":"wp","href":"https:\/\/api.w.org\/{rel}","templated":true}]}}