{"id":49410,"date":"2025-04-04T08:00:34","date_gmt":"2025-04-04T14:00:34","guid":{"rendered":"https:\/\/cuernavaca.gob.mx\/?p=49410"},"modified":"2025-04-05T11:30:27","modified_gmt":"2025-04-05T17:30:27","slug":"b155-04-04-25-cuernavaca-elige-a-sus-semifinalistas-para-el-parlamento-infantil-2025","status":"publish","type":"post","link":"https:\/\/cuernavaca.gob.mx\/?p=49410","title":{"rendered":"B155 04\/04\/25 CUERNAVACA ELIGE A SUS SEMIFINALISTAS PARA EL PARLAMENTO INFANTIL 2025"},"content":{"rendered":"<div><strong>\u2022 Dos ni\u00f1as y dos ni\u00f1os de escuelas de nivel b\u00e1sico fueron seleccionados por regidoras, regidores y funcionarios del Ayuntamiento de Cuernavaca<\/strong><\/div>\n<div><\/div>\n<div><\/div>\n<div>El Ayuntamiento de Cuernavaca contin\u00faa promoviendo la participaci\u00f3n activa de ni\u00f1as y ni\u00f1os cuernavacenses en el desarrollo de su ciudad. En este sentido, dos ni\u00f1as y dos ni\u00f1os de escuelas de nivel b\u00e1sico fueron seleccionados como semifinalistas de la primera etapa municipal rumbo al Parlamento Infantil 2025. Esta elecci\u00f3n fue realizada por un jurado compuesto por regidoras, regidores, la s\u00edndica municipal y funcionarios de gabinete del gobierno de Cuernavaca, quienes los eligieron de entre 36 estudiantes de 6\u00b0 grado.<\/div>\n<div><\/div>\n<div>Los cuatro semifinalistas son \u00c9rika Paola \u00c1lvarez Cruz, del Colegio Shireland; Elioenai Flores Aparicio, de la Primaria L\u00e1zaro C\u00e1rdenas; Natalia Kanti Zetina Rubio, del Instituto de Desarrollo Infantil Anne Sullivan; y C\u00e9sar Gerardo Gonz\u00e1lez Dom\u00ednguez, de la Primaria Vicente Guerrero. Durante su participaci\u00f3n, las ni\u00f1as y ni\u00f1os disertaron sobre temas de gran relevancia social, como: Protecci\u00f3n de \u00e1reas naturales de Morelos y cuidado del agua, Salud mental y apoyo emocional, y C\u00f3mo lograr una convivencia pac\u00edfica entre ni\u00f1os y j\u00f3venes, Previniendo el bullying en escuelas y barrios, La seguridad en los espacios p\u00fablicos y parques, entre otros.<\/div>\n<div><\/div>\n<div>Este proceso forma parte de la convocatoria emitida por el Congreso del Estado de Morelos con motivo de la conmemoraci\u00f3n del D\u00eda de la Ni\u00f1a y del Ni\u00f1o, el 30 de abril. En ella, se invit\u00f3 a los alumnos de 6\u00b0 grado de las primarias de Cuernavaca a desarrollar propuestas sobre diversos temas de inter\u00e9s social.<\/div>\n<div><\/div>\n<div>De acuerdo con las autoridades de la Secretar\u00eda de Desarrollo Humano y Participaci\u00f3n Social, los cuatro semifinalistas presentar\u00e1n sus propuestas el mi\u00e9rcoles 9 de abril ante el alcalde Jos\u00e9 Luis Uri\u00f3stegui Salgado, las y los regidores del Ayuntamiento durante una sesi\u00f3n ordinaria de Cabildo. En esta sesi\u00f3n, se elegir\u00e1 a los finalistas, quienes competir\u00e1n por ser designados como &#8220;Diputado por un d\u00eda&#8221; o &#8220;Diputada por un d\u00eda&#8221; por el Instituto Morelense de Procesos Electorales y Participaci\u00f3n Ciudadana (IMPEPAC). El ganador representar\u00e1 a Cuernavaca en la Sesi\u00f3n Solemne del Congreso del Estado, que se celebrar\u00e1 el 30 de abril.<\/div>\n<div><\/div>\n<div>Cabe se\u00f1alar que, los 36 alumnos que participaron en la primera etapa municipal rumbo al Parlamento Infantil 2025 proven\u00edan de 23 primarias p\u00fablicas y privadas de Cuernavaca, los cuales presentaron sus propuestas ante un jurado calificador, pero tambi\u00e9n frente a sus familias y profesores, todo ello, en un evento cargado de emotividad por la calidad de las propuestas hechas por las ni\u00f1as y ni\u00f1os que buscan un mejor entorno para vivir, desarrollarse y crecer en la ciudad que todas y todos merecemos.<\/div>\n<div><\/div>\n<div>Finalmente, la premiaci\u00f3n estuvo a cargo de las regidoras Miriam Aidee Barajas Basilio, \u00c9rika Lastra Jaimes, Arnett Juliana Jim\u00e9nez Gaspar, y el regidor Sergio Hugo Bar\u00f3n Pulido, quienes alentaron a las y los ni\u00f1os a seguir adelante con sus estudios y continuar luchando por sus sue\u00f1os. Las autoridades municipales tambi\u00e9n aprovecharon la ocasi\u00f3n para recordar que el Programa de Becas por vulnerabilidad econ\u00f3mica y excelencia acad\u00e9mica, impulsado por el Ayuntamiento de Cuernavaca bajo la administraci\u00f3n del presidente municipal Jos\u00e9 Luis Uri\u00f3stegui Salgado, brinda apoyo a los estudiantes de 6\u00b0 grado de Cuernavaca, asegurando que tengan las herramientas necesarias para continuar su formaci\u00f3n educativa sin que los obst\u00e1culos econ\u00f3micos frenen su potencial.<\/div>\n<div><\/div>\n<div>\n\n\t\t<style type=\"text\/css\">\n\t\t\t#gallery-1 {\n\t\t\t\tmargin: auto;\n\t\t\t}\n\t\t\t#gallery-1 .gallery-item {\n\t\t\t\tfloat: left;\n\t\t\t\tmargin-top: 10px;\n\t\t\t\ttext-align: center;\n\t\t\t\twidth: 33%;\n\t\t\t}\n\t\t\t#gallery-1 img {\n\t\t\t\tborder: 2px solid #cfcfcf;\n\t\t\t}\n\t\t\t#gallery-1 .gallery-caption {\n\t\t\t\tmargin-left: 0;\n\t\t\t}\n\t\t\t\/* see gallery_shortcode() in wp-includes\/media.php *\/\n\t\t<\/style>\n\t\t<div id='gallery-1' class='gallery galleryid-49410 gallery-columns-3 gallery-size-thumbnail'><dl class='gallery-item'>\n\t\t\t<dt class='gallery-icon landscape'>\n\t\t\t\t<a href='https:\/\/cuernavaca.gob.mx\/?attachment_id=49411'><img width=\"150\" height=\"150\" src=\"https:\/\/cuernavaca.gob.mx\/wp-content\/uploads\/2025\/04\/CUERNAVACA-ELIGE-A-SUS-SEMIFINALISTAS-PARA-EL-PARLAMENTO-INFANTIL-2025-1-150x150.jpeg\" class=\"attachment-thumbnail size-thumbnail\" alt=\"\" loading=\"lazy\" \/><\/a>\n\t\t\t<\/dt><\/dl><dl class='gallery-item'>\n\t\t\t<dt class='gallery-icon landscape'>\n\t\t\t\t<a href='https:\/\/cuernavaca.gob.mx\/?attachment_id=49412'><img width=\"150\" height=\"150\" src=\"https:\/\/cuernavaca.gob.mx\/wp-content\/uploads\/2025\/04\/CUERNAVACA-ELIGE-A-SUS-SEMIFINALISTAS-PARA-EL-PARLAMENTO-INFANTIL-2025-2-150x150.jpeg\" class=\"attachment-thumbnail size-thumbnail\" alt=\"\" loading=\"lazy\" \/><\/a>\n\t\t\t<\/dt><\/dl><dl class='gallery-item'>\n\t\t\t<dt class='gallery-icon portrait'>\n\t\t\t\t<a href='https:\/\/cuernavaca.gob.mx\/?attachment_id=49413'><img width=\"150\" height=\"150\" src=\"https:\/\/cuernavaca.gob.mx\/wp-content\/uploads\/2025\/04\/CUERNAVACA-ELIGE-A-SUS-SEMIFINALISTAS-PARA-EL-PARLAMENTO-INFANTIL-2025-3-150x150.jpeg\" class=\"attachment-thumbnail size-thumbnail\" alt=\"\" loading=\"lazy\" \/><\/a>\n\t\t\t<\/dt><\/dl><br style=\"clear: both\" \/><dl class='gallery-item'>\n\t\t\t<dt class='gallery-icon landscape'>\n\t\t\t\t<a href='https:\/\/cuernavaca.gob.mx\/?attachment_id=49414'><img width=\"150\" height=\"150\" src=\"https:\/\/cuernavaca.gob.mx\/wp-content\/uploads\/2025\/04\/CUERNAVACA-ELIGE-A-SUS-SEMIFINALISTAS-PARA-EL-PARLAMENTO-INFANTIL-2025-4-150x150.jpeg\" class=\"attachment-thumbnail size-thumbnail\" alt=\"\" loading=\"lazy\" \/><\/a>\n\t\t\t<\/dt><\/dl><dl class='gallery-item'>\n\t\t\t<dt class='gallery-icon landscape'>\n\t\t\t\t<a href='https:\/\/cuernavaca.gob.mx\/?attachment_id=49415'><img width=\"150\" height=\"150\" src=\"https:\/\/cuernavaca.gob.mx\/wp-content\/uploads\/2025\/04\/CUERNAVACA-ELIGE-A-SUS-SEMIFINALISTAS-PARA-EL-PARLAMENTO-INFANTIL-2025-5-150x150.jpeg\" class=\"attachment-thumbnail size-thumbnail\" alt=\"\" loading=\"lazy\" \/><\/a>\n\t\t\t<\/dt><\/dl>\n\t\t\t<br style='clear: both' \/>\n\t\t<\/div>\n\n<\/div>\n","protected":false},"excerpt":{"rendered":"<p>\u2022 Dos ni\u00f1as y dos ni\u00f1os de escuelas de nivel b\u00e1sico fueron seleccionados por regidoras, regidores y funcionarios del Ayuntamiento de Cuernavaca El Ayuntamiento de Cuernavaca contin\u00faa promoviendo la participaci\u00f3n activa de ni\u00f1as y ni\u00f1os cuernavacenses en el desarrollo de su ciudad. En este sentido, dos ni\u00f1as y dos ni\u00f1os de escuelas de nivel b\u00e1sico [&hellip;]<\/p>\n","protected":false},"author":1,"featured_media":49412,"comment_status":"closed","ping_status":"open","sticky":false,"template":"","format":"standard","meta":[],"categories":[3090],"tags":[121,120,206,379,3040,3020,1098,127],"aioseo_notices":[],"_links":{"self":[{"href":"https:\/\/cuernavaca.gob.mx\/index.php?rest_route=\/wp\/v2\/posts\/49410"}],"collection":[{"href":"https:\/\/cuernavaca.gob.mx\/index.php?rest_route=\/wp\/v2\/posts"}],"about":[{"href":"https:\/\/cuernavaca.gob.mx\/index.php?rest_route=\/wp\/v2\/types\/post"}],"author":[{"embeddable":true,"href":"https:\/\/cuernavaca.gob.mx\/index.php?rest_route=\/wp\/v2\/users\/1"}],"replies":[{"embeddable":true,"href":"https:\/\/cuernavaca.gob.mx\/index.php?rest_route=%2Fwp%2Fv2%2Fcomments&post=49410"}],"version-history":[{"count":1,"href":"https:\/\/cuernavaca.gob.mx\/index.php?rest_route=\/wp\/v2\/posts\/49410\/revisions"}],"predecessor-version":[{"id":49416,"href":"https:\/\/cuernavaca.gob.mx\/index.php?rest_route=\/wp\/v2\/posts\/49410\/revisions\/49416"}],"wp:featuredmedia":[{"embeddable":true,"href":"https:\/\/cuernavaca.gob.mx\/index.php?rest_route=\/wp\/v2\/media\/49412"}],"wp:attachment":[{"href":"https:\/\/cuernavaca.gob.mx\/index.php?rest_route=%2Fwp%2Fv2%2Fmedia&parent=49410"}],"wp:term":[{"taxonomy":"category","embeddable":true,"href":"https:\/\/cuernavaca.gob.mx\/index.php?rest_route=%2Fwp%2Fv2%2Fcategories&post=49410"},{"taxonomy":"post_tag","embeddable":true,"href":"https:\/\/cuernavaca.gob.mx\/index.php?rest_route=%2Fwp%2Fv2%2Ftags&post=49410"}],"curies":[{"name":"wp","href":"https:\/\/api.w.org\/{rel}","templated":true}]}}