{"id":49488,"date":"2025-04-10T08:00:32","date_gmt":"2025-04-10T14:00:32","guid":{"rendered":"https:\/\/cuernavaca.gob.mx\/?p=49488"},"modified":"2025-04-10T10:25:49","modified_gmt":"2025-04-10T16:25:49","slug":"b166-10-04-25-cuernavaca-avanza-a-la-ciudad-que-todas-y-todos-merecen-bajo-el-liderazgo-de-jose-luis-uriostegui","status":"publish","type":"post","link":"https:\/\/cuernavaca.gob.mx\/?p=49488","title":{"rendered":"B166 10\/04\/25 CUERNAVACA AVANZA A LA CIUDAD QUE TODAS Y TODOS MERECEN BAJO EL LIDERAZGO DE JOS\u00c9 LUIS URI\u00d3STEGUI"},"content":{"rendered":"<p><strong>* Con un gobierno que tiene una visi\u00f3n de futuro, el Ayuntamiento 2025- 2027 prioriza la mejora continua de la calidad de vida de las y los cuernavaquenses<\/strong><\/p>\n<p>En estos primeros 100 d\u00edas de la administraci\u00f3n municipal 2025- 2027, Cuernavaca contin\u00faa avanzando en la construcci\u00f3n de la ciudad que todas y todos merecen. Bajo el liderazgo de Jos\u00e9 Luis Uri\u00f3stegui Salgado, quien ha hecho historia al convertirse en el primer alcalde reelecto de la capital morelense, hoy se tiene un gobierno con visi\u00f3n de futuro que prioriza la mejora en la calidad de vida de su poblaci\u00f3n a corto, mediano y largo plazo.<\/p>\n<p>Desde su primera administraci\u00f3n, Uri\u00f3stegui Salgado ha demostrado su compromiso con un gobierno honesto y transparente, lo cual ha derivado en inversiones hist\u00f3ricas que siguen atendiendo las necesidades m\u00e1s apremiantes de la ciudadan\u00eda. Gracias a su enfoque en el manejo responsable de los recursos p\u00fablicos, se ha logrado que la confianza ciudadana contin\u00fae respaldando la gesti\u00f3n municipal.<\/p>\n<p>Con una inversi\u00f3n de m\u00e1s de 240 millones de pesos, las obras p\u00fablicas prioritarias de este a\u00f1o se enfocan en rubros como agua potable, drenaje y vialidades, \u00e1reas que hist\u00f3ricamente han presentado retos en la capital morelense. Estos esfuerzos buscan mejorar la calidad de vida de los habitantes y garantizar un desarrollo urbano m\u00e1s ordenado y eficiente.<\/p>\n<p>Uno de los proyectos m\u00e1s destacados es el Programa de Inversi\u00f3n H\u00eddrica 2025, con una inversi\u00f3n de 71 millones de pesos, el cual tiene como objetivo mejorar el acceso del vital l\u00edquido en la ciudad, a trav\u00e9s de la construcci\u00f3n de cinco tanques elevados y la sustituci\u00f3n de m\u00e1s de ocho kil\u00f3metros de tuber\u00edas de l\u00edneas de conducci\u00f3n y distribuci\u00f3n. Estas acciones clave abonan a seguir fortaleciendo un servicio de agua m\u00e1s eficiente y accesible para todas y todos los cuernavaquenses.<\/p>\n<p>Con el impulso del alcalde Jos\u00e9 Luis Uri\u00f3stegui Salgado y el apoyo del Cabildo, se ha dado continuidad al exitoso programa \u201cCuerna-Becas\u201d, que ofrece apoyo econ\u00f3mico a estudiantes de sexto grado de primaria con vulnerabilidad econ\u00f3mica y que se destacan por su excelencia acad\u00e9mica. Este programa tambi\u00e9n apoya el talento deportivo y cultural local, incentivando su desarrollo, tanto a nivel local como nacional e internacional.<\/p>\n<p>Derivado de la confianza ciudadana, la recaudaci\u00f3n municipal sigue incrementando, con 192.6 millones de pesos obtenidos por el concepto de impuesto predial entre enero y febrero, y 71.5 millones de pesos por servicios p\u00fablicos al 26 de febrero, recursos que se regresan a las colonias en forma de obras y servicios de calidad de acuerdo con las necesidades de las y los habitantes.<\/p>\n<p>Con acciones concretas, inversiones estrat\u00e9gicas y un compromiso real con la ciudadan\u00eda, el gobierno de Jos\u00e9 Luis Uri\u00f3stegui Salgado contin\u00faa marcando el rumbo para un futuro pr\u00f3spero y lleno de posibilidades para la capital morelense.<\/p>\n\n\t\t<style type=\"text\/css\">\n\t\t\t#gallery-1 {\n\t\t\t\tmargin: auto;\n\t\t\t}\n\t\t\t#gallery-1 .gallery-item {\n\t\t\t\tfloat: left;\n\t\t\t\tmargin-top: 10px;\n\t\t\t\ttext-align: center;\n\t\t\t\twidth: 33%;\n\t\t\t}\n\t\t\t#gallery-1 img {\n\t\t\t\tborder: 2px solid #cfcfcf;\n\t\t\t}\n\t\t\t#gallery-1 .gallery-caption {\n\t\t\t\tmargin-left: 0;\n\t\t\t}\n\t\t\t\/* see gallery_shortcode() in wp-includes\/media.php *\/\n\t\t<\/style>\n\t\t<div id='gallery-1' class='gallery galleryid-49488 gallery-columns-3 gallery-size-thumbnail'><dl class='gallery-item'>\n\t\t\t<dt class='gallery-icon landscape'>\n\t\t\t\t<a href='https:\/\/cuernavaca.gob.mx\/?attachment_id=49489'><img width=\"150\" height=\"150\" src=\"https:\/\/cuernavaca.gob.mx\/wp-content\/uploads\/2025\/04\/CUERNAVACA-AVANZA-A-LA-CIUDAD-QUE-TODAS-Y-TODOS-MERECEN-BAJO-EL-LIDERAZGO-DE-JOSE-LUIS-URIOSTEGUI-1-150x150.jpeg\" class=\"attachment-thumbnail size-thumbnail\" alt=\"\" loading=\"lazy\" srcset=\"https:\/\/cuernavaca.gob.mx\/wp-content\/uploads\/2025\/04\/CUERNAVACA-AVANZA-A-LA-CIUDAD-QUE-TODAS-Y-TODOS-MERECEN-BAJO-EL-LIDERAZGO-DE-JOSE-LUIS-URIOSTEGUI-1-150x150.jpeg 150w, https:\/\/cuernavaca.gob.mx\/wp-content\/uploads\/2025\/04\/CUERNAVACA-AVANZA-A-LA-CIUDAD-QUE-TODAS-Y-TODOS-MERECEN-BAJO-EL-LIDERAZGO-DE-JOSE-LUIS-URIOSTEGUI-1-300x300.jpeg 300w, https:\/\/cuernavaca.gob.mx\/wp-content\/uploads\/2025\/04\/CUERNAVACA-AVANZA-A-LA-CIUDAD-QUE-TODAS-Y-TODOS-MERECEN-BAJO-EL-LIDERAZGO-DE-JOSE-LUIS-URIOSTEGUI-1-1024x1024.jpeg 1024w, https:\/\/cuernavaca.gob.mx\/wp-content\/uploads\/2025\/04\/CUERNAVACA-AVANZA-A-LA-CIUDAD-QUE-TODAS-Y-TODOS-MERECEN-BAJO-EL-LIDERAZGO-DE-JOSE-LUIS-URIOSTEGUI-1-768x768.jpeg 768w, https:\/\/cuernavaca.gob.mx\/wp-content\/uploads\/2025\/04\/CUERNAVACA-AVANZA-A-LA-CIUDAD-QUE-TODAS-Y-TODOS-MERECEN-BAJO-EL-LIDERAZGO-DE-JOSE-LUIS-URIOSTEGUI-1-1536x1536.jpeg 1536w, https:\/\/cuernavaca.gob.mx\/wp-content\/uploads\/2025\/04\/CUERNAVACA-AVANZA-A-LA-CIUDAD-QUE-TODAS-Y-TODOS-MERECEN-BAJO-EL-LIDERAZGO-DE-JOSE-LUIS-URIOSTEGUI-1-600x600.jpeg 600w, https:\/\/cuernavaca.gob.mx\/wp-content\/uploads\/2025\/04\/CUERNAVACA-AVANZA-A-LA-CIUDAD-QUE-TODAS-Y-TODOS-MERECEN-BAJO-EL-LIDERAZGO-DE-JOSE-LUIS-URIOSTEGUI-1-560x560.jpeg 560w, https:\/\/cuernavaca.gob.mx\/wp-content\/uploads\/2025\/04\/CUERNAVACA-AVANZA-A-LA-CIUDAD-QUE-TODAS-Y-TODOS-MERECEN-BAJO-EL-LIDERAZGO-DE-JOSE-LUIS-URIOSTEGUI-1.jpeg 1600w\" sizes=\"(max-width: 150px) 100vw, 150px\" \/><\/a>\n\t\t\t<\/dt><\/dl><dl class='gallery-item'>\n\t\t\t<dt class='gallery-icon landscape'>\n\t\t\t\t<a href='https:\/\/cuernavaca.gob.mx\/?attachment_id=49490'><img width=\"150\" height=\"150\" src=\"https:\/\/cuernavaca.gob.mx\/wp-content\/uploads\/2025\/04\/CUERNAVACA-AVANZA-A-LA-CIUDAD-QUE-TODAS-Y-TODOS-MERECEN-BAJO-EL-LIDERAZGO-DE-JOSE-LUIS-URIOSTEGUI-2-150x150.jpeg\" class=\"attachment-thumbnail size-thumbnail\" alt=\"\" loading=\"lazy\" srcset=\"https:\/\/cuernavaca.gob.mx\/wp-content\/uploads\/2025\/04\/CUERNAVACA-AVANZA-A-LA-CIUDAD-QUE-TODAS-Y-TODOS-MERECEN-BAJO-EL-LIDERAZGO-DE-JOSE-LUIS-URIOSTEGUI-2-150x150.jpeg 150w, https:\/\/cuernavaca.gob.mx\/wp-content\/uploads\/2025\/04\/CUERNAVACA-AVANZA-A-LA-CIUDAD-QUE-TODAS-Y-TODOS-MERECEN-BAJO-EL-LIDERAZGO-DE-JOSE-LUIS-URIOSTEGUI-2-300x300.jpeg 300w, https:\/\/cuernavaca.gob.mx\/wp-content\/uploads\/2025\/04\/CUERNAVACA-AVANZA-A-LA-CIUDAD-QUE-TODAS-Y-TODOS-MERECEN-BAJO-EL-LIDERAZGO-DE-JOSE-LUIS-URIOSTEGUI-2-1024x1024.jpeg 1024w, https:\/\/cuernavaca.gob.mx\/wp-content\/uploads\/2025\/04\/CUERNAVACA-AVANZA-A-LA-CIUDAD-QUE-TODAS-Y-TODOS-MERECEN-BAJO-EL-LIDERAZGO-DE-JOSE-LUIS-URIOSTEGUI-2-768x768.jpeg 768w, https:\/\/cuernavaca.gob.mx\/wp-content\/uploads\/2025\/04\/CUERNAVACA-AVANZA-A-LA-CIUDAD-QUE-TODAS-Y-TODOS-MERECEN-BAJO-EL-LIDERAZGO-DE-JOSE-LUIS-URIOSTEGUI-2-1536x1536.jpeg 1536w, https:\/\/cuernavaca.gob.mx\/wp-content\/uploads\/2025\/04\/CUERNAVACA-AVANZA-A-LA-CIUDAD-QUE-TODAS-Y-TODOS-MERECEN-BAJO-EL-LIDERAZGO-DE-JOSE-LUIS-URIOSTEGUI-2-600x600.jpeg 600w, https:\/\/cuernavaca.gob.mx\/wp-content\/uploads\/2025\/04\/CUERNAVACA-AVANZA-A-LA-CIUDAD-QUE-TODAS-Y-TODOS-MERECEN-BAJO-EL-LIDERAZGO-DE-JOSE-LUIS-URIOSTEGUI-2-560x560.jpeg 560w, https:\/\/cuernavaca.gob.mx\/wp-content\/uploads\/2025\/04\/CUERNAVACA-AVANZA-A-LA-CIUDAD-QUE-TODAS-Y-TODOS-MERECEN-BAJO-EL-LIDERAZGO-DE-JOSE-LUIS-URIOSTEGUI-2.jpeg 1600w\" sizes=\"(max-width: 150px) 100vw, 150px\" \/><\/a>\n\t\t\t<\/dt><\/dl><dl class='gallery-item'>\n\t\t\t<dt class='gallery-icon landscape'>\n\t\t\t\t<a href='https:\/\/cuernavaca.gob.mx\/?attachment_id=49491'><img width=\"150\" height=\"150\" src=\"https:\/\/cuernavaca.gob.mx\/wp-content\/uploads\/2025\/04\/CUERNAVACA-AVANZA-A-LA-CIUDAD-QUE-TODAS-Y-TODOS-MERECEN-BAJO-EL-LIDERAZGO-DE-JOSE-LUIS-URIOSTEGUI-3-150x150.jpeg\" class=\"attachment-thumbnail size-thumbnail\" alt=\"\" loading=\"lazy\" srcset=\"https:\/\/cuernavaca.gob.mx\/wp-content\/uploads\/2025\/04\/CUERNAVACA-AVANZA-A-LA-CIUDAD-QUE-TODAS-Y-TODOS-MERECEN-BAJO-EL-LIDERAZGO-DE-JOSE-LUIS-URIOSTEGUI-3-150x150.jpeg 150w, https:\/\/cuernavaca.gob.mx\/wp-content\/uploads\/2025\/04\/CUERNAVACA-AVANZA-A-LA-CIUDAD-QUE-TODAS-Y-TODOS-MERECEN-BAJO-EL-LIDERAZGO-DE-JOSE-LUIS-URIOSTEGUI-3-300x300.jpeg 300w, https:\/\/cuernavaca.gob.mx\/wp-content\/uploads\/2025\/04\/CUERNAVACA-AVANZA-A-LA-CIUDAD-QUE-TODAS-Y-TODOS-MERECEN-BAJO-EL-LIDERAZGO-DE-JOSE-LUIS-URIOSTEGUI-3-1024x1024.jpeg 1024w, https:\/\/cuernavaca.gob.mx\/wp-content\/uploads\/2025\/04\/CUERNAVACA-AVANZA-A-LA-CIUDAD-QUE-TODAS-Y-TODOS-MERECEN-BAJO-EL-LIDERAZGO-DE-JOSE-LUIS-URIOSTEGUI-3-768x768.jpeg 768w, https:\/\/cuernavaca.gob.mx\/wp-content\/uploads\/2025\/04\/CUERNAVACA-AVANZA-A-LA-CIUDAD-QUE-TODAS-Y-TODOS-MERECEN-BAJO-EL-LIDERAZGO-DE-JOSE-LUIS-URIOSTEGUI-3-1536x1536.jpeg 1536w, https:\/\/cuernavaca.gob.mx\/wp-content\/uploads\/2025\/04\/CUERNAVACA-AVANZA-A-LA-CIUDAD-QUE-TODAS-Y-TODOS-MERECEN-BAJO-EL-LIDERAZGO-DE-JOSE-LUIS-URIOSTEGUI-3-600x600.jpeg 600w, https:\/\/cuernavaca.gob.mx\/wp-content\/uploads\/2025\/04\/CUERNAVACA-AVANZA-A-LA-CIUDAD-QUE-TODAS-Y-TODOS-MERECEN-BAJO-EL-LIDERAZGO-DE-JOSE-LUIS-URIOSTEGUI-3-560x560.jpeg 560w, https:\/\/cuernavaca.gob.mx\/wp-content\/uploads\/2025\/04\/CUERNAVACA-AVANZA-A-LA-CIUDAD-QUE-TODAS-Y-TODOS-MERECEN-BAJO-EL-LIDERAZGO-DE-JOSE-LUIS-URIOSTEGUI-3.jpeg 1600w\" sizes=\"(max-width: 150px) 100vw, 150px\" \/><\/a>\n\t\t\t<\/dt><\/dl><br style=\"clear: both\" \/><dl class='gallery-item'>\n\t\t\t<dt class='gallery-icon landscape'>\n\t\t\t\t<a href='https:\/\/cuernavaca.gob.mx\/?attachment_id=49492'><img width=\"150\" height=\"150\" src=\"https:\/\/cuernavaca.gob.mx\/wp-content\/uploads\/2025\/04\/CUERNAVACA-AVANZA-A-LA-CIUDAD-QUE-TODAS-Y-TODOS-MERECEN-BAJO-EL-LIDERAZGO-DE-JOSE-LUIS-URIOSTEGUI-4-150x150.jpeg\" class=\"attachment-thumbnail size-thumbnail\" alt=\"\" loading=\"lazy\" srcset=\"https:\/\/cuernavaca.gob.mx\/wp-content\/uploads\/2025\/04\/CUERNAVACA-AVANZA-A-LA-CIUDAD-QUE-TODAS-Y-TODOS-MERECEN-BAJO-EL-LIDERAZGO-DE-JOSE-LUIS-URIOSTEGUI-4-150x150.jpeg 150w, https:\/\/cuernavaca.gob.mx\/wp-content\/uploads\/2025\/04\/CUERNAVACA-AVANZA-A-LA-CIUDAD-QUE-TODAS-Y-TODOS-MERECEN-BAJO-EL-LIDERAZGO-DE-JOSE-LUIS-URIOSTEGUI-4-300x300.jpeg 300w, https:\/\/cuernavaca.gob.mx\/wp-content\/uploads\/2025\/04\/CUERNAVACA-AVANZA-A-LA-CIUDAD-QUE-TODAS-Y-TODOS-MERECEN-BAJO-EL-LIDERAZGO-DE-JOSE-LUIS-URIOSTEGUI-4-1024x1024.jpeg 1024w, https:\/\/cuernavaca.gob.mx\/wp-content\/uploads\/2025\/04\/CUERNAVACA-AVANZA-A-LA-CIUDAD-QUE-TODAS-Y-TODOS-MERECEN-BAJO-EL-LIDERAZGO-DE-JOSE-LUIS-URIOSTEGUI-4-768x768.jpeg 768w, https:\/\/cuernavaca.gob.mx\/wp-content\/uploads\/2025\/04\/CUERNAVACA-AVANZA-A-LA-CIUDAD-QUE-TODAS-Y-TODOS-MERECEN-BAJO-EL-LIDERAZGO-DE-JOSE-LUIS-URIOSTEGUI-4-1536x1536.jpeg 1536w, https:\/\/cuernavaca.gob.mx\/wp-content\/uploads\/2025\/04\/CUERNAVACA-AVANZA-A-LA-CIUDAD-QUE-TODAS-Y-TODOS-MERECEN-BAJO-EL-LIDERAZGO-DE-JOSE-LUIS-URIOSTEGUI-4-600x600.jpeg 600w, https:\/\/cuernavaca.gob.mx\/wp-content\/uploads\/2025\/04\/CUERNAVACA-AVANZA-A-LA-CIUDAD-QUE-TODAS-Y-TODOS-MERECEN-BAJO-EL-LIDERAZGO-DE-JOSE-LUIS-URIOSTEGUI-4-560x560.jpeg 560w, https:\/\/cuernavaca.gob.mx\/wp-content\/uploads\/2025\/04\/CUERNAVACA-AVANZA-A-LA-CIUDAD-QUE-TODAS-Y-TODOS-MERECEN-BAJO-EL-LIDERAZGO-DE-JOSE-LUIS-URIOSTEGUI-4.jpeg 1600w\" sizes=\"(max-width: 150px) 100vw, 150px\" \/><\/a>\n\t\t\t<\/dt><\/dl>\n\t\t\t<br style='clear: both' \/>\n\t\t<\/div>\n\n","protected":false},"excerpt":{"rendered":"<p>* Con un gobierno que tiene una visi\u00f3n de futuro, el Ayuntamiento 2025- 2027 prioriza la mejora continua de la calidad de vida de las y los cuernavaquenses En estos primeros 100 d\u00edas de la administraci\u00f3n municipal 2025- 2027, Cuernavaca contin\u00faa avanzando en la construcci\u00f3n de la ciudad que todas y todos merecen. Bajo el [&hellip;]<\/p>\n","protected":false},"author":1,"featured_media":49491,"comment_status":"closed","ping_status":"open","sticky":false,"template":"","format":"standard","meta":[],"categories":[20],"tags":[300,368,2662,916,121,1929,301,120,2739,206,127,369,372],"aioseo_notices":[],"_links":{"self":[{"href":"https:\/\/cuernavaca.gob.mx\/index.php?rest_route=\/wp\/v2\/posts\/49488"}],"collection":[{"href":"https:\/\/cuernavaca.gob.mx\/index.php?rest_route=\/wp\/v2\/posts"}],"about":[{"href":"https:\/\/cuernavaca.gob.mx\/index.php?rest_route=\/wp\/v2\/types\/post"}],"author":[{"embeddable":true,"href":"https:\/\/cuernavaca.gob.mx\/index.php?rest_route=\/wp\/v2\/users\/1"}],"replies":[{"embeddable":true,"href":"https:\/\/cuernavaca.gob.mx\/index.php?rest_route=%2Fwp%2Fv2%2Fcomments&post=49488"}],"version-history":[{"count":1,"href":"https:\/\/cuernavaca.gob.mx\/index.php?rest_route=\/wp\/v2\/posts\/49488\/revisions"}],"predecessor-version":[{"id":49493,"href":"https:\/\/cuernavaca.gob.mx\/index.php?rest_route=\/wp\/v2\/posts\/49488\/revisions\/49493"}],"wp:featuredmedia":[{"embeddable":true,"href":"https:\/\/cuernavaca.gob.mx\/index.php?rest_route=\/wp\/v2\/media\/49491"}],"wp:attachment":[{"href":"https:\/\/cuernavaca.gob.mx\/index.php?rest_route=%2Fwp%2Fv2%2Fmedia&parent=49488"}],"wp:term":[{"taxonomy":"category","embeddable":true,"href":"https:\/\/cuernavaca.gob.mx\/index.php?rest_route=%2Fwp%2Fv2%2Fcategories&post=49488"},{"taxonomy":"post_tag","embeddable":true,"href":"https:\/\/cuernavaca.gob.mx\/index.php?rest_route=%2Fwp%2Fv2%2Ftags&post=49488"}],"curies":[{"name":"wp","href":"https:\/\/api.w.org\/{rel}","templated":true}]}}