{"id":49494,"date":"2025-04-10T10:00:21","date_gmt":"2025-04-10T16:00:21","guid":{"rendered":"https:\/\/cuernavaca.gob.mx\/?p=49494"},"modified":"2025-04-10T10:38:07","modified_gmt":"2025-04-10T16:38:07","slug":"b167-10-04-25-feria-de-la-primavera-cuernavaca-2025-con-nueva-tematica-ganadera","status":"publish","type":"post","link":"https:\/\/cuernavaca.gob.mx\/?p=49494","title":{"rendered":"B167 10\/04\/25 FERIA DE LA PRIMAVERA CUERNAVACA 2025 CON NUEVA TEM\u00c1TICA GANADERA"},"content":{"rendered":"<div><strong>\u2022 Del 11 al 20 de abril, el Ayuntamiento de Cuernavaca invita a disfrutar de exposiciones florales, presentaciones musicales, espect\u00e1culos ecuestres y juegos mec\u00e1nicos<\/strong><\/div>\n<div><\/div>\n<div>El Ayuntamiento de Cuernavaca, a trav\u00e9s de la Secretar\u00eda de Desarrollo Econ\u00f3mico y Turismo, llevar\u00e1 a cabo del 11 al 20 de abril de 2025, la tradicional Feria de la Primavera en el H\u00edpico Vista Hermosa. Este evento tiene como prop\u00f3sito resaltar la riqueza cultural, agropecuaria y ganadera de la regi\u00f3n, consolid\u00e1ndose como uno de los principales atractivos para los residentes y turistas.<\/div>\n<div><\/div>\n<div>Este a\u00f1o, la Feria de la Primavera incorpora una tem\u00e1tica ganadera, lo que permitir\u00e1 a los asistentes disfrutar de exhibiciones de caballos y jaripeos, actividades que resaltan la tradici\u00f3n ganadera de Cuernavaca. Adem\u00e1s, se han programado una serie de actividades culturales y recreativas para toda la familia, entre ellas: exposiciones florales, juegos mec\u00e1nicos, presentaciones musicales y espect\u00e1culos ecuestres.<\/div>\n<div><\/div>\n<div>En su compromiso por ofrecer un ambiente seguro y familiar, se ha decidido restringir la venta de bebidas alcoh\u00f3licas dentro del recinto ferial, por lo cual \u00fanicamente se estar\u00e1n comercializando al interior de los restaurantes, priorizando as\u00ed el bienestar de los asistentes y garantizando un entorno adecuado para todos los p\u00fablicos.<\/div>\n<div><\/div>\n<div>Con eventos como La Feria de la Primavera 2025, el Ayuntamiento de Cuernavaca, bajo el liderazgo del presidente municipal Jos\u00e9 Luis Uri\u00f3stegui Salgado, reafirma su compromiso con el fortalecimiento de la cultura local y la dinamizaci\u00f3n de la econom\u00eda regional. Estas celebraciones, adem\u00e1s de honrar nuestras tradiciones, juegan un papel fundamental en el desarrollo de los sectores productivos de la ciudad.<\/div>\n<div>\n\n\t\t<style type=\"text\/css\">\n\t\t\t#gallery-1 {\n\t\t\t\tmargin: auto;\n\t\t\t}\n\t\t\t#gallery-1 .gallery-item {\n\t\t\t\tfloat: left;\n\t\t\t\tmargin-top: 10px;\n\t\t\t\ttext-align: center;\n\t\t\t\twidth: 33%;\n\t\t\t}\n\t\t\t#gallery-1 img {\n\t\t\t\tborder: 2px solid #cfcfcf;\n\t\t\t}\n\t\t\t#gallery-1 .gallery-caption {\n\t\t\t\tmargin-left: 0;\n\t\t\t}\n\t\t\t\/* see gallery_shortcode() in wp-includes\/media.php *\/\n\t\t<\/style>\n\t\t<div id='gallery-1' class='gallery galleryid-49494 gallery-columns-3 gallery-size-thumbnail'><dl class='gallery-item'>\n\t\t\t<dt class='gallery-icon landscape'>\n\t\t\t\t<a href='https:\/\/cuernavaca.gob.mx\/?attachment_id=49495'><img width=\"150\" height=\"150\" src=\"https:\/\/cuernavaca.gob.mx\/wp-content\/uploads\/2025\/04\/FERIA-DE-LA-PRIMAVERA-CUERNAVACA-2025-CON-NUEVA-TEMATICA-GANADERA-150x150.jpeg\" class=\"attachment-thumbnail size-thumbnail\" alt=\"\" loading=\"lazy\" srcset=\"https:\/\/cuernavaca.gob.mx\/wp-content\/uploads\/2025\/04\/FERIA-DE-LA-PRIMAVERA-CUERNAVACA-2025-CON-NUEVA-TEMATICA-GANADERA-150x150.jpeg 150w, https:\/\/cuernavaca.gob.mx\/wp-content\/uploads\/2025\/04\/FERIA-DE-LA-PRIMAVERA-CUERNAVACA-2025-CON-NUEVA-TEMATICA-GANADERA-300x300.jpeg 300w, https:\/\/cuernavaca.gob.mx\/wp-content\/uploads\/2025\/04\/FERIA-DE-LA-PRIMAVERA-CUERNAVACA-2025-CON-NUEVA-TEMATICA-GANADERA-1024x1024.jpeg 1024w, https:\/\/cuernavaca.gob.mx\/wp-content\/uploads\/2025\/04\/FERIA-DE-LA-PRIMAVERA-CUERNAVACA-2025-CON-NUEVA-TEMATICA-GANADERA-768x768.jpeg 768w, https:\/\/cuernavaca.gob.mx\/wp-content\/uploads\/2025\/04\/FERIA-DE-LA-PRIMAVERA-CUERNAVACA-2025-CON-NUEVA-TEMATICA-GANADERA-1536x1536.jpeg 1536w, https:\/\/cuernavaca.gob.mx\/wp-content\/uploads\/2025\/04\/FERIA-DE-LA-PRIMAVERA-CUERNAVACA-2025-CON-NUEVA-TEMATICA-GANADERA-600x600.jpeg 600w, https:\/\/cuernavaca.gob.mx\/wp-content\/uploads\/2025\/04\/FERIA-DE-LA-PRIMAVERA-CUERNAVACA-2025-CON-NUEVA-TEMATICA-GANADERA-560x560.jpeg 560w, https:\/\/cuernavaca.gob.mx\/wp-content\/uploads\/2025\/04\/FERIA-DE-LA-PRIMAVERA-CUERNAVACA-2025-CON-NUEVA-TEMATICA-GANADERA.jpeg 1600w\" sizes=\"(max-width: 150px) 100vw, 150px\" \/><\/a>\n\t\t\t<\/dt><\/dl>\n\t\t\t<br style='clear: both' \/>\n\t\t<\/div>\n\n<\/div>\n","protected":false},"excerpt":{"rendered":"<p>\u2022 Del 11 al 20 de abril, el Ayuntamiento de Cuernavaca invita a disfrutar de exposiciones florales, presentaciones musicales, espect\u00e1culos ecuestres y juegos mec\u00e1nicos El Ayuntamiento de Cuernavaca, a trav\u00e9s de la Secretar\u00eda de Desarrollo Econ\u00f3mico y Turismo, llevar\u00e1 a cabo del 11 al 20 de abril de 2025, la tradicional Feria de la Primavera [&hellip;]<\/p>\n","protected":false},"author":1,"featured_media":49495,"comment_status":"closed","ping_status":"open","sticky":false,"template":"","format":"standard","meta":[],"categories":[21],"tags":[121,1922,2337,413,120,206,127,411,1375],"aioseo_notices":[],"_links":{"self":[{"href":"https:\/\/cuernavaca.gob.mx\/index.php?rest_route=\/wp\/v2\/posts\/49494"}],"collection":[{"href":"https:\/\/cuernavaca.gob.mx\/index.php?rest_route=\/wp\/v2\/posts"}],"about":[{"href":"https:\/\/cuernavaca.gob.mx\/index.php?rest_route=\/wp\/v2\/types\/post"}],"author":[{"embeddable":true,"href":"https:\/\/cuernavaca.gob.mx\/index.php?rest_route=\/wp\/v2\/users\/1"}],"replies":[{"embeddable":true,"href":"https:\/\/cuernavaca.gob.mx\/index.php?rest_route=%2Fwp%2Fv2%2Fcomments&post=49494"}],"version-history":[{"count":2,"href":"https:\/\/cuernavaca.gob.mx\/index.php?rest_route=\/wp\/v2\/posts\/49494\/revisions"}],"predecessor-version":[{"id":49497,"href":"https:\/\/cuernavaca.gob.mx\/index.php?rest_route=\/wp\/v2\/posts\/49494\/revisions\/49497"}],"wp:featuredmedia":[{"embeddable":true,"href":"https:\/\/cuernavaca.gob.mx\/index.php?rest_route=\/wp\/v2\/media\/49495"}],"wp:attachment":[{"href":"https:\/\/cuernavaca.gob.mx\/index.php?rest_route=%2Fwp%2Fv2%2Fmedia&parent=49494"}],"wp:term":[{"taxonomy":"category","embeddable":true,"href":"https:\/\/cuernavaca.gob.mx\/index.php?rest_route=%2Fwp%2Fv2%2Fcategories&post=49494"},{"taxonomy":"post_tag","embeddable":true,"href":"https:\/\/cuernavaca.gob.mx\/index.php?rest_route=%2Fwp%2Fv2%2Ftags&post=49494"}],"curies":[{"name":"wp","href":"https:\/\/api.w.org\/{rel}","templated":true}]}}