{"id":49498,"date":"2025-04-11T08:05:25","date_gmt":"2025-04-11T14:05:25","guid":{"rendered":"https:\/\/cuernavaca.gob.mx\/?p=49498"},"modified":"2025-04-11T10:17:30","modified_gmt":"2025-04-11T16:17:30","slug":"b168-11-04-25-en-los-primeros-100-dias-el-dif-cuernavaca-fortalece-la-construccion-de-una-cuernavaca-mas-inclusiva","status":"publish","type":"post","link":"https:\/\/cuernavaca.gob.mx\/?p=49498","title":{"rendered":"B168 11\/04\/25 EN LOS PRIMEROS 100 D\u00cdAS, EL DIF CUERNAVACA FORTALECE LA CONSTRUCCI\u00d3N DE UNA CUERNAVACA M\u00c1S INCLUSIVA"},"content":{"rendered":"<p><strong>* Con el liderazgo de Luz Mar\u00eda Zagal Guzm\u00e1n, el Sistema DIF Cuernavaca ha reducido las desigualdades, promoviendo el desarrollo integral de los grupos en situaci\u00f3n de vulnerabilidad.<\/strong><\/p>\n<p>En los primeros 100 d\u00edas de la administraci\u00f3n municipal, el Sistema Municipal DIF Cuernavaca, encabezado por Luz Mar\u00eda Zagal Guzm\u00e1n, ha trabajado con dedicaci\u00f3n para construir una ciudad socialmente m\u00e1s inclusiva. A trav\u00e9s de diversas acciones y programas, se han impulsado iniciativas que buscan reducir las desigualdades y promover el desarrollo integral de los grupos en situaci\u00f3n de vulnerabilidad.<\/p>\n<p>Con 21 Jornadas de Salud, modelo de atenci\u00f3n itinerante, se han proporcionado m\u00e1s de tres mil 918 servicios m\u00e9dicos asistenciales en diferentes colonias de la capital morelense. En atenci\u00f3n a las necesidades de la poblaci\u00f3n con alguna discapacidad, en un evento realizado el 14 de febrero en la explanada del Ayuntamiento de Cuernavaca, se entregaron cien aparatos auditivos a ni\u00f1as, ni\u00f1os, adolescentes y adultos, ayud\u00e1ndolos a recuperar su capacidad de escucha, confianza y calidad de vida.<\/p>\n<p>La Unidad B\u00e1sica de Rehabilitaci\u00f3n, que reactiv\u00f3 el DIF Cuernavaca en la pasada administraci\u00f3n del alcalde Jos\u00e9 Luis Uri\u00f3stegui Salgado, se ha consolidado como un espacio clave para la atenci\u00f3n de personas con discapacidad temporal o permanente, ofreciendo 1 mil 812 servicios esenciales de rehabilitaci\u00f3n a la poblaci\u00f3n que han incluido hidroterapia en el reci\u00e9n inaugurado tanque terap\u00e9utico, siendo una de las pocas unidades en el Estado de Morelos en contar con este tipo de \u00e1reas.<\/p>\n<p>Bajo el liderazgo de Luz Mar\u00eda Zagal Guzm\u00e1n, se han proporcionado un total de 175 ayudas funcionales y t\u00e9cnicas, consistentes en sillas de ruedas, andaderas, bastones, muletas, lentes y descuentos de gratuidad. Las ayudas tambi\u00e9n incluyeron la entrega de despensas, que fueron distribuidas de manera puntual en una sola ocasi\u00f3n a las familias m\u00e1s necesitadas.<\/p>\n<p>Uno de los mayores logros del DIF Cuernavaca fue la reactivaci\u00f3n de la Casa de D\u00eda para el Adulto Mayor. Esta iniciativa ha permitido que, de manera itinerante, 80 adultos mayores participen activamente en diversas actividades l\u00fadicas, culturales y de destreza. Se han brindado servicios a 218 usuarios, con el objetivo de fomentar el envejecimiento activo y el bienestar emocional de los adultos mayores.<\/p>\n<p>Con el prop\u00f3sito de otorgar certeza jur\u00eddica a las parejas y consolidar el n\u00facleo b\u00e1sico de la sociedad, en estos 100 d\u00edas, el Sistema DIF Cuernavaca realiz\u00f3 la primera campa\u00f1a de matrimonios colectivos bajo el lema &#8220;S\u00ed, acepto&#8221;, beneficiando a 135 parejas que se sumaron a las 682 que del a\u00f1o 2022 a la fecha han formalizado su uni\u00f3n legalmente.<\/p>\n<p>Desde una perspectiva de derechos humanos, se impuls\u00f3 la creaci\u00f3n de dos Salas de Lactancia en la sede Papagayo del Ayuntamiento y en el Parque Luis Donaldo Colosio. Estas salas han brindado un espacio c\u00f3modo, seguro y limpio a 512 personas, permiti\u00e9ndoles ejercer su maternidad de manera libre y respetuosa. De 2022 a 2024 se brind\u00f3 atenci\u00f3n a dos mil 932 personas.<\/p>\n<p>Para fomentar la participaci\u00f3n de ni\u00f1as, ni\u00f1os y adolescentes en la toma de decisiones municipales, organizaron el primer &#8220;Cabildo Infantil 2025&#8221;, espacio que permiti\u00f3 que los menores discutieran temas relevantes y propusieran ideas para mejorar su entorno, lo cual les permiti\u00f3 intervenir directamente en asuntos relevantes, reforzando su comprensi\u00f3n sobre la importancia de estos derechos y valores en su comunidad.<\/p>\n<p>Asimismo, como parte del fortalecimiento del tejido social, el pasado 6 de enero se celebr\u00f3 el D\u00eda de Reyes Magos con un evento en el Ayuntamiento, donde, gracias al esfuerzo institucional y al apoyo ciudadano, se entregaron m\u00e1s de 10 mil juguetes a ni\u00f1as y ni\u00f1os de diversas colonias del municipio. De igual forma, se comparti\u00f3 la tradicional rosca de reyes acompa\u00f1ada de chocolate, creando un momento especial para las familias.<\/p>\n<p>Estos primeros 100 d\u00edas son solo el comienzo del compromiso del Sistema Municipal DIF Cuernavaca para seguir trabajando por una ciudad m\u00e1s inclusiva, donde todos los sectores de la poblaci\u00f3n encuentren apoyo y oportunidades para su desarrollo integral.<\/p>\n\n\t\t<style type=\"text\/css\">\n\t\t\t#gallery-1 {\n\t\t\t\tmargin: auto;\n\t\t\t}\n\t\t\t#gallery-1 .gallery-item {\n\t\t\t\tfloat: left;\n\t\t\t\tmargin-top: 10px;\n\t\t\t\ttext-align: center;\n\t\t\t\twidth: 33%;\n\t\t\t}\n\t\t\t#gallery-1 img {\n\t\t\t\tborder: 2px solid #cfcfcf;\n\t\t\t}\n\t\t\t#gallery-1 .gallery-caption {\n\t\t\t\tmargin-left: 0;\n\t\t\t}\n\t\t\t\/* see gallery_shortcode() in wp-includes\/media.php *\/\n\t\t<\/style>\n\t\t<div id='gallery-1' class='gallery galleryid-49498 gallery-columns-3 gallery-size-thumbnail'><dl class='gallery-item'>\n\t\t\t<dt class='gallery-icon landscape'>\n\t\t\t\t<a href='https:\/\/cuernavaca.gob.mx\/?attachment_id=49500'><img width=\"150\" height=\"150\" src=\"https:\/\/cuernavaca.gob.mx\/wp-content\/uploads\/2025\/04\/EN-LOS-PRIMEROS-100-DI\u0301AS-EL-DIF-CUERNAVACA-FORTALECE-LA-CONSTRUCCIO\u0301N-DE-UNA-CUERNAVACA-MA\u0301S-INCLUSIVA-1-150x150.jpg\" class=\"attachment-thumbnail size-thumbnail\" alt=\"\" loading=\"lazy\" srcset=\"https:\/\/cuernavaca.gob.mx\/wp-content\/uploads\/2025\/04\/EN-LOS-PRIMEROS-100-DI\u0301AS-EL-DIF-CUERNAVACA-FORTALECE-LA-CONSTRUCCIO\u0301N-DE-UNA-CUERNAVACA-MA\u0301S-INCLUSIVA-1-150x150.jpg 150w, https:\/\/cuernavaca.gob.mx\/wp-content\/uploads\/2025\/04\/EN-LOS-PRIMEROS-100-DI\u0301AS-EL-DIF-CUERNAVACA-FORTALECE-LA-CONSTRUCCIO\u0301N-DE-UNA-CUERNAVACA-MA\u0301S-INCLUSIVA-1-300x300.jpg 300w, https:\/\/cuernavaca.gob.mx\/wp-content\/uploads\/2025\/04\/EN-LOS-PRIMEROS-100-DI\u0301AS-EL-DIF-CUERNAVACA-FORTALECE-LA-CONSTRUCCIO\u0301N-DE-UNA-CUERNAVACA-MA\u0301S-INCLUSIVA-1-1024x1024.jpg 1024w, https:\/\/cuernavaca.gob.mx\/wp-content\/uploads\/2025\/04\/EN-LOS-PRIMEROS-100-DI\u0301AS-EL-DIF-CUERNAVACA-FORTALECE-LA-CONSTRUCCIO\u0301N-DE-UNA-CUERNAVACA-MA\u0301S-INCLUSIVA-1-768x768.jpg 768w, https:\/\/cuernavaca.gob.mx\/wp-content\/uploads\/2025\/04\/EN-LOS-PRIMEROS-100-DI\u0301AS-EL-DIF-CUERNAVACA-FORTALECE-LA-CONSTRUCCIO\u0301N-DE-UNA-CUERNAVACA-MA\u0301S-INCLUSIVA-1-600x600.jpg 600w, https:\/\/cuernavaca.gob.mx\/wp-content\/uploads\/2025\/04\/EN-LOS-PRIMEROS-100-DI\u0301AS-EL-DIF-CUERNAVACA-FORTALECE-LA-CONSTRUCCIO\u0301N-DE-UNA-CUERNAVACA-MA\u0301S-INCLUSIVA-1-560x560.jpg 560w, https:\/\/cuernavaca.gob.mx\/wp-content\/uploads\/2025\/04\/EN-LOS-PRIMEROS-100-DI\u0301AS-EL-DIF-CUERNAVACA-FORTALECE-LA-CONSTRUCCIO\u0301N-DE-UNA-CUERNAVACA-MA\u0301S-INCLUSIVA-1.jpg 1080w\" sizes=\"(max-width: 150px) 100vw, 150px\" \/><\/a>\n\t\t\t<\/dt><\/dl><dl class='gallery-item'>\n\t\t\t<dt class='gallery-icon landscape'>\n\t\t\t\t<a href='https:\/\/cuernavaca.gob.mx\/?attachment_id=49501'><img width=\"150\" height=\"150\" src=\"https:\/\/cuernavaca.gob.mx\/wp-content\/uploads\/2025\/04\/EN-LOS-PRIMEROS-100-DI\u0301AS-EL-DIF-CUERNAVACA-FORTALECE-LA-CONSTRUCCIO\u0301N-DE-UNA-CUERNAVACA-MA\u0301S-INCLUSIVA-2-150x150.jpg\" class=\"attachment-thumbnail size-thumbnail\" alt=\"\" loading=\"lazy\" srcset=\"https:\/\/cuernavaca.gob.mx\/wp-content\/uploads\/2025\/04\/EN-LOS-PRIMEROS-100-DI\u0301AS-EL-DIF-CUERNAVACA-FORTALECE-LA-CONSTRUCCIO\u0301N-DE-UNA-CUERNAVACA-MA\u0301S-INCLUSIVA-2-150x150.jpg 150w, https:\/\/cuernavaca.gob.mx\/wp-content\/uploads\/2025\/04\/EN-LOS-PRIMEROS-100-DI\u0301AS-EL-DIF-CUERNAVACA-FORTALECE-LA-CONSTRUCCIO\u0301N-DE-UNA-CUERNAVACA-MA\u0301S-INCLUSIVA-2-300x300.jpg 300w, https:\/\/cuernavaca.gob.mx\/wp-content\/uploads\/2025\/04\/EN-LOS-PRIMEROS-100-DI\u0301AS-EL-DIF-CUERNAVACA-FORTALECE-LA-CONSTRUCCIO\u0301N-DE-UNA-CUERNAVACA-MA\u0301S-INCLUSIVA-2-1024x1024.jpg 1024w, https:\/\/cuernavaca.gob.mx\/wp-content\/uploads\/2025\/04\/EN-LOS-PRIMEROS-100-DI\u0301AS-EL-DIF-CUERNAVACA-FORTALECE-LA-CONSTRUCCIO\u0301N-DE-UNA-CUERNAVACA-MA\u0301S-INCLUSIVA-2-768x768.jpg 768w, https:\/\/cuernavaca.gob.mx\/wp-content\/uploads\/2025\/04\/EN-LOS-PRIMEROS-100-DI\u0301AS-EL-DIF-CUERNAVACA-FORTALECE-LA-CONSTRUCCIO\u0301N-DE-UNA-CUERNAVACA-MA\u0301S-INCLUSIVA-2-600x600.jpg 600w, https:\/\/cuernavaca.gob.mx\/wp-content\/uploads\/2025\/04\/EN-LOS-PRIMEROS-100-DI\u0301AS-EL-DIF-CUERNAVACA-FORTALECE-LA-CONSTRUCCIO\u0301N-DE-UNA-CUERNAVACA-MA\u0301S-INCLUSIVA-2-560x560.jpg 560w, https:\/\/cuernavaca.gob.mx\/wp-content\/uploads\/2025\/04\/EN-LOS-PRIMEROS-100-DI\u0301AS-EL-DIF-CUERNAVACA-FORTALECE-LA-CONSTRUCCIO\u0301N-DE-UNA-CUERNAVACA-MA\u0301S-INCLUSIVA-2.jpg 1080w\" sizes=\"(max-width: 150px) 100vw, 150px\" \/><\/a>\n\t\t\t<\/dt><\/dl><dl class='gallery-item'>\n\t\t\t<dt class='gallery-icon landscape'>\n\t\t\t\t<a href='https:\/\/cuernavaca.gob.mx\/?attachment_id=49502'><img width=\"150\" height=\"150\" src=\"https:\/\/cuernavaca.gob.mx\/wp-content\/uploads\/2025\/04\/EN-LOS-PRIMEROS-100-DI\u0301AS-EL-DIF-CUERNAVACA-FORTALECE-LA-CONSTRUCCIO\u0301N-DE-UNA-CUERNAVACA-MA\u0301S-INCLUSIVA-3-150x150.jpg\" class=\"attachment-thumbnail size-thumbnail\" alt=\"\" loading=\"lazy\" srcset=\"https:\/\/cuernavaca.gob.mx\/wp-content\/uploads\/2025\/04\/EN-LOS-PRIMEROS-100-DI\u0301AS-EL-DIF-CUERNAVACA-FORTALECE-LA-CONSTRUCCIO\u0301N-DE-UNA-CUERNAVACA-MA\u0301S-INCLUSIVA-3-150x150.jpg 150w, https:\/\/cuernavaca.gob.mx\/wp-content\/uploads\/2025\/04\/EN-LOS-PRIMEROS-100-DI\u0301AS-EL-DIF-CUERNAVACA-FORTALECE-LA-CONSTRUCCIO\u0301N-DE-UNA-CUERNAVACA-MA\u0301S-INCLUSIVA-3-300x300.jpg 300w, https:\/\/cuernavaca.gob.mx\/wp-content\/uploads\/2025\/04\/EN-LOS-PRIMEROS-100-DI\u0301AS-EL-DIF-CUERNAVACA-FORTALECE-LA-CONSTRUCCIO\u0301N-DE-UNA-CUERNAVACA-MA\u0301S-INCLUSIVA-3-1024x1024.jpg 1024w, https:\/\/cuernavaca.gob.mx\/wp-content\/uploads\/2025\/04\/EN-LOS-PRIMEROS-100-DI\u0301AS-EL-DIF-CUERNAVACA-FORTALECE-LA-CONSTRUCCIO\u0301N-DE-UNA-CUERNAVACA-MA\u0301S-INCLUSIVA-3-768x768.jpg 768w, https:\/\/cuernavaca.gob.mx\/wp-content\/uploads\/2025\/04\/EN-LOS-PRIMEROS-100-DI\u0301AS-EL-DIF-CUERNAVACA-FORTALECE-LA-CONSTRUCCIO\u0301N-DE-UNA-CUERNAVACA-MA\u0301S-INCLUSIVA-3-600x600.jpg 600w, https:\/\/cuernavaca.gob.mx\/wp-content\/uploads\/2025\/04\/EN-LOS-PRIMEROS-100-DI\u0301AS-EL-DIF-CUERNAVACA-FORTALECE-LA-CONSTRUCCIO\u0301N-DE-UNA-CUERNAVACA-MA\u0301S-INCLUSIVA-3-560x560.jpg 560w, https:\/\/cuernavaca.gob.mx\/wp-content\/uploads\/2025\/04\/EN-LOS-PRIMEROS-100-DI\u0301AS-EL-DIF-CUERNAVACA-FORTALECE-LA-CONSTRUCCIO\u0301N-DE-UNA-CUERNAVACA-MA\u0301S-INCLUSIVA-3.jpg 1080w\" sizes=\"(max-width: 150px) 100vw, 150px\" \/><\/a>\n\t\t\t<\/dt><\/dl><br style=\"clear: both\" \/>\n\t\t<\/div>\n\n","protected":false},"excerpt":{"rendered":"<p>* Con el liderazgo de Luz Mar\u00eda Zagal Guzm\u00e1n, el Sistema DIF Cuernavaca ha reducido las desigualdades, promoviendo el desarrollo integral de los grupos en situaci\u00f3n de vulnerabilidad. En los primeros 100 d\u00edas de la administraci\u00f3n municipal, el Sistema Municipal DIF Cuernavaca, encabezado por Luz Mar\u00eda Zagal Guzm\u00e1n, ha trabajado con dedicaci\u00f3n para construir una [&hellip;]<\/p>\n","protected":false},"author":1,"featured_media":49502,"comment_status":"closed","ping_status":"open","sticky":false,"template":"","format":"standard","meta":[],"categories":[16],"tags":[965,2297,916,121,339,1001,120,206,127],"aioseo_notices":[],"_links":{"self":[{"href":"https:\/\/cuernavaca.gob.mx\/index.php?rest_route=\/wp\/v2\/posts\/49498"}],"collection":[{"href":"https:\/\/cuernavaca.gob.mx\/index.php?rest_route=\/wp\/v2\/posts"}],"about":[{"href":"https:\/\/cuernavaca.gob.mx\/index.php?rest_route=\/wp\/v2\/types\/post"}],"author":[{"embeddable":true,"href":"https:\/\/cuernavaca.gob.mx\/index.php?rest_route=\/wp\/v2\/users\/1"}],"replies":[{"embeddable":true,"href":"https:\/\/cuernavaca.gob.mx\/index.php?rest_route=%2Fwp%2Fv2%2Fcomments&post=49498"}],"version-history":[{"count":1,"href":"https:\/\/cuernavaca.gob.mx\/index.php?rest_route=\/wp\/v2\/posts\/49498\/revisions"}],"predecessor-version":[{"id":49503,"href":"https:\/\/cuernavaca.gob.mx\/index.php?rest_route=\/wp\/v2\/posts\/49498\/revisions\/49503"}],"wp:featuredmedia":[{"embeddable":true,"href":"https:\/\/cuernavaca.gob.mx\/index.php?rest_route=\/wp\/v2\/media\/49502"}],"wp:attachment":[{"href":"https:\/\/cuernavaca.gob.mx\/index.php?rest_route=%2Fwp%2Fv2%2Fmedia&parent=49498"}],"wp:term":[{"taxonomy":"category","embeddable":true,"href":"https:\/\/cuernavaca.gob.mx\/index.php?rest_route=%2Fwp%2Fv2%2Fcategories&post=49498"},{"taxonomy":"post_tag","embeddable":true,"href":"https:\/\/cuernavaca.gob.mx\/index.php?rest_route=%2Fwp%2Fv2%2Ftags&post=49498"}],"curies":[{"name":"wp","href":"https:\/\/api.w.org\/{rel}","templated":true}]}}