{"id":49507,"date":"2025-04-11T18:00:13","date_gmt":"2025-04-12T00:00:13","guid":{"rendered":"https:\/\/cuernavaca.gob.mx\/?p=49507"},"modified":"2025-04-11T18:26:46","modified_gmt":"2025-04-12T00:26:46","slug":"b170-11-04-25-exito-rotundo-el-arranque-de-la-feria-de-la-primavera-2025","status":"publish","type":"post","link":"https:\/\/cuernavaca.gob.mx\/?p=49507","title":{"rendered":"B170 11\/04\/25 \u00c9XITO ROTUNDO EL ARRANQUE DE LA FERIA DE LA PRIMAVERA 2025"},"content":{"rendered":"<p><strong>* El alcalde Jos\u00e9 Luis Uri\u00f3stegui Salgado encabez\u00f3 el acto inaugural acompa\u00f1ado de autoridades estatales, municipales y representantes del \u00e1mbito legislativo y empresarial<\/strong><\/p>\n<p><strong>* Este a\u00f1o, la feria celebra con orgullo la riqueza cultural, agropecuaria y ganadera de la capital morelense<\/strong><\/p>\n<p>Con gran entusiasmo, participaci\u00f3n ciudadana y un ambiente lleno de alegr\u00eda, la Feria de la Primavera 2025 inici\u00f3 con fuerza, reafirmando su posici\u00f3n como uno de los eventos tur\u00edsticos y culturales m\u00e1s importantes de la regi\u00f3n. Este a\u00f1o, la feria celebra con orgullo la riqueza cultural, agropecuaria y ganadera de la capital morelense, consolid\u00e1ndose como un punto de encuentro para residentes y visitantes.<\/p>\n<p>La apertura oficial fue marcada por una emotiva y concurrida cabalgata, organizada por la Secretar\u00eda de Desarrollo Econ\u00f3mico y Turismo, que recorri\u00f3 desde calle Iguala en la colonia Vista Hermosa hasta el H\u00edpico Vista Hermosa. Ah\u00ed, el presidente municipal Jos\u00e9 Luis Uri\u00f3stegui Salgado encabez\u00f3 el acto inaugural, destacando el esfuerzo conjunto entre los distintos niveles de gobierno y el compromiso de generar condiciones de desarrollo y progreso para Cuernavaca, siendo la Feria de la Primavera 2025 ejemplo de ello.<\/p>\n<p>Acompa\u00f1ado por autoridades estatales, integrantes del Cabildo y del Gabinete, el alcalde subray\u00f3 la importancia de los operativos de seguridad coordinados entre la polic\u00eda estatal, elementos de municipios colindantes, la Guardia Nacional y el Ej\u00e9rcito Mexicano, para asegurar que la feria sea un espacio seguro y propicio para la convivencia familiar.<\/p>\n<p>En representaci\u00f3n de la gobernadora Margarita Gonz\u00e1lez Saravia, el secretario de Turismo, Daniel Altafi Valladares, reconoci\u00f3 la labor del Ayuntamiento de Cuernavaca para hacer posible este magno evento, resultado de la gran coordinaci\u00f3n entre el municipio y el Poder Ejecutivo. Confirm\u00f3 que esta feria es una oportunidad para fortalecer el tejido social y revivir una celebraci\u00f3n tradicional que vuelve con m\u00e1s fuerza que nunca.<\/p>\n<p>Una de las grandes novedades de esta edici\u00f3n es la tem\u00e1tica ganadera, que incluye exhibiciones de caballos y espect\u00e1culos de jaripeo. En el primer d\u00eda, se cont\u00f3 con el espect\u00e1culo de caballos bailadores, acompa\u00f1ado por la voz del cantante Edson Garc\u00eda, que presenci\u00f3 el alcalde junto con el secretario de Desarrollo Econ\u00f3mico y del Trabajo del Estado de Morelos, V\u00edctor S\u00e1nchez Trujillo; del diputado federal, Adri\u00e1n Mart\u00ednez Terrazas, representantes de c\u00e1maras empresarial, as\u00ed como Ana Sof\u00eda Vel\u00e1zquez, Miss Universo Morelos 2025.<\/p>\n<p>La Feria de la Primavera 2025 se celebra del 11 al 20 de abril en un horario de 13:00 a 23:00 horas, con un amplio programa de actividades culturales y recreativas para toda la familia desde exhibici\u00f3n de carros antiguos, hasta exposiciones florales, juegos mec\u00e1nicos, espect\u00e1culos ecuestres y presentaciones musicales que prometen encantar a chicos y grandes.<br \/>\nTe invitamos a vivir esta experiencia \u00fanica y a disfrutar de lo mejor de Cuernavaca.<\/p>\n\n\t\t<style type=\"text\/css\">\n\t\t\t#gallery-1 {\n\t\t\t\tmargin: auto;\n\t\t\t}\n\t\t\t#gallery-1 .gallery-item {\n\t\t\t\tfloat: left;\n\t\t\t\tmargin-top: 10px;\n\t\t\t\ttext-align: center;\n\t\t\t\twidth: 33%;\n\t\t\t}\n\t\t\t#gallery-1 img {\n\t\t\t\tborder: 2px solid #cfcfcf;\n\t\t\t}\n\t\t\t#gallery-1 .gallery-caption {\n\t\t\t\tmargin-left: 0;\n\t\t\t}\n\t\t\t\/* see gallery_shortcode() in wp-includes\/media.php *\/\n\t\t<\/style>\n\t\t<div id='gallery-1' class='gallery galleryid-49507 gallery-columns-3 gallery-size-thumbnail'><dl class='gallery-item'>\n\t\t\t<dt class='gallery-icon landscape'>\n\t\t\t\t<a href='https:\/\/cuernavaca.gob.mx\/?attachment_id=49508'><img width=\"150\" height=\"150\" src=\"https:\/\/cuernavaca.gob.mx\/wp-content\/uploads\/2025\/04\/E\u0301XITO-ROTUNDO-EL-ARRANQUE-DE-LA-FERIA-DE-LA-PRIMAVERA-2025-1-150x150.jpg\" class=\"attachment-thumbnail size-thumbnail\" alt=\"\" loading=\"lazy\" \/><\/a>\n\t\t\t<\/dt><\/dl><dl class='gallery-item'>\n\t\t\t<dt class='gallery-icon landscape'>\n\t\t\t\t<a href='https:\/\/cuernavaca.gob.mx\/?attachment_id=49509'><img width=\"150\" height=\"150\" src=\"https:\/\/cuernavaca.gob.mx\/wp-content\/uploads\/2025\/04\/E\u0301XITO-ROTUNDO-EL-ARRANQUE-DE-LA-FERIA-DE-LA-PRIMAVERA-2025-2-150x150.jpg\" class=\"attachment-thumbnail size-thumbnail\" alt=\"\" loading=\"lazy\" \/><\/a>\n\t\t\t<\/dt><\/dl><dl class='gallery-item'>\n\t\t\t<dt class='gallery-icon landscape'>\n\t\t\t\t<a href='https:\/\/cuernavaca.gob.mx\/?attachment_id=49510'><img width=\"150\" height=\"150\" src=\"https:\/\/cuernavaca.gob.mx\/wp-content\/uploads\/2025\/04\/E\u0301XITO-ROTUNDO-EL-ARRANQUE-DE-LA-FERIA-DE-LA-PRIMAVERA-2025-3-150x150.jpg\" class=\"attachment-thumbnail size-thumbnail\" alt=\"\" loading=\"lazy\" \/><\/a>\n\t\t\t<\/dt><\/dl><br style=\"clear: both\" \/><dl class='gallery-item'>\n\t\t\t<dt class='gallery-icon landscape'>\n\t\t\t\t<a href='https:\/\/cuernavaca.gob.mx\/?attachment_id=49511'><img width=\"150\" height=\"150\" src=\"https:\/\/cuernavaca.gob.mx\/wp-content\/uploads\/2025\/04\/E\u0301XITO-ROTUNDO-EL-ARRANQUE-DE-LA-FERIA-DE-LA-PRIMAVERA-2025-4-150x150.jpg\" class=\"attachment-thumbnail size-thumbnail\" alt=\"\" loading=\"lazy\" \/><\/a>\n\t\t\t<\/dt><\/dl><dl class='gallery-item'>\n\t\t\t<dt class='gallery-icon landscape'>\n\t\t\t\t<a href='https:\/\/cuernavaca.gob.mx\/?attachment_id=49512'><img width=\"150\" height=\"150\" src=\"https:\/\/cuernavaca.gob.mx\/wp-content\/uploads\/2025\/04\/E\u0301XITO-ROTUNDO-EL-ARRANQUE-DE-LA-FERIA-DE-LA-PRIMAVERA-2025-5-150x150.jpg\" class=\"attachment-thumbnail size-thumbnail\" alt=\"\" loading=\"lazy\" \/><\/a>\n\t\t\t<\/dt><\/dl><dl class='gallery-item'>\n\t\t\t<dt class='gallery-icon landscape'>\n\t\t\t\t<a href='https:\/\/cuernavaca.gob.mx\/?attachment_id=49513'><img width=\"150\" height=\"150\" src=\"https:\/\/cuernavaca.gob.mx\/wp-content\/uploads\/2025\/04\/E\u0301XITO-ROTUNDO-EL-ARRANQUE-DE-LA-FERIA-DE-LA-PRIMAVERA-2025-6-150x150.jpg\" class=\"attachment-thumbnail size-thumbnail\" alt=\"\" loading=\"lazy\" \/><\/a>\n\t\t\t<\/dt><\/dl><br style=\"clear: both\" \/><dl class='gallery-item'>\n\t\t\t<dt class='gallery-icon portrait'>\n\t\t\t\t<a href='https:\/\/cuernavaca.gob.mx\/?attachment_id=49514'><img width=\"150\" height=\"150\" src=\"https:\/\/cuernavaca.gob.mx\/wp-content\/uploads\/2025\/04\/E\u0301XITO-ROTUNDO-EL-ARRANQUE-DE-LA-FERIA-DE-LA-PRIMAVERA-2025-7-150x150.jpg\" class=\"attachment-thumbnail size-thumbnail\" alt=\"\" loading=\"lazy\" \/><\/a>\n\t\t\t<\/dt><\/dl><dl class='gallery-item'>\n\t\t\t<dt class='gallery-icon landscape'>\n\t\t\t\t<a href='https:\/\/cuernavaca.gob.mx\/?attachment_id=49515'><img width=\"150\" height=\"150\" src=\"https:\/\/cuernavaca.gob.mx\/wp-content\/uploads\/2025\/04\/E\u0301XITO-ROTUNDO-EL-ARRANQUE-DE-LA-FERIA-DE-LA-PRIMAVERA-2025-8-150x150.jpg\" class=\"attachment-thumbnail size-thumbnail\" alt=\"\" loading=\"lazy\" \/><\/a>\n\t\t\t<\/dt><\/dl><dl class='gallery-item'>\n\t\t\t<dt class='gallery-icon landscape'>\n\t\t\t\t<a href='https:\/\/cuernavaca.gob.mx\/?attachment_id=49516'><img width=\"150\" height=\"150\" src=\"https:\/\/cuernavaca.gob.mx\/wp-content\/uploads\/2025\/04\/E\u0301XITO-ROTUNDO-EL-ARRANQUE-DE-LA-FERIA-DE-LA-PRIMAVERA-2025-10-150x150.jpg\" class=\"attachment-thumbnail size-thumbnail\" alt=\"\" loading=\"lazy\" \/><\/a>\n\t\t\t<\/dt><\/dl><br style=\"clear: both\" \/><dl class='gallery-item'>\n\t\t\t<dt class='gallery-icon landscape'>\n\t\t\t\t<a href='https:\/\/cuernavaca.gob.mx\/?attachment_id=49517'><img width=\"150\" height=\"150\" src=\"https:\/\/cuernavaca.gob.mx\/wp-content\/uploads\/2025\/04\/E\u0301XITO-ROTUNDO-EL-ARRANQUE-DE-LA-FERIA-DE-LA-PRIMAVERA-2025-11-150x150.jpg\" class=\"attachment-thumbnail size-thumbnail\" alt=\"\" loading=\"lazy\" \/><\/a>\n\t\t\t<\/dt><\/dl><dl class='gallery-item'>\n\t\t\t<dt class='gallery-icon landscape'>\n\t\t\t\t<a href='https:\/\/cuernavaca.gob.mx\/?attachment_id=49518'><img width=\"150\" height=\"150\" src=\"https:\/\/cuernavaca.gob.mx\/wp-content\/uploads\/2025\/04\/E\u0301XITO-ROTUNDO-EL-ARRANQUE-DE-LA-FERIA-DE-LA-PRIMAVERA-2025-12-150x150.jpg\" class=\"attachment-thumbnail size-thumbnail\" alt=\"\" loading=\"lazy\" \/><\/a>\n\t\t\t<\/dt><\/dl><dl class='gallery-item'>\n\t\t\t<dt class='gallery-icon landscape'>\n\t\t\t\t<a href='https:\/\/cuernavaca.gob.mx\/?attachment_id=49519'><img width=\"150\" height=\"150\" src=\"https:\/\/cuernavaca.gob.mx\/wp-content\/uploads\/2025\/04\/E\u0301XITO-ROTUNDO-EL-ARRANQUE-DE-LA-FERIA-DE-LA-PRIMAVERA-2025-14-150x150.jpg\" class=\"attachment-thumbnail size-thumbnail\" alt=\"\" loading=\"lazy\" \/><\/a>\n\t\t\t<\/dt><\/dl><br style=\"clear: both\" \/><dl class='gallery-item'>\n\t\t\t<dt class='gallery-icon landscape'>\n\t\t\t\t<a href='https:\/\/cuernavaca.gob.mx\/?attachment_id=49520'><img width=\"150\" height=\"150\" src=\"https:\/\/cuernavaca.gob.mx\/wp-content\/uploads\/2025\/04\/E\u0301XITO-ROTUNDO-EL-ARRANQUE-DE-LA-FERIA-DE-LA-PRIMAVERA-2025-15-150x150.jpg\" class=\"attachment-thumbnail size-thumbnail\" alt=\"\" loading=\"lazy\" \/><\/a>\n\t\t\t<\/dt><\/dl><dl class='gallery-item'>\n\t\t\t<dt class='gallery-icon landscape'>\n\t\t\t\t<a href='https:\/\/cuernavaca.gob.mx\/?attachment_id=49521'><img width=\"150\" height=\"150\" src=\"https:\/\/cuernavaca.gob.mx\/wp-content\/uploads\/2025\/04\/E\u0301XITO-ROTUNDO-EL-ARRANQUE-DE-LA-FERIA-DE-LA-PRIMAVERA-2025-13-150x150.jpg\" class=\"attachment-thumbnail size-thumbnail\" alt=\"\" loading=\"lazy\" \/><\/a>\n\t\t\t<\/dt><\/dl><dl class='gallery-item'>\n\t\t\t<dt class='gallery-icon landscape'>\n\t\t\t\t<a href='https:\/\/cuernavaca.gob.mx\/?attachment_id=49522'><img width=\"150\" height=\"150\" src=\"https:\/\/cuernavaca.gob.mx\/wp-content\/uploads\/2025\/04\/E\u0301XITO-ROTUNDO-EL-ARRANQUE-DE-LA-FERIA-DE-LA-PRIMAVERA-2025-16-150x150.jpg\" class=\"attachment-thumbnail size-thumbnail\" alt=\"\" loading=\"lazy\" \/><\/a>\n\t\t\t<\/dt><\/dl><br style=\"clear: both\" \/><dl class='gallery-item'>\n\t\t\t<dt class='gallery-icon landscape'>\n\t\t\t\t<a href='https:\/\/cuernavaca.gob.mx\/?attachment_id=49523'><img width=\"150\" height=\"150\" src=\"https:\/\/cuernavaca.gob.mx\/wp-content\/uploads\/2025\/04\/E\u0301XITO-ROTUNDO-EL-ARRANQUE-DE-LA-FERIA-DE-LA-PRIMAVERA-2025-17-150x150.jpg\" class=\"attachment-thumbnail size-thumbnail\" alt=\"\" loading=\"lazy\" \/><\/a>\n\t\t\t<\/dt><\/dl><dl class='gallery-item'>\n\t\t\t<dt class='gallery-icon landscape'>\n\t\t\t\t<a href='https:\/\/cuernavaca.gob.mx\/?attachment_id=49524'><img width=\"150\" height=\"150\" src=\"https:\/\/cuernavaca.gob.mx\/wp-content\/uploads\/2025\/04\/E\u0301XITO-ROTUNDO-EL-ARRANQUE-DE-LA-FERIA-DE-LA-PRIMAVERA-2025-18-150x150.jpg\" class=\"attachment-thumbnail size-thumbnail\" alt=\"\" loading=\"lazy\" \/><\/a>\n\t\t\t<\/dt><\/dl><dl class='gallery-item'>\n\t\t\t<dt class='gallery-icon landscape'>\n\t\t\t\t<a href='https:\/\/cuernavaca.gob.mx\/?attachment_id=49525'><img width=\"150\" height=\"150\" src=\"https:\/\/cuernavaca.gob.mx\/wp-content\/uploads\/2025\/04\/E\u0301XITO-ROTUNDO-EL-ARRANQUE-DE-LA-FERIA-DE-LA-PRIMAVERA-2025-19-150x150.jpg\" class=\"attachment-thumbnail size-thumbnail\" alt=\"\" loading=\"lazy\" \/><\/a>\n\t\t\t<\/dt><\/dl><br style=\"clear: both\" \/><dl class='gallery-item'>\n\t\t\t<dt class='gallery-icon landscape'>\n\t\t\t\t<a href='https:\/\/cuernavaca.gob.mx\/?attachment_id=49526'><img width=\"150\" height=\"150\" src=\"https:\/\/cuernavaca.gob.mx\/wp-content\/uploads\/2025\/04\/E\u0301XITO-ROTUNDO-EL-ARRANQUE-DE-LA-FERIA-DE-LA-PRIMAVERA-2025-20-150x150.jpg\" class=\"attachment-thumbnail size-thumbnail\" alt=\"\" loading=\"lazy\" \/><\/a>\n\t\t\t<\/dt><\/dl><dl class='gallery-item'>\n\t\t\t<dt class='gallery-icon landscape'>\n\t\t\t\t<a href='https:\/\/cuernavaca.gob.mx\/?attachment_id=49527'><img width=\"150\" height=\"150\" src=\"https:\/\/cuernavaca.gob.mx\/wp-content\/uploads\/2025\/04\/E\u0301XITO-ROTUNDO-EL-ARRANQUE-DE-LA-FERIA-DE-LA-PRIMAVERA-2025-21-150x150.jpg\" class=\"attachment-thumbnail size-thumbnail\" alt=\"\" loading=\"lazy\" \/><\/a>\n\t\t\t<\/dt><\/dl><dl class='gallery-item'>\n\t\t\t<dt class='gallery-icon landscape'>\n\t\t\t\t<a href='https:\/\/cuernavaca.gob.mx\/?attachment_id=49528'><img width=\"150\" height=\"150\" src=\"https:\/\/cuernavaca.gob.mx\/wp-content\/uploads\/2025\/04\/E\u0301XITO-ROTUNDO-EL-ARRANQUE-DE-LA-FERIA-DE-LA-PRIMAVERA-2025-22-150x150.jpg\" class=\"attachment-thumbnail size-thumbnail\" alt=\"\" loading=\"lazy\" \/><\/a>\n\t\t\t<\/dt><\/dl><br style=\"clear: both\" \/><dl class='gallery-item'>\n\t\t\t<dt class='gallery-icon landscape'>\n\t\t\t\t<a href='https:\/\/cuernavaca.gob.mx\/?attachment_id=49529'><img width=\"150\" height=\"150\" src=\"https:\/\/cuernavaca.gob.mx\/wp-content\/uploads\/2025\/04\/E\u0301XITO-ROTUNDO-EL-ARRANQUE-DE-LA-FERIA-DE-LA-PRIMAVERA-2025-23-150x150.jpg\" class=\"attachment-thumbnail size-thumbnail\" alt=\"\" loading=\"lazy\" \/><\/a>\n\t\t\t<\/dt><\/dl><dl class='gallery-item'>\n\t\t\t<dt class='gallery-icon landscape'>\n\t\t\t\t<a href='https:\/\/cuernavaca.gob.mx\/?attachment_id=49530'><img width=\"150\" height=\"150\" src=\"https:\/\/cuernavaca.gob.mx\/wp-content\/uploads\/2025\/04\/E\u0301XITO-ROTUNDO-EL-ARRANQUE-DE-LA-FERIA-DE-LA-PRIMAVERA-2025-24-150x150.jpg\" class=\"attachment-thumbnail size-thumbnail\" alt=\"\" loading=\"lazy\" \/><\/a>\n\t\t\t<\/dt><\/dl><dl class='gallery-item'>\n\t\t\t<dt class='gallery-icon landscape'>\n\t\t\t\t<a href='https:\/\/cuernavaca.gob.mx\/?attachment_id=49531'><img width=\"150\" height=\"150\" src=\"https:\/\/cuernavaca.gob.mx\/wp-content\/uploads\/2025\/04\/E\u0301XITO-ROTUNDO-EL-ARRANQUE-DE-LA-FERIA-DE-LA-PRIMAVERA-2025-25-150x150.jpg\" class=\"attachment-thumbnail size-thumbnail\" alt=\"\" loading=\"lazy\" \/><\/a>\n\t\t\t<\/dt><\/dl><br style=\"clear: both\" \/>\n\t\t<\/div>\n\n","protected":false},"excerpt":{"rendered":"<p>* El alcalde Jos\u00e9 Luis Uri\u00f3stegui Salgado encabez\u00f3 el acto inaugural acompa\u00f1ado de autoridades estatales, municipales y representantes del \u00e1mbito legislativo y empresarial * Este a\u00f1o, la feria celebra con orgullo la riqueza cultural, agropecuaria y ganadera de la capital morelense Con gran entusiasmo, participaci\u00f3n ciudadana y un ambiente lleno de alegr\u00eda, la Feria de [&hellip;]<\/p>\n","protected":false},"author":1,"featured_media":49531,"comment_status":"closed","ping_status":"open","sticky":false,"template":"","format":"standard","meta":[],"categories":[21],"tags":[3233,121,1922,2337,413,120,206,127,411,4073,4074,194],"aioseo_notices":[],"_links":{"self":[{"href":"https:\/\/cuernavaca.gob.mx\/index.php?rest_route=\/wp\/v2\/posts\/49507"}],"collection":[{"href":"https:\/\/cuernavaca.gob.mx\/index.php?rest_route=\/wp\/v2\/posts"}],"about":[{"href":"https:\/\/cuernavaca.gob.mx\/index.php?rest_route=\/wp\/v2\/types\/post"}],"author":[{"embeddable":true,"href":"https:\/\/cuernavaca.gob.mx\/index.php?rest_route=\/wp\/v2\/users\/1"}],"replies":[{"embeddable":true,"href":"https:\/\/cuernavaca.gob.mx\/index.php?rest_route=%2Fwp%2Fv2%2Fcomments&post=49507"}],"version-history":[{"count":1,"href":"https:\/\/cuernavaca.gob.mx\/index.php?rest_route=\/wp\/v2\/posts\/49507\/revisions"}],"predecessor-version":[{"id":49532,"href":"https:\/\/cuernavaca.gob.mx\/index.php?rest_route=\/wp\/v2\/posts\/49507\/revisions\/49532"}],"wp:featuredmedia":[{"embeddable":true,"href":"https:\/\/cuernavaca.gob.mx\/index.php?rest_route=\/wp\/v2\/media\/49531"}],"wp:attachment":[{"href":"https:\/\/cuernavaca.gob.mx\/index.php?rest_route=%2Fwp%2Fv2%2Fmedia&parent=49507"}],"wp:term":[{"taxonomy":"category","embeddable":true,"href":"https:\/\/cuernavaca.gob.mx\/index.php?rest_route=%2Fwp%2Fv2%2Fcategories&post=49507"},{"taxonomy":"post_tag","embeddable":true,"href":"https:\/\/cuernavaca.gob.mx\/index.php?rest_route=%2Fwp%2Fv2%2Ftags&post=49507"}],"curies":[{"name":"wp","href":"https:\/\/api.w.org\/{rel}","templated":true}]}}