{"id":49539,"date":"2025-04-12T10:00:11","date_gmt":"2025-04-12T16:00:11","guid":{"rendered":"https:\/\/cuernavaca.gob.mx\/?p=49539"},"modified":"2025-04-19T10:35:53","modified_gmt":"2025-04-19T16:35:53","slug":"b172-12-04-25-ven-vive-y-redescubre-cuernavaca-esta-semana-santa","status":"publish","type":"post","link":"https:\/\/cuernavaca.gob.mx\/?p=49539","title":{"rendered":"B172 12\/04\/25 VEN, VIVE Y REDESCUBRE CUERNAVACA ESTA SEMANA SANTA"},"content":{"rendered":"<div><strong>\u2022 Cuernavaca, Ciudad de historia, cultura y tradici\u00f3n en cada rinc\u00f3n<\/strong><\/div>\n<div><\/div>\n<div>Cuernavaca, la Ciudad de la Eterna Primavera, est\u00e1 lista para recibir con los brazos abiertos a turistas y visitantes en esta temporada de Semana Santa. Reconocida por su clima privilegiado, su riqueza hist\u00f3rica y su vibrante vida cultural, la capital del estado de Morelos se consolida como uno de los destinos m\u00e1s atractivos del pa\u00eds.<\/div>\n<div><\/div>\n<div>Desde tiempos prehisp\u00e1nicos, esta ciudad, conocida en n\u00e1huatl como Cuauhn\u00e1huac que significa junto a los \u00e1rboles, ha sido un punto clave en la historia de M\u00e9xico. Hoy, quienes recorren sus calles pueden disfrutar de una experiencia inolvidable, que combina el pasado milenario con la vida contempor\u00e1nea.<\/div>\n<div><\/div>\n<div>En temporada de vacaciones y fines de semana largos, Cuernavaca se convierte en un espacio ideal para el descanso, la reflexi\u00f3n y el descubrimiento. Gracias al compromiso del presidente municipal, Jos\u00e9 Luis Uri\u00f3stegui Salgado, su gobierno ha trabajado en la recuperaci\u00f3n de espacios p\u00fablicos, el embellecimiento urbano y la promoci\u00f3n activa del turismo cultural, posicionando a Cuernavaca como una ciudad viva, segura y hospitalaria para todas y todos.<\/div>\n<div><\/div>\n<div>El centro hist\u00f3rico, con su encanto de provincia, es el punto de partida perfecto: la Catedral, construida en 1525, y el Palacio de Cort\u00e9s, que alberga el Museo Regional de los Pueblos de Morelos, ofrecen una inmersi\u00f3n profunda en las ra\u00edces prehisp\u00e1nicas, coloniales y modernas de nuestra tierra.<\/div>\n<div><\/div>\n<div>Lugares emblem\u00e1ticos como el Jard\u00edn Borda, donde pasearon emperadores y artistas; el Museo Robert Brady, con una colecci\u00f3n que abraza el mundo; el Parque Ecol\u00f3gico Chapultepec, un respiro verde para todas las edades y la Barranca de Amanalco, que recuerda el poder de la naturaleza en el coraz\u00f3n de la ciudad, son solo algunos de los espacios donde la belleza y la cultura de Cuernavaca se viven a flor de piel.<\/div>\n<div><\/div>\n<div>Tambi\u00e9n se pueden visitar joyas hist\u00f3ricas como la Capilla de San Jos\u00e9 en Tlaltenango, la primera de Am\u00e9rica continental; o conocer el tradicional Jard\u00edn Ju\u00e1rez con su kiosco dise\u00f1ado por Gustave Eiffel, el mismo que cre\u00f3 la torre Eiffel en Par\u00eds.<\/div>\n<div><\/div>\n<div>Para los amantes del pasado ancestral, el sitio arqueol\u00f3gico de Teopanzolco es una parada obligada. Su imponente Gran Basamento, que alberga los templos gemelos dedicados a Tl\u00e1loc y Huitzilopochtli, a\u00fan guarda el misterio de los antiguos tlahuicas y su legado milenario. Inspirado en el Templo Mayor de Tenochtitlan, este centro ceremonial revela apenas una fracci\u00f3n de su grandeza: se estima que el 90% de Teopanzolco permanece a\u00fan bajo tierra, sin explorar, lo que hoy se puede observar al recorrerlo es una m\u00ednima parte y una muestra de la riqueza cultural que alberg\u00f3.<\/div>\n<div><\/div>\n<div>La Plaza de Armas contin\u00faa siendo el coraz\u00f3n de la ciudad, donde muchas familias se re\u00fanen a disfrutar el domingo. Mantiene sus tradicionales globeros, boleros, gente alimentando a las palomas, venta de raspados y espect\u00e1culos espont\u00e1neos que dan vida a las tardes soleadas. Muy cerca, la Plaza de Artesan\u00edas ofrece recuerdos \u00fanicos elaborados en cer\u00e1mica, objetos de barro de San Ant\u00f3n, velas artesanales y productos t\u00edpicos que conservan la esencia de nuestras tradiciones.<\/div>\n<div><\/div>\n<div>Cuernavaca es m\u00e1s que un destino tur\u00edstico, es un lugar donde la historia, la naturaleza, la fe y la alegr\u00eda conviven para ofrecer experiencias \u00fanicas a grandes y chicos. Hoy m\u00e1s que nunca, el Ayuntamiento de Cuernavaca invita a recorrerla con respeto y orgullo.<\/div>\n<div>\n\n\t\t<style type=\"text\/css\">\n\t\t\t#gallery-1 {\n\t\t\t\tmargin: auto;\n\t\t\t}\n\t\t\t#gallery-1 .gallery-item {\n\t\t\t\tfloat: left;\n\t\t\t\tmargin-top: 10px;\n\t\t\t\ttext-align: center;\n\t\t\t\twidth: 33%;\n\t\t\t}\n\t\t\t#gallery-1 img {\n\t\t\t\tborder: 2px solid #cfcfcf;\n\t\t\t}\n\t\t\t#gallery-1 .gallery-caption {\n\t\t\t\tmargin-left: 0;\n\t\t\t}\n\t\t\t\/* see gallery_shortcode() in wp-includes\/media.php *\/\n\t\t<\/style>\n\t\t<div id='gallery-1' class='gallery galleryid-49539 gallery-columns-3 gallery-size-thumbnail'><dl class='gallery-item'>\n\t\t\t<dt class='gallery-icon landscape'>\n\t\t\t\t<a href='https:\/\/cuernavaca.gob.mx\/?attachment_id=49540'><img width=\"150\" height=\"150\" src=\"https:\/\/cuernavaca.gob.mx\/wp-content\/uploads\/2025\/04\/VEN-VIVE-Y-REDESCUBRE-CUERNAVACA-ESTA-SEMANA-SANTA-1-150x150.jpeg\" class=\"attachment-thumbnail size-thumbnail\" alt=\"\" loading=\"lazy\" \/><\/a>\n\t\t\t<\/dt><\/dl><dl class='gallery-item'>\n\t\t\t<dt class='gallery-icon portrait'>\n\t\t\t\t<a href='https:\/\/cuernavaca.gob.mx\/?attachment_id=49541'><img width=\"150\" height=\"150\" src=\"https:\/\/cuernavaca.gob.mx\/wp-content\/uploads\/2025\/04\/VEN-VIVE-Y-REDESCUBRE-CUERNAVACA-ESTA-SEMANA-SANTA-2-150x150.jpeg\" class=\"attachment-thumbnail size-thumbnail\" alt=\"\" loading=\"lazy\" \/><\/a>\n\t\t\t<\/dt><\/dl><dl class='gallery-item'>\n\t\t\t<dt class='gallery-icon portrait'>\n\t\t\t\t<a href='https:\/\/cuernavaca.gob.mx\/?attachment_id=49542'><img width=\"150\" height=\"150\" src=\"https:\/\/cuernavaca.gob.mx\/wp-content\/uploads\/2025\/04\/VEN-VIVE-Y-REDESCUBRE-CUERNAVACA-ESTA-SEMANA-SANTA-3-150x150.jpeg\" class=\"attachment-thumbnail size-thumbnail\" alt=\"\" loading=\"lazy\" \/><\/a>\n\t\t\t<\/dt><\/dl><br style=\"clear: both\" \/><dl class='gallery-item'>\n\t\t\t<dt class='gallery-icon landscape'>\n\t\t\t\t<a href='https:\/\/cuernavaca.gob.mx\/?attachment_id=49543'><img width=\"150\" height=\"150\" src=\"https:\/\/cuernavaca.gob.mx\/wp-content\/uploads\/2025\/04\/VEN-VIVE-Y-REDESCUBRE-CUERNAVACA-ESTA-SEMANA-SANTA-4-150x150.jpeg\" class=\"attachment-thumbnail size-thumbnail\" alt=\"\" loading=\"lazy\" \/><\/a>\n\t\t\t<\/dt><\/dl><dl class='gallery-item'>\n\t\t\t<dt class='gallery-icon landscape'>\n\t\t\t\t<a href='https:\/\/cuernavaca.gob.mx\/?attachment_id=49544'><img width=\"150\" height=\"150\" src=\"https:\/\/cuernavaca.gob.mx\/wp-content\/uploads\/2025\/04\/VEN-VIVE-Y-REDESCUBRE-CUERNAVACA-ESTA-SEMANA-SANTA-5-150x150.jpeg\" class=\"attachment-thumbnail size-thumbnail\" alt=\"\" loading=\"lazy\" \/><\/a>\n\t\t\t<\/dt><\/dl><dl class='gallery-item'>\n\t\t\t<dt class='gallery-icon landscape'>\n\t\t\t\t<a href='https:\/\/cuernavaca.gob.mx\/?attachment_id=49545'><img width=\"150\" height=\"150\" src=\"https:\/\/cuernavaca.gob.mx\/wp-content\/uploads\/2025\/04\/VEN-VIVE-Y-REDESCUBRE-CUERNAVACA-ESTA-SEMANA-SANTA-6-150x150.jpeg\" class=\"attachment-thumbnail size-thumbnail\" alt=\"\" loading=\"lazy\" \/><\/a>\n\t\t\t<\/dt><\/dl><br style=\"clear: both\" \/><dl class='gallery-item'>\n\t\t\t<dt class='gallery-icon landscape'>\n\t\t\t\t<a href='https:\/\/cuernavaca.gob.mx\/?attachment_id=49546'><img width=\"150\" height=\"150\" src=\"https:\/\/cuernavaca.gob.mx\/wp-content\/uploads\/2025\/04\/VEN-VIVE-Y-REDESCUBRE-CUERNAVACA-ESTA-SEMANA-SANTA-7-150x150.jpeg\" class=\"attachment-thumbnail size-thumbnail\" alt=\"\" loading=\"lazy\" \/><\/a>\n\t\t\t<\/dt><\/dl>\n\t\t\t<br style='clear: both' \/>\n\t\t<\/div>\n\n<\/div>\n","protected":false},"excerpt":{"rendered":"<p>\u2022 Cuernavaca, Ciudad de historia, cultura y tradici\u00f3n en cada rinc\u00f3n Cuernavaca, la Ciudad de la Eterna Primavera, est\u00e1 lista para recibir con los brazos abiertos a turistas y visitantes en esta temporada de Semana Santa. Reconocida por su clima privilegiado, su riqueza hist\u00f3rica y su vibrante vida cultural, la capital del estado de Morelos [&hellip;]<\/p>\n","protected":false},"author":1,"featured_media":49545,"comment_status":"closed","ping_status":"open","sticky":false,"template":"","format":"standard","meta":[],"categories":[21],"tags":[121,1160,120,206,127,419,194],"aioseo_notices":[],"_links":{"self":[{"href":"https:\/\/cuernavaca.gob.mx\/index.php?rest_route=\/wp\/v2\/posts\/49539"}],"collection":[{"href":"https:\/\/cuernavaca.gob.mx\/index.php?rest_route=\/wp\/v2\/posts"}],"about":[{"href":"https:\/\/cuernavaca.gob.mx\/index.php?rest_route=\/wp\/v2\/types\/post"}],"author":[{"embeddable":true,"href":"https:\/\/cuernavaca.gob.mx\/index.php?rest_route=\/wp\/v2\/users\/1"}],"replies":[{"embeddable":true,"href":"https:\/\/cuernavaca.gob.mx\/index.php?rest_route=%2Fwp%2Fv2%2Fcomments&post=49539"}],"version-history":[{"count":1,"href":"https:\/\/cuernavaca.gob.mx\/index.php?rest_route=\/wp\/v2\/posts\/49539\/revisions"}],"predecessor-version":[{"id":49547,"href":"https:\/\/cuernavaca.gob.mx\/index.php?rest_route=\/wp\/v2\/posts\/49539\/revisions\/49547"}],"wp:featuredmedia":[{"embeddable":true,"href":"https:\/\/cuernavaca.gob.mx\/index.php?rest_route=\/wp\/v2\/media\/49545"}],"wp:attachment":[{"href":"https:\/\/cuernavaca.gob.mx\/index.php?rest_route=%2Fwp%2Fv2%2Fmedia&parent=49539"}],"wp:term":[{"taxonomy":"category","embeddable":true,"href":"https:\/\/cuernavaca.gob.mx\/index.php?rest_route=%2Fwp%2Fv2%2Fcategories&post=49539"},{"taxonomy":"post_tag","embeddable":true,"href":"https:\/\/cuernavaca.gob.mx\/index.php?rest_route=%2Fwp%2Fv2%2Ftags&post=49539"}],"curies":[{"name":"wp","href":"https:\/\/api.w.org\/{rel}","templated":true}]}}