{"id":49548,"date":"2025-04-13T10:00:23","date_gmt":"2025-04-13T16:00:23","guid":{"rendered":"https:\/\/cuernavaca.gob.mx\/?p=49548"},"modified":"2025-04-19T10:48:57","modified_gmt":"2025-04-19T16:48:57","slug":"b173-13-05-25-el-ayuntamiento-de-cuernavaca-refuerza-la-belleza-de-la-ciudad-con-el-programa-integral-de-limpieza","status":"publish","type":"post","link":"https:\/\/cuernavaca.gob.mx\/?p=49548","title":{"rendered":"B173 13\/05\/25 EL AYUNTAMIENTO DE CUERNAVACA REFUERZA LA BELLEZA DE LA CIUDAD CON EL PROGRAMA INTEGRAL DE LIMPIEZA"},"content":{"rendered":"<div><strong>\u2022 Del 31 de marzo al 12 de abril, diversas \u00e1reas operativas de la Secretar\u00eda de Desarrollo Sustentable y Servicios P\u00fablicos llevaron a cabo trabajos de limpieza en diferentes puntos clave de la ciudad<\/strong><\/div>\n<div><\/div>\n<div>El Ayuntamiento de Cuernavaca, encabezado por el presidente municipal Jos\u00e9 Luis Uri\u00f3stegui Salgado, contin\u00faa con su firme compromiso de recuperar la belleza de la ciudad de la Eterna Primavera, mediante el Programa Integral de Limpieza. Durante los d\u00edas 31 de marzo al 12 de abril, diversas \u00e1reas operativas de la Secretar\u00eda de Desarrollo Sustentable y Servicios P\u00fablicos llevaron a cabo trabajos esenciales en diferentes puntos clave de la ciudad, con el fin de mantener entornos m\u00e1s limpios y ordenados para todas y todos los habitantes y visitantes.<\/div>\n<div><\/div>\n<div>Durante este periodo, la Direcci\u00f3n de Parques y Jardines implement\u00f3 acciones de mantenimiento y embellecimiento en varias zonas del municipio como Avenida Morelos y calles aleda\u00f1as al Centro Hist\u00f3rico como Nezahualc\u00f3yotl\u201a Degollado\u201a Arista\u201a Av. \u00c1lvaro Obreg\u00f3n\u201a Lerdo de Tejada y Ricardo Linares. Esto\u201a con el apoyo de cuatro brigadas. Los trabajos realizados incluyeron podas est\u00e9ticas y podas de formaci\u00f3n, chaponeo y limpieza, as\u00ed como jardiner\u00eda, mantenimiento y recolecci\u00f3n de desecho vegetal.<\/div>\n<div><\/div>\n<div>La Direcci\u00f3n de Infraestructura Urbana, con el apoyo de dos brigadas, efectu\u00f3 tareas de rehabilitaci\u00f3n y mantenimiento en varias calles del centro hist\u00f3rico de Cuernavaca, como balizamiento, pintura de pasos peatonales y guarniciones para mejorar la seguridad y la visibilidad en las v\u00edas p\u00fablicas, el remozamiento y recintos para embellecer \u00e1reas de alto tr\u00e1fico, el retiro de publicidad en postes que afectaban la imagen urbana, y el levantamiento de escombro en sitios como Jard\u00edn Ju\u00e1rez, inmediaciones del Palacio de Cort\u00e9s\u201a Gutenberg, \u00a0Himno Nacional\u201a Av. Morelos (a la altura de la Glorieta del Ni\u00f1o Artillero), Amate\u201a Plutarco El\u00edas Calles\u201a Cuauhtemotzin\u201a Leyva\u201a General Boca Negra\u201a Monte Alb\u00e1n\u201a Calle 20 de Noviembre\u201a Callej\u00f3n Borda\u201a Ray\u00f3n y Abasolo\u201a contribuyendo a un entorno m\u00e1s limpio y accesible.<\/div>\n<div><\/div>\n<div>Con la participaci\u00f3n de cuatro brigadas, la Direcci\u00f3n de Aseo Urbano implement\u00f3 un conjunto de labores de limpieza en las principales avenidas de la ciudad, destacando acciones como barrido manual en calles principales desde Boulevard Ju\u00e1rez hasta Jard\u00edn Ju\u00e1rez, Gutenberg, Galeana, Salazar, Guerrero, No Reelecci\u00f3n, Humboldt, Independencia, Avenida Morelos Centro, Degollado, Ray\u00f3n, Miguel Salinas, \u00c1lvaro Obreg\u00f3n, el circuito Adolfo L\u00f3pez Mateos, Himno Nacional\u201a Amate\u201a Obreg\u00f3n\u201a Cuauhtemotzin\u201a Plutarco El\u00edas Calles\u201a Boca Negra\u201a y la propia Plaza de Armas.<\/div>\n<div><\/div>\n<div>Asimismo, se pintaron y limpiaron postes, se hizo el mantenimiento general en \u00e1reas estrat\u00e9gicas, y el retiro de maleza en banquetas de Avenida Morelos Norte (a la altura de la iglesia El Calvario).<\/div>\n<div><\/div>\n<div>Este esfuerzo integral de limpieza refleja el compromiso del Gobierno Municipal de Jos\u00e9 Luis Uri\u00f3stegui Salgado para mejorar la calidad de vida de las y los cuernavacenses, brindando una ciudad m\u00e1s limpia, ordenada y agradable para vivir.<\/div>\n<div>\n\n\t\t<style type=\"text\/css\">\n\t\t\t#gallery-1 {\n\t\t\t\tmargin: auto;\n\t\t\t}\n\t\t\t#gallery-1 .gallery-item {\n\t\t\t\tfloat: left;\n\t\t\t\tmargin-top: 10px;\n\t\t\t\ttext-align: center;\n\t\t\t\twidth: 33%;\n\t\t\t}\n\t\t\t#gallery-1 img {\n\t\t\t\tborder: 2px solid #cfcfcf;\n\t\t\t}\n\t\t\t#gallery-1 .gallery-caption {\n\t\t\t\tmargin-left: 0;\n\t\t\t}\n\t\t\t\/* see gallery_shortcode() in wp-includes\/media.php *\/\n\t\t<\/style>\n\t\t<div id='gallery-1' class='gallery galleryid-49548 gallery-columns-3 gallery-size-thumbnail'><dl class='gallery-item'>\n\t\t\t<dt class='gallery-icon landscape'>\n\t\t\t\t<a href='https:\/\/cuernavaca.gob.mx\/?attachment_id=49549'><img width=\"150\" height=\"150\" src=\"https:\/\/cuernavaca.gob.mx\/wp-content\/uploads\/2025\/04\/EL-AYUNTAMIENTO-DE-CUERNAVACA-REFUERZA-LA-BELLEZA-DE-LA-CIUDAD-CON-EL-PROGRAMA-INTEGRAL-DE-LIMPIEZA-1-150x150.jpeg\" class=\"attachment-thumbnail size-thumbnail\" alt=\"\" loading=\"lazy\" \/><\/a>\n\t\t\t<\/dt><\/dl><dl class='gallery-item'>\n\t\t\t<dt class='gallery-icon landscape'>\n\t\t\t\t<a href='https:\/\/cuernavaca.gob.mx\/?attachment_id=49550'><img width=\"150\" height=\"150\" src=\"https:\/\/cuernavaca.gob.mx\/wp-content\/uploads\/2025\/04\/EL-AYUNTAMIENTO-DE-CUERNAVACA-REFUERZA-LA-BELLEZA-DE-LA-CIUDAD-CON-EL-PROGRAMA-INTEGRAL-DE-LIMPIEZA-2-150x150.jpeg\" class=\"attachment-thumbnail size-thumbnail\" alt=\"\" loading=\"lazy\" \/><\/a>\n\t\t\t<\/dt><\/dl><dl class='gallery-item'>\n\t\t\t<dt class='gallery-icon portrait'>\n\t\t\t\t<a href='https:\/\/cuernavaca.gob.mx\/?attachment_id=49551'><img width=\"150\" height=\"150\" src=\"https:\/\/cuernavaca.gob.mx\/wp-content\/uploads\/2025\/04\/EL-AYUNTAMIENTO-DE-CUERNAVACA-REFUERZA-LA-BELLEZA-DE-LA-CIUDAD-CON-EL-PROGRAMA-INTEGRAL-DE-LIMPIEZA-3-150x150.jpeg\" class=\"attachment-thumbnail size-thumbnail\" alt=\"\" loading=\"lazy\" \/><\/a>\n\t\t\t<\/dt><\/dl><br style=\"clear: both\" \/><dl class='gallery-item'>\n\t\t\t<dt class='gallery-icon landscape'>\n\t\t\t\t<a href='https:\/\/cuernavaca.gob.mx\/?attachment_id=49552'><img width=\"150\" height=\"150\" src=\"https:\/\/cuernavaca.gob.mx\/wp-content\/uploads\/2025\/04\/EL-AYUNTAMIENTO-DE-CUERNAVACA-REFUERZA-LA-BELLEZA-DE-LA-CIUDAD-CON-EL-PROGRAMA-INTEGRAL-DE-LIMPIEZA-4-150x150.jpeg\" class=\"attachment-thumbnail size-thumbnail\" alt=\"\" loading=\"lazy\" srcset=\"https:\/\/cuernavaca.gob.mx\/wp-content\/uploads\/2025\/04\/EL-AYUNTAMIENTO-DE-CUERNAVACA-REFUERZA-LA-BELLEZA-DE-LA-CIUDAD-CON-EL-PROGRAMA-INTEGRAL-DE-LIMPIEZA-4-150x150.jpeg 150w, https:\/\/cuernavaca.gob.mx\/wp-content\/uploads\/2025\/04\/EL-AYUNTAMIENTO-DE-CUERNAVACA-REFUERZA-LA-BELLEZA-DE-LA-CIUDAD-CON-EL-PROGRAMA-INTEGRAL-DE-LIMPIEZA-4-300x300.jpeg 300w, https:\/\/cuernavaca.gob.mx\/wp-content\/uploads\/2025\/04\/EL-AYUNTAMIENTO-DE-CUERNAVACA-REFUERZA-LA-BELLEZA-DE-LA-CIUDAD-CON-EL-PROGRAMA-INTEGRAL-DE-LIMPIEZA-4-600x600.jpeg 600w, https:\/\/cuernavaca.gob.mx\/wp-content\/uploads\/2025\/04\/EL-AYUNTAMIENTO-DE-CUERNAVACA-REFUERZA-LA-BELLEZA-DE-LA-CIUDAD-CON-EL-PROGRAMA-INTEGRAL-DE-LIMPIEZA-4-560x560.jpeg 560w, https:\/\/cuernavaca.gob.mx\/wp-content\/uploads\/2025\/04\/EL-AYUNTAMIENTO-DE-CUERNAVACA-REFUERZA-LA-BELLEZA-DE-LA-CIUDAD-CON-EL-PROGRAMA-INTEGRAL-DE-LIMPIEZA-4.jpeg 763w\" sizes=\"(max-width: 150px) 100vw, 150px\" \/><\/a>\n\t\t\t<\/dt><\/dl><dl class='gallery-item'>\n\t\t\t<dt class='gallery-icon landscape'>\n\t\t\t\t<a href='https:\/\/cuernavaca.gob.mx\/?attachment_id=49553'><img width=\"150\" height=\"150\" src=\"https:\/\/cuernavaca.gob.mx\/wp-content\/uploads\/2025\/04\/EL-AYUNTAMIENTO-DE-CUERNAVACA-REFUERZA-LA-BELLEZA-DE-LA-CIUDAD-CON-EL-PROGRAMA-INTEGRAL-DE-LIMPIEZA-5-150x150.jpeg\" class=\"attachment-thumbnail size-thumbnail\" alt=\"\" loading=\"lazy\" \/><\/a>\n\t\t\t<\/dt><\/dl>\n\t\t\t<br style='clear: both' \/>\n\t\t<\/div>\n\n<\/div>\n","protected":false},"excerpt":{"rendered":"<p>\u2022 Del 31 de marzo al 12 de abril, diversas \u00e1reas operativas de la Secretar\u00eda de Desarrollo Sustentable y Servicios P\u00fablicos llevaron a cabo trabajos de limpieza en diferentes puntos clave de la ciudad El Ayuntamiento de Cuernavaca, encabezado por el presidente municipal Jos\u00e9 Luis Uri\u00f3stegui Salgado, contin\u00faa con su firme compromiso de recuperar la [&hellip;]<\/p>\n","protected":false},"author":1,"featured_media":49549,"comment_status":"closed","ping_status":"open","sticky":false,"template":"","format":"standard","meta":[],"categories":[2414],"tags":[916,121,515,2376,120,218,206,127,4077],"aioseo_notices":[],"_links":{"self":[{"href":"https:\/\/cuernavaca.gob.mx\/index.php?rest_route=\/wp\/v2\/posts\/49548"}],"collection":[{"href":"https:\/\/cuernavaca.gob.mx\/index.php?rest_route=\/wp\/v2\/posts"}],"about":[{"href":"https:\/\/cuernavaca.gob.mx\/index.php?rest_route=\/wp\/v2\/types\/post"}],"author":[{"embeddable":true,"href":"https:\/\/cuernavaca.gob.mx\/index.php?rest_route=\/wp\/v2\/users\/1"}],"replies":[{"embeddable":true,"href":"https:\/\/cuernavaca.gob.mx\/index.php?rest_route=%2Fwp%2Fv2%2Fcomments&post=49548"}],"version-history":[{"count":1,"href":"https:\/\/cuernavaca.gob.mx\/index.php?rest_route=\/wp\/v2\/posts\/49548\/revisions"}],"predecessor-version":[{"id":49554,"href":"https:\/\/cuernavaca.gob.mx\/index.php?rest_route=\/wp\/v2\/posts\/49548\/revisions\/49554"}],"wp:featuredmedia":[{"embeddable":true,"href":"https:\/\/cuernavaca.gob.mx\/index.php?rest_route=\/wp\/v2\/media\/49549"}],"wp:attachment":[{"href":"https:\/\/cuernavaca.gob.mx\/index.php?rest_route=%2Fwp%2Fv2%2Fmedia&parent=49548"}],"wp:term":[{"taxonomy":"category","embeddable":true,"href":"https:\/\/cuernavaca.gob.mx\/index.php?rest_route=%2Fwp%2Fv2%2Fcategories&post=49548"},{"taxonomy":"post_tag","embeddable":true,"href":"https:\/\/cuernavaca.gob.mx\/index.php?rest_route=%2Fwp%2Fv2%2Ftags&post=49548"}],"curies":[{"name":"wp","href":"https:\/\/api.w.org\/{rel}","templated":true}]}}